{"id":458011,"date":"2025-10-12T18:16:11","date_gmt":"2025-10-12T18:16:11","guid":{"rendered":"https:\/\/www.europesays.com\/fr\/458011\/"},"modified":"2025-10-12T18:16:11","modified_gmt":"2025-10-12T18:16:11","slug":"les-filles-avaient-envie-de-bien-faire-peut-etre-trop-les-beziers-angels-ont-chute-dentree-pour-leur-premier-match-de-la-saison","status":"publish","type":"post","link":"https:\/\/www.europesays.com\/fr\/458011\/","title":{"rendered":"\u00ab\u00a0Les filles avaient envie de bien faire, peut-\u00eatre trop\u00a0\u00bb\u00a0: les B\u00e9ziers Angels ont chut\u00e9 d\u2019entr\u00e9e pour leur premier match de la saison"},"content":{"rendered":"<p>\n                                                                Invaincues en pr\u00e9paration, les Biterroises ont enregistr\u00e9 une lourde d\u00e9faite (3-0) pour leur entr\u00e9e en Ligue A f\u00e9minine, ce samedi 11\u00a0octobre. Un revers frustrant mais riche d\u2019enseignements.\n                            <\/p>\n<p><a href=\"https:\/\/www.midilibre.fr\/sport\/volley-ball\/beziers-angels\/\" target=\"_blank\" rel=\"nofollow noopener\">Les<strong> B\u00e9ziers Angels<\/strong> <\/a>ont connu un d\u00e9but de championnat difficile, samedi soir, sur le parquet de Nancy-Vand\u0153uvre, battues 3-0 (25-17, 26-24, 25-23) pour <a href=\"https:\/\/www.lnv.fr\/competitions\/ligue-a-feminine\" target=\"_blank\" rel=\"nofollow noopener\">la premi\u00e8re journ\u00e9e de Ligue A f\u00e9minine.<\/a> Une d\u00e9ception pour un collectif rest\u00e9 invaincu tout au long de sa pr\u00e9paration estivale.<\/p>\n<p>\u00ab\u00a0On s\u2019attendait \u00e0 un match compliqu\u00e9 l\u00e0-bas, c\u2019est une \u00e9quipe qui s\u2019est tr\u00e8s bien renforc\u00e9e cette ann\u00e9e, explique Fabien Simondet, entra\u00eeneur des Angels. On n\u2019a pas vraiment jou\u00e9 notre jeu. Il y avait de la tension, un peu de stress du premier match. On n\u2019a pas retrouv\u00e9 le niveau affich\u00e9 lors des amicaux.\u00a0\u00bb<\/p>\n<p>Si le premier set a rapidement tourn\u00e9 \u00e0 l\u2019avantage des Lorraines, les deux suivants ont offert plus de suspense. \u00ab\u00a0Sur le deuxi\u00e8me et le troisi\u00e8me, on perd 26-24 et 25-23. On a des opportunit\u00e9s, mais on fait des fautes b\u00eates au mauvais moment\u00a0\u00bb, regrette le coach biterrois, qui pointe aussi un probl\u00e8me r\u00e9current\u00a0: \u00ab\u00a0On d\u00e9marre mal les sets. On court apr\u00e8s le score, on revient \u00e0 12-12 ou 13-13, mais quand on part trop lentement, on ne se met pas en confiance.\u00a0\u00bb<\/p>\n<p>L\u2019IFVB au palais des sports vendredi prochain<\/p>\n<p>Jeune et encore en construction, le groupe biterrois doit apprendre \u00e0 se lib\u00e9rer. \u00ab\u00a0Les filles avaient envie de bien faire, peut-\u00eatre trop. Il y avait un peu trop d\u2019envie et de stress \u00e0 la fois\u00a0\u00bb, confie Simondet, qui refuse pourtant tout alarmisme. \u00ab\u00a0Ce n\u2019est que le d\u00e9but d\u2019une histoire. Il y aura des d\u00e9faites et des victoires. C\u2019est \u00e0 la fin que \u00e7a compte.\u00a0\u00bb<\/p>\n<p>Des motifs d\u2019espoir existent d\u00e9j\u00e0. \u00ab\u00a0On n\u2019a pas \u00e9t\u00e9 trop mal en r\u00e9ception et offensivement, toutes les attaquantes peuvent \u00eatre performantes. Il faut juste qu\u2019on soit un peu plus propres dans la distribution\u00a0\u00bb, note le technicien.<\/p>\n<p>Les Angels tenteront de rebondir vendredi prochain \u00e0 19\u00a0h au palais des sports B\u00e9ziers- M\u00e9diterran\u00e9e, face \u00e0 l\u2019IFVB. \u00ab\u00a0Toute victoire apporte de la confiance. \u00c0 nous d\u2019aller la chercher pour enclencher la dynamique\u00a0\u00bb, conclut Simondet.<\/p>\n","protected":false},"excerpt":{"rendered":"Invaincues en pr\u00e9paration, les Biterroises ont enregistr\u00e9 une lourde d\u00e9faite (3-0) pour leur entr\u00e9e en Ligue A f\u00e9minine,&hellip;\n","protected":false},"author":2,"featured_media":458012,"comment_status":"","ping_status":"","sticky":false,"template":"","format":"standard","meta":{"footnotes":""},"categories":[1417],"tags":[1011,27,60,1470,1469],"class_list":{"0":"post-458011","1":"post","2":"type-post","3":"status-publish","4":"format-standard","5":"has-post-thumbnail","7":"category-volley","8":"tag-fr","9":"tag-france","10":"tag-sports","11":"tag-volley","12":"tag-volleyball"},"share_on_mastodon":{"url":"https:\/\/pubeurope.com\/@fr\/115362567544064576","error":""},"_links":{"self":[{"href":"https:\/\/www.europesays.com\/fr\/wp-json\/wp\/v2\/posts\/458011","targetHints":{"allow":["GET"]}}],"collection":[{"href":"https:\/\/www.europesays.com\/fr\/wp-json\/wp\/v2\/posts"}],"about":[{"href":"https:\/\/www.europesays.com\/fr\/wp-json\/wp\/v2\/types\/post"}],"author":[{"embeddable":true,"href":"https:\/\/www.europesays.com\/fr\/wp-json\/wp\/v2\/users\/2"}],"replies":[{"embeddable":true,"href":"https:\/\/www.europesays.com\/fr\/wp-json\/wp\/v2\/comments?post=458011"}],"version-history":[{"count":0,"href":"https:\/\/www.europesays.com\/fr\/wp-json\/wp\/v2\/posts\/458011\/revisions"}],"wp:featuredmedia":[{"embeddable":true,"href":"https:\/\/www.europesays.com\/fr\/wp-json\/wp\/v2\/media\/458012"}],"wp:attachment":[{"href":"https:\/\/www.europesays.com\/fr\/wp-json\/wp\/v2\/media?parent=458011"}],"wp:term":[{"taxonomy":"category","embeddable":true,"href":"https:\/\/www.europesays.com\/fr\/wp-json\/wp\/v2\/categories?post=458011"},{"taxonomy":"post_tag","embeddable":true,"href":"https:\/\/www.europesays.com\/fr\/wp-json\/wp\/v2\/tags?post=458011"}],"curies":[{"name":"wp","href":"https:\/\/api.w.org\/{rel}","templated":true}]}}