{"id":458021,"date":"2025-10-12T18:22:16","date_gmt":"2025-10-12T18:22:16","guid":{"rendered":"https:\/\/www.europesays.com\/fr\/458021\/"},"modified":"2025-10-12T18:22:16","modified_gmt":"2025-10-12T18:22:16","slug":"cyclo-cross-de-vouille-classements-actualite","status":"publish","type":"post","link":"https:\/\/www.europesays.com\/fr\/458021\/","title":{"rendered":"Cyclo-cross de Vouill\u00e9 : Classements &#8211; Actualit\u00e9"},"content":{"rendered":"<p class=\"pf0\" style=\"text-align: justify;\">Joan Dupuy (P.Saint-Florent Niort) a remport\u00e9, ce dimanche, le 6e cyclo-cross de Vouill\u00e9 (Vienne), organis\u00e9 par le Cycle Poitevin. Il a devanc\u00e9 Matte\u00ef Cacault (A.PO.G\u00c9 Cycliste) et Emilien Deborde (UV Poitiers).<br \/>Joan Dupuy succ\u00e8de \u00e0 Cl\u00e9ment Dubois (UC Cholet 49) au palmar\u00e8s.<\/p>\n<p><strong>Classements :<\/strong><br \/><strong>S\u00e9niors et U23<\/strong><br \/>1. DUPUY Joan PSF NIORT Open 1 en 51&rsquo;23\u00a0\u00bb<br \/>2. CACAULT Matt\u00e9\u00ef A.PO.GE Open 1 51:23<br \/>3. DEBORDE Emilien UV POITIERS Open 3 52:09<br \/>4. HAY Bastien C POITEVIN Open 3 52:30<br \/>5. CRON Eli UAL ROCHEFOUCAULD Open 1 52:50<br \/>6. BUREAU Cl\u00e9ment TC CH\u00c2TEAU OLONNE Access 1 53:21<br \/>7. BOISSONNOT Lucas UV ANG\u00c9RIENNE Open 2 53:25<br \/>8. CHAMPION Corentin XC 63 Open 1 53:57<br \/>9. BIELOFF Mathieu V\u00c9LO SAUVAGE POITEVIN Access 1 54:10<br \/>10. GABORIT Sullivan USSP CORPS Access 1 54:41<br \/>11. NAULEAU Maxence TEAM U LH Open 1 54:50<br \/>12. BOUTET Joran UAL ROCHEFOUCAULD Open 3 55:24<br \/>13. RAMBEAU J\u00e9r\u00e9mie CO COURONNAIS Open 3 55:41<br \/>14. DANTON Victor UV POITIERS Open 1 55:52<br \/>15. TROCHON Christophe C POITEVIN Access 3 56:05<br \/>16. MORICHON Ana\u00efs TEAM GUEVEL ROADBORN Elite 56:27<br \/>17. MIGEON Sacha VAL DE S\u00c8VRE CYCLISME Access 1 57:35<br \/>18. DELBARRE RIVIERE Leo TEAM U LH Open 2 1 tour<br \/>19. MELER Bastien ROCHECHOUART OCC Access 1 1 tour<br \/>20. BERITAULT j\u00e9r\u00e9my VC THOUARS Access 2 1 tour<br \/>21. RAIMOND Fran\u00e7ois UV POITIERS Access 3 1 tour<br \/>22. BAILLY Victor V\u00c9LO SAUVAGE POITEVIN Access 1 1 tour<br \/>23. BARRITAULT David V\u00c9LO SAUVAGE POITEVIN Access 2 1 tour<br \/>24. BRICOUT Cyprien VAL DE S\u00c8VRE CYCLISME Access 1 1 tour<br \/>25. CRON St\u00e9phane JPC LUSSAC Access 3 1 tour<br \/>26. MAGNANT Christian CO COURONNAIS Access 4 1 tour<br \/>27. DEBORDE Damien UV POITIERS Access 4 1 tour<br \/>28. MANOUVRIER Pierre Louis CYCLO-CROSS UNITED Access 2 1 tour<br \/>29. BRAULT R\u00e9mi C POITEVIN Access 2 1 tour<br \/>30. GUILLON Jean Luc JPC LUSSAC Access 4 1 tour<br \/>31. PEROCHON Maxime V\u00c9LO SAUVAGE POITEVIN Access 1 1 tour<br \/>32. BOUTET J\u00e9r\u00f4me UV DESCARTES Access 4 1 tour<br \/>33. THOUMELIN Philippe CREUSE OXYG\u00c8NE Access 2 2 tours<br \/>34. MARTON Romuald CA CIVRAY Access 3 2 tours<br \/>35. GUERITAULT Damien V NAINTR\u00c9 Access 3 2 tours<br \/>36. FONTENY Alain JPC LUSSAC Access 4 2 tours<br \/>37. HUCHET Micka\u00ebl UCC VIVONNE Access 3 2 tours<br \/>38. ROLAND benjamin VC CH\u00c2TILLONNAIS Open 1 2 tours<br \/>39. BRISSON Quentin US CHAUVIGNY C Access 2 2 tours<br \/>40. COTTET Christophe TEAM CYCLING ENDURANCE Access 4 3 tours<\/p>\n<p><strong>U19<\/strong> <br \/>1. DEBENNE Matis A.PO.GE U19-2 en 41&rsquo;38\u00a0\u00bb<br \/>2. CHAVANEL Maxence CERCLE NOUVELLE AQUITAINE U19-2 41:59<br \/>3. GASCHET Jules C POITEVIN U19-2 42:15<br \/>4. CHEVALIER BAILLOU Pierre TEAM U LH U19-2 42:41<br \/>5. GARNIER Nolann V NAINTR\u00c9 U19-2 43:53<br \/>6. CHAVANEL Cl\u00e9ment CREUSE OXYG\u00c8NE U19-2 44:10<br \/>7. LABROUSSE Lucas VC SAINTAIS U19-1 44:10<br \/>8. PAULE Amaury VC SAINTAIS U19-1 45:35<br \/>9. TRANCHANT Noa AC CH\u00c2TELLERAULT U19-2 1 tour<br \/>10. COG\u00c9 Loan AC NIEUL LES SAINTES U19-1 1 tour<\/p>\n<p><strong>F\u00e9minines<\/strong> <br \/>1. JURADO ROUMIEUX No\u00e9mie VC SAINTAIS F U19-1 en 45&rsquo;59\u00a0\u00bb<br \/>2. AUBRY Cassie UV POITIERS F Acc 3 46:02<br \/>3. AURIAULT Jade CREUSE OXYG\u00c8NE F Acc 3 47:25<br \/>4. TOUCHARD Eloane V NAINTR\u00c9 F U19-2 1 tour<br \/>5. RAIMOND Juline UV POITIERS F U19-1 1 tour<\/p>\n<p><strong>U17<\/strong> <br \/>1. LALLOUET Arthur EC AMBAZAC U17-2 en 31&rsquo;40\u00a0\u00bb<br \/>2. CHAVANEL Hugo AC CH\u00c2TELLERAULT U17-1 32:23<br \/>3. FERRON Tom UV POITIERS U17-2 33:23<br \/>4. BOYER R\u00e9mi UV POITIERS U17-2 33:49<br \/>5. THIERY C\u00e9lian TEAM EVASION NATURE U17-2 34:10<br \/>6. DELBARRE Ana\u00efs EC AMBAZAC F U17-1 34:54<br \/>7. LALLOUET jean EC AMBAZAC U17-1 35:02<br \/>8. BERGERON Tom TEAM EVASION NATURE U17-1 35:30<br \/>9. SACHOT Cl\u00e9ment UV POITIERS U17-2 36:07<br \/>10. RAIMOND Rose UV POITIERS F U17-1 38:23<br \/>11. PROVOST Nino C POITEVIN U17-1 1 tour<br \/>12. BIGEU Yanis UCC VIVONNE U17-1 1 tour<\/p>\n<p><strong>U15<\/strong> <br \/>1. RUSSEIL Merlin UV POITIERS U15-2 en 18&rsquo;42\u00a0\u00bb<br \/>2. DEL\u00c9TANG Josselin V NAINTR\u00c9 U15-2 19:19<br \/>3. VERGER Tilio VC SAINTAIS U15-2 19:33<br \/>4. JOUANAUD Nolan GUIDON MANSLOIS U15-1 19:58<br \/>5. CHABAUD Stanislas V NAINTR\u00c9 U15-1 21:23<br \/>6. GUERITAULT Emy V NAINTR\u00c9 F U15-1 22:43<br \/>7. HUCHET BERTREL Axel UCC VIVONNE U15-2 23:10<br \/>8. NGUYEN DAME Gu\u00e9na\u00ebl AC CH\u00c2TELLERAULT U15-1 23:30<br \/>9. MURILLO Aliz\u00e9e UV POITIERS F U15-2 23:34<br \/>10. LALLOUET Madal\u00e8ne EC AMBAZAC F U15-1 1 tour<br \/>11. TELLIER Augustin C POITEVIN U15-2 1 tour<\/p>\n<p><strong>U13<\/strong> <br \/>1. GUILLOT CAZOT Robin GUIDON MANSLOIS U13-2 en 12&rsquo;20\u00a0\u00bb<br \/>2. PROVOST Simon UCC VIVONNE U13-2 12:25<br \/>3. MURILLO Matt\u00e9o UV POITIERS U13-2 12:43<br \/>4. LECLERC Nathan UV POITIERS U13-2 12:57<br \/>5. TARDY Pierre Lou GUIDON MANSLOIS U13-2 13:20<br \/>6. ROSELE Robin UV POITIERS U13-2 13:26<br \/>7. DUBOIS Paul VS CANTON BEAUVOIR U13-1 14:02<br \/>8. DESACHE Jules SV LOCHOISE U13-2 14:02<br \/>9. LAPOUGE Titouan EVCC BERGERAC U13-1 14:30<br \/>10. CHARLES Paul GUIDON MANSLOIS U13-2 14:43<br \/>11. NGUYEN DAME Cl\u00e9mentine AC CH\u00c2TELLERAULT F U13-1 14:44<br \/>12. MARTON T\u00e9a JPC LUSSAC F U13-1 14:59<br \/>13. DEPLANNE Jules BRESSUIRE AC U13-2 15:03<br \/>14. TELLIER Alfred C POITEVIN U13-2 15:03<br \/>15. PELAUD Ewen VS CANTON BEAUVOIR U13-2 15:05<br \/>16. BROUSSE L\u00e9on UV POITIERS U13-2 15:32<br \/>17. IMBERT ANDRAULT Nolhan UV POITIERS U13-2 15:40<br \/>18. LEBEAU Oscar UV POITIERS U13-2 16:23<br \/>19. PARATTE PROST Aymerick GUIDON MANSLOIS U13-1 16:38<br \/>20. STARCEVIC Milann GUIDON MANSLOIS U13-1 16:57<br \/>21. FERRON Gabriel UV DESCARTES U13-1 17:31<br \/>22. HAIRAULT Ana\u00e9 UV POITIERS F U13-1 1 tour<br \/>23. GUIMPIER Yannis C POITEVIN U13-2 1 tour<\/p>\n<p><strong>U11<\/strong> <br \/>1. LAROCHE ZANNI Nohan TEAM EVASION NATURE U11-2 en 9&rsquo;12\u00a0\u00bb<br \/>2. REECE Ilyam C POITEVIN U11-2 09:25<br \/>3. LABARDE Titouan GUIDON MANSLOIS U11-1 10:13<br \/>4. RIBARDIERE Noam UV POITIERS U11-2 10:34<br \/>5. DUBOIS Bastien VS CANTON BEAUVOIR U11-1 11:12<br \/>6. PELAUD Enzo VS CANTON BEAUVOIR U11-1 11:24<br \/>7. HAY Thibault C POITEVIN U11-1 11:29<br \/>8. MARCH\u00c9 Hugo UCC VIVONNE U11-1 11:29<br \/>9. FILS William C POITEVIN U11-1 13:48<br \/>10. DEPLANNE Marin BRESSUIRE AC U11-1 14:02<br \/>11. LAGEON Louis C POITEVIN U11-1 14:18<br \/>12. PROVOST Lili C POITEVIN F U11-1 15:07<\/p>\n<p><strong>U9<\/strong> <br \/>1. DE LESTAPIS AUROUX Maxime C POITEVIN U9-2 en 6&rsquo;19\u00a0\u00bb<br \/>2. SOROURI Shady C POITEVIN U9-2 06:58<br \/>3. PHELIPPONNEAU MA\u00ceTRE Sacha V NAINTR\u00c9 U9-1 08:13<\/p>\n<p>Remerciements \u00e0 Manu Legros, Cycle Poitevin.<\/p>\n","protected":false},"excerpt":{"rendered":"Joan Dupuy (P.Saint-Florent Niort) a remport\u00e9, ce dimanche, le 6e cyclo-cross de Vouill\u00e9 (Vienne), organis\u00e9 par le Cycle&hellip;\n","protected":false},"author":2,"featured_media":458022,"comment_status":"","ping_status":"","sticky":false,"template":"","format":"standard","meta":{"footnotes":""},"categories":[1411],"tags":[834,828,836,829,837,827,83,826,824,823,1154,207,814,817,815,816,822,821,832,211,839,1011,27,820,818,819,835,831,830,833,838,60,212,208,825],"class_list":{"0":"post-458021","1":"post","2":"type-post","3":"status-publish","4":"format-standard","5":"has-post-thumbnail","7":"category-cyclisme","8":"tag-attaque","9":"tag-belgique","10":"tag-braquet","11":"tag-bretagne","12":"tag-chute","13":"tag-competition","14":"tag-coupe-de-france","15":"tag-coureur","16":"tag-course-cyclisme","17":"tag-course-cycliste","18":"tag-cycling","19":"tag-cyclisme","20":"tag-direct","21":"tag-direct-velo","22":"tag-directvelo","23":"tag-directvelo-com","24":"tag-epreuve","25":"tag-epreuve-cycliste","26":"tag-federation-francaise-de-cyclisme","27":"tag-ffc","28":"tag-flandres","29":"tag-fr","30":"tag-france","31":"tag-live","32":"tag-live-course","33":"tag-live-epreuve","34":"tag-peloton","35":"tag-radio-peloton","36":"tag-radio-tour","37":"tag-ravitaillement","38":"tag-relance","39":"tag-sports","40":"tag-uci","41":"tag-velo","42":"tag-velos"},"share_on_mastodon":{"url":"https:\/\/pubeurope.com\/@fr\/115362591192758652","error":""},"_links":{"self":[{"href":"https:\/\/www.europesays.com\/fr\/wp-json\/wp\/v2\/posts\/458021","targetHints":{"allow":["GET"]}}],"collection":[{"href":"https:\/\/www.europesays.com\/fr\/wp-json\/wp\/v2\/posts"}],"about":[{"href":"https:\/\/www.europesays.com\/fr\/wp-json\/wp\/v2\/types\/post"}],"author":[{"embeddable":true,"href":"https:\/\/www.europesays.com\/fr\/wp-json\/wp\/v2\/users\/2"}],"replies":[{"embeddable":true,"href":"https:\/\/www.europesays.com\/fr\/wp-json\/wp\/v2\/comments?post=458021"}],"version-history":[{"count":0,"href":"https:\/\/www.europesays.com\/fr\/wp-json\/wp\/v2\/posts\/458021\/revisions"}],"wp:featuredmedia":[{"embeddable":true,"href":"https:\/\/www.europesays.com\/fr\/wp-json\/wp\/v2\/media\/458022"}],"wp:attachment":[{"href":"https:\/\/www.europesays.com\/fr\/wp-json\/wp\/v2\/media?parent=458021"}],"wp:term":[{"taxonomy":"category","embeddable":true,"href":"https:\/\/www.europesays.com\/fr\/wp-json\/wp\/v2\/categories?post=458021"},{"taxonomy":"post_tag","embeddable":true,"href":"https:\/\/www.europesays.com\/fr\/wp-json\/wp\/v2\/tags?post=458021"}],"curies":[{"name":"wp","href":"https:\/\/api.w.org\/{rel}","templated":true}]}}