{"id":458040,"date":"2025-10-12T18:32:11","date_gmt":"2025-10-12T18:32:11","guid":{"rendered":"https:\/\/www.europesays.com\/fr\/458040\/"},"modified":"2025-10-12T18:32:11","modified_gmt":"2025-10-12T18:32:11","slug":"andre-manoukian-devoile-comment-il-est-tombe-amoureux-de-liane-foly","status":"publish","type":"post","link":"https:\/\/www.europesays.com\/fr\/458040\/","title":{"rendered":"Andr\u00e9 Manoukian d\u00e9voile comment il est tomb\u00e9 amoureux de Liane Foly"},"content":{"rendered":"<p>    Andr\u00e9 Manoukian dans \u00abUn dimanche \u00e0 la campagne\u00bb<br \/>\n                Capture d&rsquo;\u00e9cran<\/p>\n<p>\n    Le musicien, connu du grand public entre autres pour avoir \u00e9t\u00e9 jury de l\u2019\u00e9mission \u00abNouvelle Star\u00bb, \u00e9tait l\u2019invit\u00e9 de Fr\u00e9d\u00e9ric Lopez ce 12 octobre dans \u00abUn dimanche \u00e0 la campagne\u00bb sur France 2.<\/p>\n<p class=\"fig-paragraph\">La musique comme ligne de vie.\u00a0<a href=\"http:\/\/tvmag.lefigaro.fr\/programme-tv\/actu-tele\/instant-magique-dans-le-live-d-andre-manoukian-20250919\" target=\"_blank\" data-fig-type=\"Article\" rel=\"noopener nofollow\" data-gtm-custom-categorie=\"navigation\" data-gtm-custom-action=\"crossclick\" data-gtm-custom-label=\"Contextuel\" data-gtm-event=\"customEventSPE\" data-fig-domain=\"TVMAG\">Andr\u00e9 Manoukian<\/a>\u00a0\u00e9tait l\u2019invit\u00e9 de l\u2019\u00e9mission \u00abUn dimanche \u00e0 la campagne\u00bb aux c\u00f4t\u00e9s d\u2019<a href=\"http:\/\/tvmag.lefigaro.fr\/programme-tv\/actu-tele\/je-ne-veux-pas-que-ca-me-definisse-ary-abittan-sort-du-silence-apres-avoir-ete-accuse-de-viol-20250225\" target=\"_blank\" data-fig-type=\"Article\" rel=\"noopener nofollow\" data-gtm-custom-categorie=\"navigation\" data-gtm-custom-action=\"crossclick\" data-gtm-custom-label=\"Contextuel\" data-gtm-event=\"customEventSPE\" data-fig-domain=\"TVMAG\">Ary Abittan<\/a>\u00a0et\u00a0<a href=\"http:\/\/madame.lefigaro.fr\/celebrites\/culture\/les-secrets-de-raphaelle-giordano-l-auteure-feel-good-la-plus-vendue-de-france-20240726\" data-fig-type=\"Article\" data-gtm-custom-categorie=\"navigation\" data-gtm-custom-action=\"crossclick\" data-gtm-custom-label=\"Contextuel\" data-gtm-event=\"customEventSPE\" data-fig-domain=\"MADAME\" rel=\"nofollow noopener\" target=\"_blank\">Rapha\u00eblle Giordano<\/a>\u00a0et est revenu sur son enfance, ses \u00e9tudes de m\u00e9decine, mais \u00e9galement son profond besoin de travailler en lien avec la musique. Apr\u00e8s un passage par Boston aux \u00c9tats-Unis, le musicien finit finalement par \u00eatre contact\u00e9 par l\u2019\u00e9quipe de la chanteuse,\u00a0<a href=\"http:\/\/madame.lefigaro.fr\/celebrites\/actu-people\/l-amour-c-est-la-vie-michele-torr-se-confie-sur-son-histoire-avec-stephane-de-45-ans-son-cadet-20250423\" data-fig-type=\"Article\" data-gtm-custom-categorie=\"navigation\" data-gtm-custom-action=\"crossclick\" data-gtm-custom-label=\"Contextuel\" data-gtm-event=\"customEventSPE\" data-fig-domain=\"MADAME\" rel=\"nofollow noopener\" target=\"_blank\">Mich\u00e8le Torr.<\/a>\u00a0Mais monte finalement son premier groupe.<\/p>\n<p class=\"fig-paragraph\">\u00abApr\u00e8s, gal\u00e8re avec les chanteuses. La premi\u00e8re chanteuse, je suis tomb\u00e9 amoureux d\u2019elle\u00bb, livre Andr\u00e9 Manoukian. \u00abQui\u00a0?\u00bb demande Ary Abittan, livide avant de surench\u00e9rir, suscitant l\u2019hilarit\u00e9 g\u00e9n\u00e9rale\u00a0: \u00abMich\u00e8le Torr\u00a0?\u00bb Apr\u00e8s avoir pr\u00e9cis\u00e9 qu\u2019il ne s\u2019agissait pas de l\u2019interpr\u00e8te de Emm\u00e8ne-moi danser ce soir mais bel et bien de la premi\u00e8re chanteuse de son propre groupe, Andr\u00e9 Manoukian explique la pens\u00e9e qui l\u2019habitait \u00e0 l\u2019\u00e9poque.\u00a0<\/p>\n<p class=\"fig-body-link\">\n            \u00c0 lire aussi<br \/>\n        <a class=\"fig-body-link__link\" href=\"http:\/\/tvmag.lefigaro.fr\/programme-tv\/people\/mon-psy-a-qualifie-ma-relation-avec-liane-foly-de-morbide-les-nouvelles-revelations-d-andre-manoukian-20251009\" target=\"_blank\" data-fig-type=\"Article\" rel=\"noopener nofollow\" data-gtm-custom-categorie=\"navigation\" data-gtm-custom-action=\"crossclick\" data-gtm-custom-label=\"Contextuel\" data-gtm-event=\"customEventSPE\" data-fig-domain=\"TVMAG\">\u00abMon psy a qualifi\u00e9 ma relation avec Liane Foly de morbide\u00bb\u00a0: les nouvelles r\u00e9v\u00e9lations d\u2019Andr\u00e9 Manoukian<br \/>\n    <\/a>\n<\/p>\n<p>                                    <a class=\"fig-a11y-skip a11y-hidden\" href=\"#fig-a11y-skip-main-inarticle\"><br \/>\n        Passer la publicit\u00e9<br \/>\n    <\/a><\/p>\n<p class=\"fig-paragraph\">\u00abJe pensais que pour \u00e9crire comme il faut pour une chanteuse, il fallait tomber amoureux fou d\u2019elle. Tout quitter et tout lui donner. C\u2019est comme \u00e7a que j\u2019ai fonctionn\u00e9 pendant longtemps. Jusqu\u2019\u00e0 la cinqui\u00e8me\u00bb, confie Andr\u00e9 Manoukian. Un chiffre qui a suscit\u00e9 la stup\u00e9faction des autres invit\u00e9s, en particulier d\u2019Ary Abittan. \u00abLa cinqui\u00e8me\u00a0? Ah, il y a eu beaucoup de&#8230; chanteuses\u00bb, a lanc\u00e9 l\u2019humoriste, incitant le musicien a dress\u00e9 une liste.<\/p>\n<p class=\"fig-paragraph\">\u00abJusqu\u2019au jour o\u00f9 je suis tomb\u00e9 sur une chanteuse qui chantait dans un bal\u00a0? J\u2019y suis all\u00e9, j\u2019ai fait 500 bornes aller-retour pour l\u2019\u00e9couter. Liane Foly arrive et l\u00e0 bam\u00a0! Une voix incroyable\u00bb, s\u2019est-il souvenu en ajoutant\u00a0: \u00abCette fois-ci j\u2019ai quitt\u00e9 femme et enfants pour elle. [&#8230;] C\u2019\u00e9tait une forme d\u2019id\u00e9al en r\u00e9alit\u00e9. Du coup tu payes cher quand \u00e7a se finit parce que d\u2019un coup il y a une seule personne qui incarne ton amour, ta musique et &#8211; comme \u00e7a va marcher &#8211; ta r\u00e9ussite professionnelle.\u00bb C\u2019est Liane Foly a finalement d\u00e9cid\u00e9 de mettre un terme \u00e0 leur histoire apr\u00e8s 11 ann\u00e9es de vie commune. \u00abPour elle, \u00e0 un moment donn\u00e9, \u00e7a devenait pesant\u00bb, a-t-il justifi\u00e9 alors que l\u2019int\u00e9ress\u00e9e affirmait r\u00e9cemment avoir voulu se marier avec son amour de l\u2019\u00e9poque.<\/p>\n","protected":false},"excerpt":{"rendered":"Andr\u00e9 Manoukian dans \u00abUn dimanche \u00e0 la campagne\u00bb Capture d&rsquo;\u00e9cran Le musicien, connu du grand public entre autres&hellip;\n","protected":false},"author":2,"featured_media":458041,"comment_status":"","ping_status":"","sticky":false,"template":"","format":"standard","meta":{"footnotes":""},"categories":[8],"tags":[58,59,1011,27,594,9481],"class_list":{"0":"post-458040","1":"post","2":"type-post","3":"status-publish","4":"format-standard","5":"has-post-thumbnail","7":"category-divertissement","8":"tag-divertissement","9":"tag-entertainment","10":"tag-fr","11":"tag-france","12":"tag-france-2","13":"tag-frederic-lopez"},"share_on_mastodon":{"url":"https:\/\/pubeurope.com\/@fr\/115362630509489838","error":""},"_links":{"self":[{"href":"https:\/\/www.europesays.com\/fr\/wp-json\/wp\/v2\/posts\/458040","targetHints":{"allow":["GET"]}}],"collection":[{"href":"https:\/\/www.europesays.com\/fr\/wp-json\/wp\/v2\/posts"}],"about":[{"href":"https:\/\/www.europesays.com\/fr\/wp-json\/wp\/v2\/types\/post"}],"author":[{"embeddable":true,"href":"https:\/\/www.europesays.com\/fr\/wp-json\/wp\/v2\/users\/2"}],"replies":[{"embeddable":true,"href":"https:\/\/www.europesays.com\/fr\/wp-json\/wp\/v2\/comments?post=458040"}],"version-history":[{"count":0,"href":"https:\/\/www.europesays.com\/fr\/wp-json\/wp\/v2\/posts\/458040\/revisions"}],"wp:featuredmedia":[{"embeddable":true,"href":"https:\/\/www.europesays.com\/fr\/wp-json\/wp\/v2\/media\/458041"}],"wp:attachment":[{"href":"https:\/\/www.europesays.com\/fr\/wp-json\/wp\/v2\/media?parent=458040"}],"wp:term":[{"taxonomy":"category","embeddable":true,"href":"https:\/\/www.europesays.com\/fr\/wp-json\/wp\/v2\/categories?post=458040"},{"taxonomy":"post_tag","embeddable":true,"href":"https:\/\/www.europesays.com\/fr\/wp-json\/wp\/v2\/tags?post=458040"}],"curies":[{"name":"wp","href":"https:\/\/api.w.org\/{rel}","templated":true}]}}