{"id":458054,"date":"2025-10-12T18:39:22","date_gmt":"2025-10-12T18:39:22","guid":{"rendered":"https:\/\/www.europesays.com\/fr\/458054\/"},"modified":"2025-10-12T18:39:22","modified_gmt":"2025-10-12T18:39:22","slug":"les-verts-prennent-le-meilleur-face-au-cavigal","status":"publish","type":"post","link":"https:\/\/www.europesays.com\/fr\/458054\/","title":{"rendered":"Les Verts prennent le meilleur face au Cavigal"},"content":{"rendered":"<p>Apr\u00e8s avoir glan\u00e9 le point du match nul chez le leader mon\u00e9gasque le week-end dernier en U19 National, le groupe Formation re\u00e7oit la s\u00e9rieuse formation du Cavigal Nice ce dimanche au stade Aim\u00e9-Jacquet.<\/p>\n<p>Les prot\u00e9g\u00e9s de Fr\u00e9d\u00e9ric Dugand prennent le jeu \u00e0 leur compte, mais les situations que se procurent dans les 25 premi\u00e8res minutes Milan Toty ou encore Noham Aini sont trop timides, et souvent contr\u00e9es avant m\u00eame de pouvoir inqui\u00e9ter le portier adverse. \u00c0 la demi-heure de jeu, les visiteurs se cr\u00e9ent leur plus s\u00e9rieuse occasion du premier acte, stopp\u00e9e par Mateo Houngbo Civier puis El Fayed Mnemoi. En r\u00e9ponse quelques instants plus tard, Mylan Toty tente une frappe enroul\u00e9e maline qui n\u2019attrape pas le cadre, Maxence Tatuzska oblige, lui, le gardien adverse \u00e0 une belle parade (36e), Nathan Kasia voit sa t\u00eate sur corner \u00e9chouer sur la barre (37e) et Mylan Toty, encore, voit son petit ballon piqu\u00e9 en 1 contre 1 passer de peu hors du cadre (38e). Le score nul et vierge \u00e0 la pause est plut\u00f4t flatteur pour les visiteurs.<\/p>\n<p>En seconde p\u00e9riode, Mateo Houngbo Civier signe deux grosses parades \u00e0 l\u2019heure de jeu, avant de voir ses co\u00e9quipiers repartir de l\u2019avant et user la d\u00e9fense adverse. Nathan Kasia croit ouvrir le score de la t\u00eate sur corner mais son but est refus\u00e9 pour une faute pr\u00e9alable (70e). Quelques instants plus tard, Mylan Toty oublie Daniel Epanya, fraichement entr\u00e9 en jeu et id\u00e9alement plac\u00e9, et voit sa tentative en contre fuir le cadre (73e). Il en est de m\u00eame pour une \u00e9norme situation adverse que l\u2019attaquant ne cadre, fort heureusement, pas (75e). Nathan Kasia sera lui plus heureux sur un nouveau corner tir\u00e9 par Mylan Toty et une t\u00eate qui, cette fois, fait mouche <strong>(1-0, 80e)<\/strong>. Si Melvin Bijot perd ensuite un duel face au portier adverse, les Verts enregistrent bien un succ\u00e8s, sur la plus petite des marges, mais largement m\u00e9rit\u00e9\u00a0!<\/p>\n<p>La r\u00e9action du coach<\/p>\n<p>\u00ab\u00a0C\u2019est une victoire m\u00e9rit\u00e9e sur l\u2019ensemble du match, se satisfait Fr\u00e9d\u00e9ric Dugand.\u00a0J\u2019ai bien aim\u00e9 que mon \u00e9quipe ait \u00e9t\u00e9 patiente, face \u00e0 un bloc bas. On a \u00e9t\u00e9 m\u00e9thodique, sans pr\u00e9cipitation, m\u00eame dans la construction de la victoire. Le risque \u00e9tait de prendre des transitions, mais on les a plut\u00f4t bien n\u00e9goci\u00e9es. C\u2019est un match coh\u00e9rent, avec du jeu vers l\u2019avant. La petite frustration r\u00e9side dans le fait qu\u2019il faut qu\u2019on soit plus tranchant, on loupe deux face \u00e0 face, on aurait pu se rendre le match plus simple.\u00a0\u00bb<\/p>\n<p>La fiche technique<\/p>\n<p><strong>ASSE 1-0 Cavigal Nice<br \/>Ce dimanche 12 octobre, 8\u00e8me journ\u00e9e d\u2019U19 National.<br \/>Mi-temps : 0-0<br \/>But :<\/strong> Kasia (70e) pour l\u2019ASSE<\/p>\n<p><strong>ASSE :\u00a0<\/strong>Houngbo &#8211; Teillol, Mnemoi, Kasia, Lengue \u2013 Mouton, Tatuszka (puis Charros, 72e), Traor\u00e9, Toty, Aini (puis Bijot, 62e), Konte (puis Epanya, 72e). Entra\u00eeneur : Fr\u00e9d\u00e9ric Dugand.<\/p>\n","protected":false},"excerpt":{"rendered":"Apr\u00e8s avoir glan\u00e9 le point du match nul chez le leader mon\u00e9gasque le week-end dernier en U19 National,&hellip;\n","protected":false},"author":2,"featured_media":458055,"comment_status":"","ping_status":"","sticky":false,"template":"","format":"standard","meta":{"footnotes":""},"categories":[9653],"tags":[1111,11,2430,1777,674,1011,27,12,25,4001],"class_list":{"0":"post-458054","1":"post","2":"type-post","3":"status-publish","4":"format-standard","5":"has-post-thumbnail","7":"category-saint-etienne","8":"tag-actu","9":"tag-actualites","10":"tag-auvergne-rhone-alpes","11":"tag-eu","12":"tag-europe","13":"tag-fr","14":"tag-france","15":"tag-news","16":"tag-republique-francaise","17":"tag-saint-etienne"},"share_on_mastodon":{"url":"https:\/\/pubeurope.com\/@fr\/115362658035149745","error":""},"_links":{"self":[{"href":"https:\/\/www.europesays.com\/fr\/wp-json\/wp\/v2\/posts\/458054","targetHints":{"allow":["GET"]}}],"collection":[{"href":"https:\/\/www.europesays.com\/fr\/wp-json\/wp\/v2\/posts"}],"about":[{"href":"https:\/\/www.europesays.com\/fr\/wp-json\/wp\/v2\/types\/post"}],"author":[{"embeddable":true,"href":"https:\/\/www.europesays.com\/fr\/wp-json\/wp\/v2\/users\/2"}],"replies":[{"embeddable":true,"href":"https:\/\/www.europesays.com\/fr\/wp-json\/wp\/v2\/comments?post=458054"}],"version-history":[{"count":0,"href":"https:\/\/www.europesays.com\/fr\/wp-json\/wp\/v2\/posts\/458054\/revisions"}],"wp:featuredmedia":[{"embeddable":true,"href":"https:\/\/www.europesays.com\/fr\/wp-json\/wp\/v2\/media\/458055"}],"wp:attachment":[{"href":"https:\/\/www.europesays.com\/fr\/wp-json\/wp\/v2\/media?parent=458054"}],"wp:term":[{"taxonomy":"category","embeddable":true,"href":"https:\/\/www.europesays.com\/fr\/wp-json\/wp\/v2\/categories?post=458054"},{"taxonomy":"post_tag","embeddable":true,"href":"https:\/\/www.europesays.com\/fr\/wp-json\/wp\/v2\/tags?post=458054"}],"curies":[{"name":"wp","href":"https:\/\/api.w.org\/{rel}","templated":true}]}}