{"id":458082,"date":"2025-10-12T18:57:28","date_gmt":"2025-10-12T18:57:28","guid":{"rendered":"https:\/\/www.europesays.com\/fr\/458082\/"},"modified":"2025-10-12T18:57:28","modified_gmt":"2025-10-12T18:57:28","slug":"un-couple-en-garde-a-vue-apres-la-mort-de-leur-bebe-un-crime-de-delaissement-suspecte","status":"publish","type":"post","link":"https:\/\/www.europesays.com\/fr\/458082\/","title":{"rendered":"un couple en garde \u00e0 vue apr\u00e8s la mort de leur b\u00e9b\u00e9, un \u00ab crime de d\u00e9laissement suspect\u00e9 \u00bb"},"content":{"rendered":"<p class=\"mb-4 text-lg md:leading-8 break-words\">Un drame secoue la r\u00e9gion de Nantes : un couple \u00e2g\u00e9 de 25 et 19 ans a \u00e9t\u00e9 plac\u00e9 en garde \u00e0 vue apr\u00e8s la mort de leur b\u00e9b\u00e9 de 8 mois, suspect\u00e9s de \u00ab crime de d\u00e9laissement \u00bb. L\u2019enqu\u00eate r\u00e9v\u00e8le <a href=\"https:\/\/www.elle.fr\/Societe\/Interviews\/Enfants-maltraites-Le-deni-de-la-societe-est-toujours-la-3790668#\" rel=\"nofollow noopener\" target=\"_blank\" data-ylk=\"slk:des faits de n\u00e9gligence;elm:context_link;itc:0;sec:content-canvas\" class=\"link \">des faits de n\u00e9gligence<\/a> majeure et des conditions de vie alarmantes pour les autres enfants de la famille.<\/p>\n<p class=\"mb-4 text-lg md:leading-8 break-words\">Ce vendredi 10 octobre, la m\u00e8re s\u2019est pr\u00e9sent\u00e9e aux urgences de Ch\u00e2teaubriant avec son b\u00e9b\u00e9 d\u00e9j\u00e0 d\u00e9c\u00e9d\u00e9 dans les bras. Des examens m\u00e9dicaux ont rapidement mis en \u00e9vidence <a href=\"https:\/\/www.elle.fr\/Societe\/News\/Hopital-un-algorithme-pour-reperer-la-maltraitance-envers-les-enfants-4021651#\" rel=\"nofollow noopener\" target=\"_blank\" data-ylk=\"slk:de nombreuses l\u00e9sions;elm:context_link;itc:0;sec:content-canvas\" class=\"link \">de nombreuses l\u00e9sions<\/a> et ecchymoses sur le corps du nourrisson. D\u00e8s lors, la justice a ouvert une information judiciaire pour \u00ab crime de d\u00e9laissement \u00bb. L\u2019autopsie men\u00e9e le dimanche suivant a confirm\u00e9 une d\u00e9gradation physiologique majeure, ne correspondant pas aux explications des parents, dont les versions \u00e9taient contradictoires.<\/p>\n<p class=\"mb-4 text-lg md:leading-8 break-words\">Lire aussi &gt; <a href=\"https:\/\/www.elle.fr\/Societe\/News\/Violences-faites-aux-enfants-decouvrez-une-nouvelle-campagne-choc-3788757#\" rel=\"nofollow noopener\" target=\"_blank\" data-ylk=\"slk:Violences faites aux enfants : d\u00e9couvrez une nouvelle campagne choc;elm:context_link;itc:0;sec:content-canvas\" class=\"link \">Violences faites aux enfants : d\u00e9couvrez une nouvelle campagne choc<\/a><\/p>\n<p>Une situation familiale dramatique et des suites judiciaires<\/p>\n<p class=\"mb-4 text-lg md:leading-8 break-words\">La perquisition men\u00e9e au domicile familial a permis de d\u00e9couvrir un environnement insalubre, avec la pr\u00e9sence d\u2019animaux fam\u00e9liques et un manque d\u2019hygi\u00e8ne flagrant. Les quatre autres enfants, dont le jumeau du nourrisson, ont \u00e9t\u00e9 plac\u00e9s en urgence, tous pr\u00e9sentant un \u00e9tat physiologique et sanitaire tr\u00e8s pr\u00e9occupant. Selon le parquet, ces enfants vivaient \u00ab depuis de longs mois, si ce n&rsquo;est de longues ann\u00e9es pour les moins jeunes, dans un \u00e9tat de d\u00e9laissement majeur \u00bb. Les parents ont \u00e9t\u00e9 d\u00e9f\u00e9r\u00e9s avec une demande de placement en d\u00e9tention provisoire. Ils sont poursuivis pour \u00ab crime de d\u00e9laissement d\u2019un mineur de 15 ans ayant entra\u00een\u00e9 la mort \u00bb, passible de 30 ans de r\u00e9clusion criminelle, ainsi que pour \u00ab d\u00e9lit de d\u00e9laissement de mineurs de 15 ans \u00bb concernant les autres enfants.<\/p>\n<p class=\"mb-4 text-lg md:leading-8 break-words\">Ce fait divers tragique met une nouvelle fois en lumi\u00e8re la n\u00e9cessit\u00e9 d\u2019une vigilance accrue et d\u2019un engagement social contre la maltraitance et la n\u00e9gligence infantile.<\/p>\n<p class=\"mb-4 text-lg md:leading-8 break-words\"><a href=\"https:\/\/www.elle.fr\/Societe\/News\/Nantes-un-couple-en-garde-a-vue-apres-la-mort-de-leur-bebe-un-crime-de-delaissement-suspecte-4405578\" rel=\"nofollow noopener\" target=\"_blank\" data-ylk=\"slk:Voir l&#039;article original sur ELLE;elm:context_link;itc:0;sec:content-canvas\" class=\"link \">Voir l&rsquo;article original sur ELLE<\/a><\/p>\n","protected":false},"excerpt":{"rendered":"Un drame secoue la r\u00e9gion de Nantes : un couple \u00e2g\u00e9 de 25 et 19 ans a \u00e9t\u00e9&hellip;\n","protected":false},"author":2,"featured_media":458083,"comment_status":"","ping_status":"","sticky":false,"template":"","format":"standard","meta":{"footnotes":""},"categories":[2818],"tags":[1111,11,2793,58316,271,1777,674,1011,27,766,12,2636,25,58317],"class_list":{"0":"post-458082","1":"post","2":"type-post","3":"status-publish","4":"format-standard","5":"has-post-thumbnail","7":"category-nantes","8":"tag-actu","9":"tag-actualites","10":"tag-conditions-de-vie","11":"tag-couple-age","12":"tag-crime","13":"tag-eu","14":"tag-europe","15":"tag-fr","16":"tag-france","17":"tag-nantes","18":"tag-news","19":"tag-pays-de-la-loire","20":"tag-republique-francaise","21":"tag-vue-apres-la-mort"},"share_on_mastodon":{"url":"https:\/\/pubeurope.com\/@fr\/115362728726261749","error":""},"_links":{"self":[{"href":"https:\/\/www.europesays.com\/fr\/wp-json\/wp\/v2\/posts\/458082","targetHints":{"allow":["GET"]}}],"collection":[{"href":"https:\/\/www.europesays.com\/fr\/wp-json\/wp\/v2\/posts"}],"about":[{"href":"https:\/\/www.europesays.com\/fr\/wp-json\/wp\/v2\/types\/post"}],"author":[{"embeddable":true,"href":"https:\/\/www.europesays.com\/fr\/wp-json\/wp\/v2\/users\/2"}],"replies":[{"embeddable":true,"href":"https:\/\/www.europesays.com\/fr\/wp-json\/wp\/v2\/comments?post=458082"}],"version-history":[{"count":0,"href":"https:\/\/www.europesays.com\/fr\/wp-json\/wp\/v2\/posts\/458082\/revisions"}],"wp:featuredmedia":[{"embeddable":true,"href":"https:\/\/www.europesays.com\/fr\/wp-json\/wp\/v2\/media\/458083"}],"wp:attachment":[{"href":"https:\/\/www.europesays.com\/fr\/wp-json\/wp\/v2\/media?parent=458082"}],"wp:term":[{"taxonomy":"category","embeddable":true,"href":"https:\/\/www.europesays.com\/fr\/wp-json\/wp\/v2\/categories?post=458082"},{"taxonomy":"post_tag","embeddable":true,"href":"https:\/\/www.europesays.com\/fr\/wp-json\/wp\/v2\/tags?post=458082"}],"curies":[{"name":"wp","href":"https:\/\/api.w.org\/{rel}","templated":true}]}}