{"id":458100,"date":"2025-10-12T19:09:17","date_gmt":"2025-10-12T19:09:17","guid":{"rendered":"https:\/\/www.europesays.com\/fr\/458100\/"},"modified":"2025-10-12T19:09:17","modified_gmt":"2025-10-12T19:09:17","slug":"quelles-perturbations-prevoir-avec-la-ratp-et-la-sncf-cette-semaine-10","status":"publish","type":"post","link":"https:\/\/www.europesays.com\/fr\/458100\/","title":{"rendered":"Quelles perturbations pr\u00e9voir avec la RATP et la SNCF cette semaine\u00a0?"},"content":{"rendered":"<p>En cette semaine de d\u00e9but des vacances <a href=\"https:\/\/www.20minutes.fr\/dossier\/toussaint\" class=\"c-link c-link--is-underlined\" rel=\"nofollow noopener\" target=\"_blank\">Toussaint<\/a>, le vendredi 17\u00a0octobre 2025, les lignes de transports parisiennes et franciliennes sont perturb\u00e9es, du lundi\u00a013 au 19\u00a0octobre 2025. Voici les changements \u00e0 prendre en compre.<\/p>\n<p>M\u00e9tro<\/p>\n<ul>\n<li>Ligne 6\u00a0: du samedi 18\u00a0octobre au dimanche 19\u00a0octobre, le trafic est interrompu sur toute la ligne (travaux). Des bus de substitution seront mis en place entre CDG Etoile\/La Motte- Picquet \u2013 <a href=\"https:\/\/www.20minutes.fr\/dossier\/grenelle\" class=\"c-link c-link--is-underlined\" rel=\"nofollow noopener\" target=\"_blank\">Grenelle<\/a> et Nation\/Daumesnil.<\/li>\n<li>Ligne 12\u00a0: jusqu\u2019au 16\u00a0novembre, le trafic est interrompu entre Montparnasse Bienvenue et <a href=\"https:\/\/www.20minutes.fr\/dossier\/mairie\" class=\"c-link c-link--is-underlined\" rel=\"nofollow noopener\" target=\"_blank\">Mairie<\/a> d\u2019Issy (travaux).<\/li>\n<\/ul>\n<p>RER<\/p>\n<ul>\n<li>RER A\u00a0: jusqu\u2019au vendredi 17\u00a0octobre, du lundi au vendredi \u00e0 partir de 21h50, le trafic sera interrompu entre Maisons-Laffitte et <a href=\"https:\/\/www.20minutes.fr\/dossier\/cergy\" class=\"c-link c-link--is-underlined\" rel=\"nofollow noopener\" target=\"_blank\">Cergy<\/a> \u2013 Le Haut (travaux). Des bus de substitution seront mis en place \u00e0 Sartrouville.<\/li>\n<li>RER B\u00a0: jusqu\u2019au vendredi 17\u00a0octobre, \u00e0 partir de 22h45, le trafic sera interrompu entre\u200b\u200b\u200b\u200b\u200b\u200b Ch\u00e2telet \u2013 Les Halles et A\u00e9roport Charles de Gaulle 2 \u2013 <a href=\"https:\/\/www.20minutes.fr\/dossier\/tgv\" class=\"c-link c-link--is-underlined\" rel=\"nofollow noopener\" target=\"_blank\">TGV<\/a> via Mitry \u2013 Claye (travaux). Des bus de substitution seront mis en place.<\/li>\n<li>RER C\u00a0: dimanche 19\u00a0octobre, \u00e0 partir de 23h45, le trafic sera interrompu entre Dourdan et Paris Austerlitz. Jusqu\u2019au 31\u00a0octobre, du lundi au vendredi d\u00e8s 23h30, le trafic sera interrompu entre Gare d\u2019Austerlitz et Saint-Martin d\u2019\u00c9tampes, et entre Dourdan la For\u00eat et Gare d\u2019Austerlitz. Des bus de substitution seront mis en place. Il en va de m\u00eame entre de <a href=\"https:\/\/www.20minutes.fr\/dossier\/saint_quentin\" class=\"c-link c-link--is-underlined\" rel=\"nofollow noopener\" target=\"_blank\">Saint-Quentin<\/a> en <a href=\"https:\/\/www.20minutes.fr\/societe\/yvelines\/\" class=\"c-link c-link--is-underlined\" rel=\"nofollow noopener\" target=\"_blank\">Yvelines<\/a> et Javel, entre Javel et Versailles Ch\u00e2teau Rive Gauche, et le trafic sera interrompu entre Paris Austerlitz et Juvisy \u00e0 partir de 23h30, entre Paris Austerlitz et Pont de Rungis et entre Avenue Henri Martin et Montigny \u2013 Beauchamp et Pontoise. Jusqu\u2019au 11\u00a0janvier, l\u2019arr\u00eat ne sera pas desservi \u00e0 Issy vers Dourdan la For\u00eat, Saint-Martin d\u2019\u00c9tampes et Massy \u2013 Palaiseau (travaux).<\/li>\n<li><a href=\"https:\/\/www.20minutes.fr\/dossier\/rer_d\" class=\"c-link c-link--is-underlined\" rel=\"nofollow noopener\" target=\"_blank\">RER D<\/a>\u00a0: samedi\u00a018 et dimanche 19\u00a0octobre, le trafic sera interrompu entre Paris Gare de Lyon et Melun\/Corbeil-Essonnes. Jusqu\u2019au 7\u00a0novembre, du lundi au vendredi d\u00e8s 23h20, le trafic sera interrompu entre Paris Gare du Nord et Creil. Jusqu\u2019au 31\u00a0octobre, du lundi au vendredi d\u00e8s 23h20, le trafic est interrompu entre Gare du Nord et Creil (travaux). Jusqu\u2019au 31\u00a0octobre, du lundi au vendredi d\u00e8s 22h30, les arr\u00eats ne seront pas desservis \u00e0 Maisons-Alfort \u2013 Alfortville, Le Vert de Maisons, Cr\u00e9teil Pompadour et Villeneuve Triage en raison de travaux. Des bus de substitution seront mis en place. Samedi\u00a018 et dimanche 19\u00a0octobre, le trafic sera ralenti entre Villeneuve S Georges et Melun, un train sur deux circuleront entre ces deux gares. Du lundi au vendredi, \u00e0 partir de 23h35 heures, le trafic sera interrompu entre Paris Gare du Nord et Creil. Samedi\u00a018 et dimanche 19\u00a0octobre, le trafic sera interrompu entre Corbeil-Essonnes et Melun<\/li>\n<li>RER E\u00a0: jusqu\u2019au 31\u00a0octobre, du lundi au vendredi d\u00e8s 22h45, le trafic sera interrompu entre Nanterre-La-Folie et Chelles \u2013 Gournay. Des bus de substitution seront mis en place. Du lundi\u00a013 au vendredi 17\u00a0octobre 1 train sur 2 circule entre Nanterre-La-Folie et Villiers-sur-Marne de 8h45 \u00e0 16h30 (travaux). Jusqu\u2019au 31\u00a0octobre, d\u00e8s 22h25, le trafic sera interrompu entre Nanterre-La-Folie et Villiers-sur-Marne et entre Nanterre-la-Folie et Tournan.<\/li>\n<\/ul>\n<p>Transilien<\/p>\n<ul>\n<li>Ligne J\u00a0: du lundi au vendredi, le trafic sera interrompu entre Paris Saint-Lazare et Mantes la Jolie via Poissy d\u00e8s 21h40. Du lundi au vendredi, \u00e0 partir de 21h45, le trafic sera interrompu entre Issou \u2013 Porcheville et Mantes-la-Jolie via Conflans- Sainte-Honorine. Du 13\u00a0octobre au 24\u00a0octobre, du lundi au vendredi de 10 heures \u00e0 16 heures, le trafic est interrompu entre Gisors et <a href=\"https:\/\/www.20minutes.fr\/dossier\/pontoise\" class=\"c-link c-link--is-underlined\" rel=\"nofollow noopener\" target=\"_blank\">Pontoise<\/a> vers Gisors et Gare Saint-Lazare. Des bus de substitution seront mis en place.<\/li>\n<li>Ligne K\u00a0: jusqu\u2019au samedi 20\u00a0d\u00e9cembre, le trafic sera interrompu entre Paris Gare du Nord et Cr\u00e9py-en-Valois.<\/li>\n<li>Ligne L\u00a0: samedi\u00a018 et dimanche 19\u00a0d\u00e9cembre, le trafic sera interrompu entre B\u00e9con les Bruy\u00e8res et Maisons-Laffitte. Jusqu\u2019au vendredi 17\u00a0octobre, le trafic sera interrompu entre Sartrouville et Maisons-Laffitte d\u00e8s 21h50. Du lundi au vendredi, d\u00e8s 21h45, le trafic sera interrompu entre Paris Saint-Lazare et La D\u00e9fense.<\/li>\n<li>Ligne N\u00a0: du lundi au vendredi, \u00e0 partir de 22 heures, le trafic sera interrompu entre Paris Montparnasse et Plaisir \u2013 Grignon. Il en va de m\u00eame entre Montparnasse et Dreux \u00e0 partir de 21h30 et d\u00e8s 21 heures entre Paris Montparnasse vers Mantes-la-Jolie.<\/li>\n<li>Ligne P\u00a0: dimanche 19\u00a0octobre, d\u00e8s 23 heures, le trafic sera interrompu entre Paris Est et Ch\u00e2teau-Thierry. Le trafic sera interrompu entre Paris Est et Coulommiers dimanche 19\u00a0octobre d\u00e8s 22h30. Du lundi au vendredi, le trafic sera interrompu entre Paris Est et Meaux \u00e0 partir de 22h20. Du lundi au vendredi, \u00e0 partir de 22 heures, le trafic sera interrompu entre Paris Est et Ch\u00e2teau-Thierry. Le trafic sera interrompu entre Gare de l\u2019Est et Provins \u00e0 partir de 21h45. Le trafic sera interrompu entre Paris Est et Coulommiers d\u00e8s 21h45 jusqu\u2019au 14\u00a0novembre, du lundi au vendredi.<\/li>\n<li>Ligne R\u00a0: du lundi au vendredi, de 10h26 \u00e0 15h30, le trafic sera interrompu entre Melun et Montereau via H\u00e9ricy.<\/li>\n<li>Ligne U\u00a0: du lundi au vendredi, d\u00e8s 20h45, le trafic sera interrompu entre La Verri\u00e8re et La D\u00e9fense.<\/li>\n<\/ul>\n<p>Tramway<\/p>\n<ul>\n<li>T1\u00a0: le trafic sera interrompu entre Asni\u00e8res \u2013 Quatre Routes et Gare de Saint-Denis et perturb\u00e9 sur le reste de la ligne (d\u00e9gradation par un tiers \u00e0 L\u2019\u00cele-Saint-Denis). Aucune reprise pr\u00e9vue jusqu\u2019\u00e0 nouvel ordre. Dans la nuit du jeudi\u00a015 au vendredi 16\u00a0mai, un bateau a percut\u00e9 le pont reliant Saint-Denis \u00e0 l\u2019Ile-Saint-Denis.<\/li>\n<li>T2\u00a0: jusqu\u2019\u00e0 fin f\u00e9vrier\u00a02026, le trafic sera interrompu entre Porte de Versailles et Suzanne Lenglen (travaux)<\/li>\n<li>Pour rejoindre la Porte de Versailles, depuis Suzanne Lenglen, allez \u00e0 pied \u00e0 la station Balard du T3a.<\/li>\n<li>T4\u00a0: le trafic sera interrompu sur l\u2019ensemble de la ligne d\u00e8s 21h jusqu\u2019au 7\u00a0d\u00e9cembre.<\/li>\n<li>T11\u00a0: du lundi 13\u00a0octobre au vendredi 24\u00a0octobre, sauf samedi et dimanche, le trafic sera interrompu sur l\u2019ensemble de la ligne \u00e0 partir de 22h. Un service de bus de remplacement sera mis en place avec desserte des stations interm\u00e9diaires (travaux).<\/li>\n<li>T13\u00a0: jusqu\u2019au vendredi 17\u00a0octobre, le trafic sera interrompu sur l\u2019ensemble de la ligne vers 21 heures. Du samedi\u00a018 au dimanche 19\u00a0octobre, \u00e0 partir de 20 heures, le trafic sera interrompu sur l\u2019ensemble de la ligne. Des bus de substitution seront mis en place.<\/li>\n<\/ul>\n","protected":false},"excerpt":{"rendered":"En cette semaine de d\u00e9but des vacances Toussaint, le vendredi 17\u00a0octobre 2025, les lignes de transports parisiennes et&hellip;\n","protected":false},"author":2,"featured_media":458101,"comment_status":"","ping_status":"","sticky":false,"template":"","format":"standard","meta":{"footnotes":""},"categories":[1592],"tags":[1111,11,1777,674,1011,27,662,12,626,1306,25,12396,2215],"class_list":{"0":"post-458100","1":"post","2":"type-post","3":"status-publish","4":"format-standard","5":"has-post-thumbnail","7":"category-ile-de-france","8":"tag-actu","9":"tag-actualites","10":"tag-eu","11":"tag-europe","12":"tag-fr","13":"tag-france","14":"tag-ile-de-france","15":"tag-news","16":"tag-paris","17":"tag-regions","18":"tag-republique-francaise","19":"tag-rer","20":"tag-sncf"},"share_on_mastodon":{"url":"https:\/\/pubeurope.com\/@fr\/115362775976792260","error":""},"_links":{"self":[{"href":"https:\/\/www.europesays.com\/fr\/wp-json\/wp\/v2\/posts\/458100","targetHints":{"allow":["GET"]}}],"collection":[{"href":"https:\/\/www.europesays.com\/fr\/wp-json\/wp\/v2\/posts"}],"about":[{"href":"https:\/\/www.europesays.com\/fr\/wp-json\/wp\/v2\/types\/post"}],"author":[{"embeddable":true,"href":"https:\/\/www.europesays.com\/fr\/wp-json\/wp\/v2\/users\/2"}],"replies":[{"embeddable":true,"href":"https:\/\/www.europesays.com\/fr\/wp-json\/wp\/v2\/comments?post=458100"}],"version-history":[{"count":0,"href":"https:\/\/www.europesays.com\/fr\/wp-json\/wp\/v2\/posts\/458100\/revisions"}],"wp:featuredmedia":[{"embeddable":true,"href":"https:\/\/www.europesays.com\/fr\/wp-json\/wp\/v2\/media\/458101"}],"wp:attachment":[{"href":"https:\/\/www.europesays.com\/fr\/wp-json\/wp\/v2\/media?parent=458100"}],"wp:term":[{"taxonomy":"category","embeddable":true,"href":"https:\/\/www.europesays.com\/fr\/wp-json\/wp\/v2\/categories?post=458100"},{"taxonomy":"post_tag","embeddable":true,"href":"https:\/\/www.europesays.com\/fr\/wp-json\/wp\/v2\/tags?post=458100"}],"curies":[{"name":"wp","href":"https:\/\/api.w.org\/{rel}","templated":true}]}}