{"id":458102,"date":"2025-10-12T19:10:29","date_gmt":"2025-10-12T19:10:29","guid":{"rendered":"https:\/\/www.europesays.com\/fr\/458102\/"},"modified":"2025-10-12T19:10:29","modified_gmt":"2025-10-12T19:10:29","slug":"en-suisse-des-affrontements-lors-dune-manifestation-propalestinienne-font-20-blesses","status":"publish","type":"post","link":"https:\/\/www.europesays.com\/fr\/458102\/","title":{"rendered":"En Suisse, des affrontements lors d&rsquo;une manifestation propalestinienne font 20 bless\u00e9s"},"content":{"rendered":"\n<p class=\"c-chapo \">\n  Plus de 5\u00a0000 personnes ont pris part \u00e0 cette manifestation, interdite par les autorit\u00e9s de la ville de Berne.\n<\/p>\n<p>      lire plus tard<\/p>\n<p id=\"dialog__title\" class=\"dialog__title\">Pour sauvegarder cet article, connectez-vous ou cr\u00e9ez un compte franceinfo<\/p>\n<p class=\"dialog__description\">Sans paiement. Sans abonnement.<\/p>\n<p>        Fermer la fen\u00eatre d\u2019activation des notifications France Info<\/p>\n<p>      cr\u00e9er votre compte<\/p>\n<p>      se connecter<\/p>\n<p>        Fermer la fen\u00eatre de pr\u00e9sentation<\/p>\n<p>    <img loading=\"lazy\" decoding=\"async\" class=\"signature__image lazyload\" width=\"100\" height=\"100\" data- alt=\"\" src=\"https:\/\/www.europesays.com\/fr\/wp-content\/uploads\/2025\/05\/64a68815cd1a7_placeholder-36b69ec8.png\"\/><\/p>\n<p>    Publi\u00e9 le 12\/10\/2025 19:41<\/p>\n<p>        Temps de lecture : 1min<\/p>\n<p>    <img decoding=\"async\"  alt=\"Une manifestation en soutien \u00e0 la Palestine \u00e0 Berne (Suisse), le 11 octobre 2025. (PETER KLAUNZER \/ AP \/ SIPA)\" width=\"432\" height=\"243\" src=\"https:\/\/www.europesays.com\/fr\/wp-content\/uploads\/2025\/10\/sipa-ap22989554-000003-68ebe7add10a1374281349.jpg\" fetchpriority=\"high\"\/><\/p>\n<p>      Une manifestation en soutien \u00e0 la Palestine \u00e0 Berne (Suisse), le 11 octobre 2025. (PETER KLAUNZER \/ AP \/ SIPA)<\/p>\n<p>De violents affrontements lors d&rsquo;une <a href=\"https:\/\/www.franceinfo.fr\/monde\/proche-orient\/israel-palestine\/guerre-a-gaza-des-enfants-sauves-et-soignes-en-suisse_6465197.html\" rel=\"nofollow noopener\" target=\"_blank\">manifestation propalestinienne<\/a> samedi 12 octobre \u00e0 Berne (Suisse) ont fait 20 bless\u00e9s dont 18 policiers, et \u00ab\u00a0des millions\u00a0\u00bb d&rsquo;euros de d\u00e9g\u00e2ts, a annonc\u00e9 dimanche dans un communiqu\u00e9 la police bernoise. Plus de 5\u00a0000 personnes ont pris part \u00e0 cette manifestation non autoris\u00e9e dans les rues de la capitale suisse, dont de nombreuses personnes v\u00eatues de noir et portant des masques, qui ont affront\u00e9 les forces de l&rsquo;ordre et d\u00e9grad\u00e9 des biens.<\/p>\n<p>La \u00ab\u00a0manifestation a d\u00e9g\u00e9n\u00e9r\u00e9, causant d&rsquo;importants d\u00e9g\u00e2ts mat\u00e9riels\u00a0\u00bb, affirme la police bernoise, pr\u00e9cisant que 536 personnes avaient \u00e9t\u00e9 interpell\u00e9es, leurs identit\u00e9s v\u00e9rifi\u00e9es, puis rel\u00e2ch\u00e9es. Au total, 18 policiers ont \u00e9t\u00e9 bless\u00e9s, dont deux femmes. Quatre d&rsquo;entre eux ont \u00e9t\u00e9 hospitalis\u00e9s. La police a aussi connaissance des cas de deux autres personnes qui ont d\u00fb \u00eatre soign\u00e9es.<\/p>\n","protected":false},"excerpt":{"rendered":"Plus de 5\u00a0000 personnes ont pris part \u00e0 cette manifestation, interdite par les autorit\u00e9s de la ville de&hellip;\n","protected":false},"author":2,"featured_media":458103,"comment_status":"","ping_status":"","sticky":false,"template":"","format":"standard","meta":{"footnotes":""},"categories":[1888],"tags":[1111,1928,11,1927,1777,674,1011,27,12,1926,626,1925,25],"class_list":{"0":"post-458102","1":"post","2":"type-post","3":"status-publish","4":"format-standard","5":"has-post-thumbnail","7":"category-paris","8":"tag-actu","9":"tag-actu-paris","10":"tag-actualites","11":"tag-actualites-paris","12":"tag-eu","13":"tag-europe","14":"tag-fr","15":"tag-france","16":"tag-news","17":"tag-news-paris","18":"tag-paris","19":"tag-paris-news","20":"tag-republique-francaise"},"share_on_mastodon":{"url":"https:\/\/pubeurope.com\/@fr\/115362780395785238","error":""},"_links":{"self":[{"href":"https:\/\/www.europesays.com\/fr\/wp-json\/wp\/v2\/posts\/458102","targetHints":{"allow":["GET"]}}],"collection":[{"href":"https:\/\/www.europesays.com\/fr\/wp-json\/wp\/v2\/posts"}],"about":[{"href":"https:\/\/www.europesays.com\/fr\/wp-json\/wp\/v2\/types\/post"}],"author":[{"embeddable":true,"href":"https:\/\/www.europesays.com\/fr\/wp-json\/wp\/v2\/users\/2"}],"replies":[{"embeddable":true,"href":"https:\/\/www.europesays.com\/fr\/wp-json\/wp\/v2\/comments?post=458102"}],"version-history":[{"count":0,"href":"https:\/\/www.europesays.com\/fr\/wp-json\/wp\/v2\/posts\/458102\/revisions"}],"wp:featuredmedia":[{"embeddable":true,"href":"https:\/\/www.europesays.com\/fr\/wp-json\/wp\/v2\/media\/458103"}],"wp:attachment":[{"href":"https:\/\/www.europesays.com\/fr\/wp-json\/wp\/v2\/media?parent=458102"}],"wp:term":[{"taxonomy":"category","embeddable":true,"href":"https:\/\/www.europesays.com\/fr\/wp-json\/wp\/v2\/categories?post=458102"},{"taxonomy":"post_tag","embeddable":true,"href":"https:\/\/www.europesays.com\/fr\/wp-json\/wp\/v2\/tags?post=458102"}],"curies":[{"name":"wp","href":"https:\/\/api.w.org\/{rel}","templated":true}]}}