{"id":458108,"date":"2025-10-12T19:13:11","date_gmt":"2025-10-12T19:13:11","guid":{"rendered":"https:\/\/www.europesays.com\/fr\/458108\/"},"modified":"2025-10-12T19:13:11","modified_gmt":"2025-10-12T19:13:11","slug":"laurent-nunez-prefet-de-police-de-paris-est-pressenti-pour-le-poste-de-ministre-de-linterieur","status":"publish","type":"post","link":"https:\/\/www.europesays.com\/fr\/458108\/","title":{"rendered":"Laurent Nu\u00f1ez, pr\u00e9fet de police de Paris, est pressenti pour le poste de ministre de l&rsquo;Int\u00e9rieur"},"content":{"rendered":"<p>Gouvernement de S\u00e9bastien Lecornu: Laurent Nu\u00f1ez, pr\u00e9fet de police de Paris, est pressenti pour le poste de ministre de l&rsquo;Int\u00e9rieurSur le m\u00eame sujet<a href=\"https:\/\/www.bfmtv.com\/politique\/gouvernement\/video-gouvernement-de-sebastien-lecornu-naima-moutchou-deputee-horizons-est-pressentie-pour-le-poste-de-ministre-des-outre-mer_VN-202510120304.html\" title=\"Gouvernement de S\u00e9bastien Lecornu: Na\u00efma Moutchou, d\u00e9put\u00e9e Horizons, est pressentie pour le poste de ministre des Outre-mer\" rel=\"nofollow noopener\" target=\"_blank\"><img width=\"16\" height=\"9\" class=\"lozad\"  alt=\"Gouvernement de S\u00e9bastien Lecornu: Na\u00efma Moutchou, d\u00e9put\u00e9e Horizons, est pressentie pour le poste de ministre des Outre-mer\"\/>0:43Gouvernement de S\u00e9bastien Lecornu: Na\u00efma Moutchou, d\u00e9put\u00e9e Horizons, est pressentie pour le poste de ministre des Outre-mer<\/a><a href=\"https:\/\/www.bfmtv.com\/politique\/gouvernement\/video-gouvernement-de-sebastien-lecornu-edouard-geffray-directeur-general-de-l-enseignement-scolaire-est-pressenti-pour-le-poste-de-ministre-de-l-education-nationale-de-l-enseignement-superieur-et-de-la-recherche_VN-202510120302.html\" title=\"Gouvernement de S\u00e9bastien Lecornu: \u00c9douard Geffray, directeur g\u00e9n\u00e9ral de l&#039;Enseignement scolaire, est pressenti pour le poste de ministre de l&#039;\u00c9ducation nationale, de l&#039;Enseignement sup\u00e9rieur et de la Recherche\" rel=\"nofollow noopener\" target=\"_blank\"><img width=\"16\" height=\"9\" class=\"lozad\"  alt=\"Gouvernement de S\u00e9bastien Lecornu: \u00c9douard Geffray, directeur g\u00e9n\u00e9ral de l'Enseignement scolaire, est pressenti pour le poste de ministre de l'\u00c9ducation nationale, de l'Enseignement sup\u00e9rieur et de la Recherche\"\/>0:43Gouvernement de S\u00e9bastien Lecornu: \u00c9douard Geffray, directeur g\u00e9n\u00e9ral de l&rsquo;Enseignement scolaire, est pressenti pour le poste de ministre de l&rsquo;\u00c9ducation nationale, de l&rsquo;Enseignement sup\u00e9rieur et de la Recherche<\/a><a href=\"https:\/\/www.bfmtv.com\/politique\/gouvernement\/video-gouvernement-de-sebastien-lecornu-gerald-darmanin-garderait-son-poste-de-ministre-de-la-justice_VN-202510120300.html\" title=\"Gouvernement de S\u00e9bastien Lecornu: G\u00e9rald Darmanin garderait son poste de ministre de la Justice\" rel=\"nofollow noopener\" target=\"_blank\"><img width=\"16\" height=\"9\" class=\"lozad\"  alt=\"Gouvernement de S\u00e9bastien Lecornu: G\u00e9rald Darmanin garderait son poste de ministre de la Justice\"\/>0:56Gouvernement de S\u00e9bastien Lecornu: G\u00e9rald Darmanin garderait son poste de ministre de la Justice<\/a><a href=\"https:\/\/www.bfmtv.com\/politique\/gouvernement\/video-gouvernement-de-sebastien-lecornu-monique-barbut-presidente-du-wwf-france-est-pressentie-pour-le-poste-de-ministre-de-la-transition-ecologique-et-de-la-biodiversite_VN-202510120299.html\" title=\"Gouvernement de S\u00e9bastien Lecornu: Monique Barbut, pr\u00e9sidente du WWF-France, est pressentie pour le poste de ministre de la Transition \u00e9cologique et de la Biodiversit\u00e9\" rel=\"nofollow noopener\" target=\"_blank\"><img width=\"16\" height=\"9\" class=\"lozad\"  alt=\"Gouvernement de S\u00e9bastien Lecornu: Monique Barbut, pr\u00e9sidente du WWF-France, est pressentie pour le poste de ministre de la Transition \u00e9cologique et de la Biodiversit\u00e9\"\/>0:31Gouvernement de S\u00e9bastien Lecornu: Monique Barbut, pr\u00e9sidente du WWF-France, est pressentie pour le poste de ministre de la Transition \u00e9cologique et de la Biodiversit\u00e9<\/a><a href=\"https:\/\/www.bfmtv.com\/politique\/gouvernement\/video-gouvernement-de-sebastien-lecornu-laurent-nunez-prefet-de-police-de-paris-est-pressenti-pour-le-poste-de-ministre-de-l-interieur_VN-202510120296.html\" title=\"Gouvernement de S\u00e9bastien Lecornu: Laurent Nu\u00f1ez, pr\u00e9fet de police de Paris, est pressenti pour le poste de ministre de l&#039;Int\u00e9rieur\" rel=\"nofollow noopener\" target=\"_blank\"><img width=\"16\" height=\"9\" class=\"lozad\"  alt=\"Gouvernement de S\u00e9bastien Lecornu: Laurent Nu\u00f1ez, pr\u00e9fet de police de Paris, est pressenti pour le poste de ministre de l'Int\u00e9rieur\"\/>en lectureGouvernement de S\u00e9bastien Lecornu: Laurent Nu\u00f1ez, pr\u00e9fet de police de Paris, est pressenti pour le poste de ministre de l&rsquo;Int\u00e9rieur<\/a><a href=\"https:\/\/www.bfmtv.com\/politique\/gouvernement\/video-plusieurs-noms-de-hauts-fonctionnaires-circulent-pour-le-gouvernement-de-sebastien-lecornu-c-est-la-negation-de-la-politique-deplore-sandrine-rousseau-deputee-ecologiste-et-social-de-paris_VN-202510120295.html\" title=\"Plusieurs noms de hauts fonctionnaires circulent pour le gouvernement de S\u00e9bastien Lecornu: &quot;C&#039;est la n\u00e9gation de la politique&quot;, d\u00e9plore Sandrine Rousseau, d\u00e9put\u00e9e (\u00c9cologiste et Social) de Paris\" rel=\"nofollow noopener\" target=\"_blank\"><img width=\"16\" height=\"9\" class=\"lozad\"  alt=\"Plusieurs noms de hauts fonctionnaires circulent pour le gouvernement de S\u00e9bastien Lecornu: &quot;C'est la n\u00e9gation de la politique&quot;, d\u00e9plore Sandrine Rousseau, d\u00e9put\u00e9e (\u00c9cologiste et Social) de Paris\"\/>1:44Plusieurs noms de hauts fonctionnaires circulent pour le gouvernement de S\u00e9bastien Lecornu: \u00ab\u00a0C&rsquo;est la n\u00e9gation de la politique\u00a0\u00bb, d\u00e9plore Sandrine Rousseau, d\u00e9put\u00e9e (\u00c9cologiste et Social) de Paris<\/a><a href=\"https:\/\/www.bfmtv.com\/politique\/gouvernement\/video-gouvernement-de-sebastien-lecornu-jean-pierre-farandou-ancien-patron-de-la-sncf-est-pressenti-pour-le-poste-de-ministre-du-travail-et-des-solidarites_VN-202510120294.html\" title=\"Gouvernement de S\u00e9bastien Lecornu: Jean-Pierre Farandou, ancien patron de la SNCF, est pressenti pour le poste de ministre du Travail et des Solidarit\u00e9s\" rel=\"nofollow noopener\" target=\"_blank\"><img width=\"16\" height=\"9\" class=\"lozad\"  alt=\"Gouvernement de S\u00e9bastien Lecornu: Jean-Pierre Farandou, ancien patron de la SNCF, est pressenti pour le poste de ministre du Travail et des Solidarit\u00e9s\"\/>1:28Gouvernement de S\u00e9bastien Lecornu: Jean-Pierre Farandou, ancien patron de la SNCF, est pressenti pour le poste de ministre du Travail et des Solidarit\u00e9s<\/a><a href=\"https:\/\/www.bfmtv.com\/politique\/gouvernement\/video-le-premier-ministre-sebastien-lecornu-est-a-l-elysee-depuis-plus-d-une-heure-pour-s-entretenir-avec-emmanuel-macron_VN-202510120288.html\" title=\"Le Premier ministre S\u00e9bastien Lecornu est \u00e0 l&#039;\u00c9lys\u00e9e depuis plus d&#039;une heure pour s&#039;entretenir avec Emmanuel Macron\" rel=\"nofollow noopener\" target=\"_blank\"><img width=\"16\" height=\"9\" class=\"lozad\"  alt=\"Le Premier ministre S\u00e9bastien Lecornu est \u00e0 l'\u00c9lys\u00e9e depuis plus d'une heure pour s'entretenir avec Emmanuel Macron\"\/>1:46Le Premier ministre S\u00e9bastien Lecornu est \u00e0 l&rsquo;\u00c9lys\u00e9e depuis plus d&rsquo;une heure pour s&rsquo;entretenir avec Emmanuel Macron<\/a><a href=\"https:\/\/www.bfmtv.com\/politique\/gouvernement\/video-emmanuel-macron-souhaite-que-le-nouveau-gouvernement-soit-nomme-des-ce-soir_VN-202510120285.html\" title=\"Emmanuel Macron souhaite que le nouveau gouvernement soit nomm\u00e9 d\u00e8s ce soir\" rel=\"nofollow noopener\" target=\"_blank\"><img width=\"16\" height=\"9\" class=\"lozad\"  alt=\"Emmanuel Macron souhaite que le nouveau gouvernement soit nomm\u00e9 d\u00e8s ce soir\"\/>3:00Emmanuel Macron souhaite que le nouveau gouvernement soit nomm\u00e9 d\u00e8s ce soir<\/a><a href=\"https:\/\/www.bfmtv.com\/politique\/gouvernement\/video-crise-politique-les-francais-sont-affliges-par-l-etat-du-debat-politique-observe-valerie-hayer-deputee-europeenne-renew-europe_VN-202510120283.html\" title=\"Crise politique: &quot;Les Fran\u00e7ais sont afflig\u00e9s par l&#039;\u00e9tat du d\u00e9bat politique&quot;, observe Val\u00e9rie Hayer, d\u00e9put\u00e9e europ\u00e9enne (Renew Europe)\" rel=\"nofollow noopener\" target=\"_blank\"><img width=\"16\" height=\"9\" class=\"lozad\"  alt=\"Crise politique: &quot;Les Fran\u00e7ais sont afflig\u00e9s par l'\u00e9tat du d\u00e9bat politique&quot;, observe Val\u00e9rie Hayer, d\u00e9put\u00e9e europ\u00e9enne (Renew Europe)\"\/>1:27Crise politique: \u00ab\u00a0Les Fran\u00e7ais sont afflig\u00e9s par l&rsquo;\u00e9tat du d\u00e9bat politique\u00a0\u00bb, observe Val\u00e9rie Hayer, d\u00e9put\u00e9e europ\u00e9enne (Renew Europe)<\/a><a href=\"https:\/\/www.bfmtv.com\/politique\/gouvernement\/video-crise-politique-je-suis-terrifie-par-ce-qu-il-se-passe-declare-robert-menard-maire-dvd-de-beziers_VN-202510120282.html\" title=\"Crise politique: &quot;Je suis terrifi\u00e9 par ce qu&#039;il se passe&quot;, d\u00e9clare Robert M\u00e9nard, maire (DVD) de B\u00e9ziers\" rel=\"nofollow noopener\" target=\"_blank\"><img width=\"16\" height=\"9\" class=\"lozad\"  alt=\"Crise politique: &quot;Je suis terrifi\u00e9 par ce qu'il se passe&quot;, d\u00e9clare Robert M\u00e9nard, maire (DVD) de B\u00e9ziers\"\/>2:28Crise politique: \u00ab\u00a0Je suis terrifi\u00e9 par ce qu&rsquo;il se passe\u00a0\u00bb, d\u00e9clare Robert M\u00e9nard, maire (DVD) de B\u00e9ziers<\/a><a href=\"https:\/\/www.bfmtv.com\/politique\/gouvernement\/video-crise-au-sein-du-parti-les-republicains-qu-ils-arretent-d-agiter-la-classe-politique-deplore-segolene-royal-ancienne-candidate-a-l-election-presidentielle_VN-202510120280.html\" title=\"Crise au sein du parti Les R\u00e9publicains: &quot;Qu&#039;ils arr\u00eatent d&#039;agiter la classe politique&quot;, d\u00e9plore S\u00e9gol\u00e8ne Royal, ancienne candidate \u00e0 l&#039;\u00e9lection pr\u00e9sidentielle\" rel=\"nofollow noopener\" target=\"_blank\"><img width=\"16\" height=\"9\" class=\"lozad\"  alt=\"Crise au sein du parti Les R\u00e9publicains: &quot;Qu'ils arr\u00eatent d'agiter la classe politique&quot;, d\u00e9plore S\u00e9gol\u00e8ne Royal, ancienne candidate \u00e0 l'\u00e9lection pr\u00e9sidentielle\"\/>3:14Crise au sein du parti Les R\u00e9publicains: \u00ab\u00a0Qu&rsquo;ils arr\u00eatent d&rsquo;agiter la classe politique\u00a0\u00bb, d\u00e9plore S\u00e9gol\u00e8ne Royal, ancienne candidate \u00e0 l&rsquo;\u00e9lection pr\u00e9sidentielle<\/a><a href=\"https:\/\/www.bfmtv.com\/politique\/gouvernement\/video-politique-de-sebastien-lecornu-crise-de-la-france-l-interview-en-integralite-d-olivier-faure-ps_VN-202510120279.html\" title=\"Politique de S\u00e9bastien Lecornu, crise de la France: l&#039;interview en int\u00e9gralit\u00e9 d&#039;Olivier Faure (PS)\" rel=\"nofollow noopener\" target=\"_blank\"><img width=\"16\" height=\"9\" class=\"lozad\"  alt=\"Politique de S\u00e9bastien Lecornu, crise de la France: l'interview en int\u00e9gralit\u00e9 d'Olivier Faure (PS)\"\/>31:18Politique de S\u00e9bastien Lecornu, crise de la France: l&rsquo;interview en int\u00e9gralit\u00e9 d&rsquo;Olivier Faure (PS)<\/a><a href=\"https:\/\/www.bfmtv.com\/politique\/gouvernement\/video-le-premier-ministre-sebastien-lecornu-a-quitte-matignon-et-vient-de-faire-son-arrivee-a-l-elysee_VN-202510120278.html\" title=\"Le Premier ministre S\u00e9bastien Lecornu a quitt\u00e9 Matignon et vient de faire son arriv\u00e9e \u00e0 l&#039;\u00c9lys\u00e9e\" rel=\"nofollow noopener\" target=\"_blank\"><img width=\"16\" height=\"9\" class=\"lozad\"  alt=\"Le Premier ministre S\u00e9bastien Lecornu a quitt\u00e9 Matignon et vient de faire son arriv\u00e9e \u00e0 l'\u00c9lys\u00e9e\"\/>1:20Le Premier ministre S\u00e9bastien Lecornu a quitt\u00e9 Matignon et vient de faire son arriv\u00e9e \u00e0 l&rsquo;\u00c9lys\u00e9e<\/a><a class=\"jumpToVideo\" target=\"_blank\"><img class=\"thumbnailPreview\"\/><\/a><\/p>\n","protected":false},"excerpt":{"rendered":"Gouvernement de S\u00e9bastien Lecornu: Laurent Nu\u00f1ez, pr\u00e9fet de police de Paris, est pressenti pour le poste de ministre&hellip;\n","protected":false},"author":2,"featured_media":458109,"comment_status":"","ping_status":"","sticky":false,"template":"","format":"standard","meta":{"footnotes":""},"categories":[1888],"tags":[11,1777,674,1011,27,12,626,25],"class_list":{"0":"post-458108","1":"post","2":"type-post","3":"status-publish","4":"format-standard","5":"has-post-thumbnail","7":"category-paris","8":"tag-actualites","9":"tag-eu","10":"tag-europe","11":"tag-fr","12":"tag-france","13":"tag-news","14":"tag-paris","15":"tag-republique-francaise"},"share_on_mastodon":{"url":"https:\/\/pubeurope.com\/@fr\/115362791745133173","error":""},"_links":{"self":[{"href":"https:\/\/www.europesays.com\/fr\/wp-json\/wp\/v2\/posts\/458108","targetHints":{"allow":["GET"]}}],"collection":[{"href":"https:\/\/www.europesays.com\/fr\/wp-json\/wp\/v2\/posts"}],"about":[{"href":"https:\/\/www.europesays.com\/fr\/wp-json\/wp\/v2\/types\/post"}],"author":[{"embeddable":true,"href":"https:\/\/www.europesays.com\/fr\/wp-json\/wp\/v2\/users\/2"}],"replies":[{"embeddable":true,"href":"https:\/\/www.europesays.com\/fr\/wp-json\/wp\/v2\/comments?post=458108"}],"version-history":[{"count":0,"href":"https:\/\/www.europesays.com\/fr\/wp-json\/wp\/v2\/posts\/458108\/revisions"}],"wp:featuredmedia":[{"embeddable":true,"href":"https:\/\/www.europesays.com\/fr\/wp-json\/wp\/v2\/media\/458109"}],"wp:attachment":[{"href":"https:\/\/www.europesays.com\/fr\/wp-json\/wp\/v2\/media?parent=458108"}],"wp:term":[{"taxonomy":"category","embeddable":true,"href":"https:\/\/www.europesays.com\/fr\/wp-json\/wp\/v2\/categories?post=458108"},{"taxonomy":"post_tag","embeddable":true,"href":"https:\/\/www.europesays.com\/fr\/wp-json\/wp\/v2\/tags?post=458108"}],"curies":[{"name":"wp","href":"https:\/\/api.w.org\/{rel}","templated":true}]}}