{"id":458112,"date":"2025-10-12T19:15:13","date_gmt":"2025-10-12T19:15:13","guid":{"rendered":"https:\/\/www.europesays.com\/fr\/458112\/"},"modified":"2025-10-12T19:15:13","modified_gmt":"2025-10-12T19:15:13","slug":"eurovision-junior-2025-sofia-nersesyan-pour-lukraine","status":"publish","type":"post","link":"https:\/\/www.europesays.com\/fr\/458112\/","title":{"rendered":"Eurovision Junior 2025 : Sofia Nersesyan pour l\u2019Ukraine"},"content":{"rendered":"<p><strong>Au terme d\u2019une finale nationale durant laquelle les jeunes chanteurs ont \u00ab\u00a0r\u00eav\u00e9 en grand\u00a0\u00bb, l\u2019Ukraine a d\u00e9sign\u00e9 son repr\u00e9sentant pour l\u2019Eurovision Junior. Sofia Nersesyan d\u00e9fendra les couleurs du pays en G\u00e9orgie.<\/strong><\/p>\n<p><strong>Sofia Nersesyan<\/strong> repr\u00e9sentera l\u2019Ukraine \u00e0 l\u2019Eurovision Junior 2025. La jeune artiste interpr\u00e8tera\u00a0Motanka\u00a0sur la sc\u00e8ne du Nouveau Palais des Sports de Tbilissi. Le titre a \u00e9t\u00e9 compos\u00e9 par la flamboyante Svitlana Tarabarova, productrice musicale de la s\u00e9lection nationale.<\/p>\n<p>Motanka (du nom d\u2019un porte-bonheur) est une chanson pop urbaine. Elle parle de l\u2019amulette ukrainienne la plus puissante, offerte par les m\u00e8res \u00e0 leurs enfants \u00e0 la naissance. En temps de guerre, son pouvoir est encore plus grand\u00a0: une l\u00e9gende raconte que, lorsque le danger approche d\u2019un enfant, les fils de la motanka brillent. Ce morceau est un manifeste appelant tous les enfants d\u2019Ukraine \u00e0 se mobiliser pour prot\u00e9ger leur vie.<\/p>\n<p>\u00c2g\u00e9e de dix, Sofia Nersesyan est originaire de Kyiv. B\u00e9n\u00e9vole, elle participe activement \u00e0 des concerts caritatifs. D\u2019origine arm\u00e9no-ukrainienne, elle avait d\u00e9j\u00e0 int\u00e9gr\u00e9 la liste des finalistes de la s\u00e9lection nationale pour l\u2019Eurovision Junior 2024. Sofia est fan de Katerina Pavlenko (Go_A). Elle raconte que lorsque la ville s\u2019endormait, elle formulait un v\u0153u\u00a0: se produire sur la sc\u00e8ne de l\u2019Eurovision Junior. Et elle en \u00e9tait s\u00fbre\u00a0: \u00ab\u00a0Si l\u2019on r\u00eave vraiment, vraiment fort, le r\u00eave se r\u00e9alisera\u00a0\u00bb.<\/p>\n<p><strong>(Re)d\u00e9couvrez sa performance en direct lors de la finale nationale :<\/strong><\/p>\n<\/p>\n<p>La repr\u00e9sentante ukrainienne a \u00e9t\u00e9 d\u00e9sign\u00e9e par un vote combin\u00e9 : 50% par le jury professionnel et 50% par le t\u00e9l\u00e9vote en ligne. Le panel d\u2019experts \u00e9tait compos\u00e9 de\u00a0Vlad Darwin (auteur-compositeur), Natela Chkhartishvili-Zatsarynna (productrice de cha\u00eenes musicales) et Michelle Andrade (chanteuse).\u00a0<\/p>\n<p><strong> R\u00e9sultats complets  <\/strong><\/p>\n<tr>RangArtistesVote du jury <br \/>(50%)Vote du public (50%)Totaux (100%)<\/tr>\n<tr>\n<td class=\"has-text-align-center\" data-align=\"center\"><strong>1<\/strong><\/td>\n<td class=\"has-text-align-center\" data-align=\"center\"><strong>Sofia Nersesyan<\/strong> <\/td>\n<td class=\"has-text-align-center\" data-align=\"center\"><strong>5<\/strong><\/td>\n<td class=\"has-text-align-center\" data-align=\"center\"><strong>6<\/strong><\/td>\n<td class=\"has-text-align-center\" data-align=\"center\"><strong>11<\/strong><\/td>\n<\/tr>\n<tr>\n<td class=\"has-text-align-center\" data-align=\"center\">2<\/td>\n<td class=\"has-text-align-center\" data-align=\"center\">Zlata Ivaniv\u00a0et\u00a0Vladyslav Vasytskyi<\/td>\n<td class=\"has-text-align-center\" data-align=\"center\">6<\/td>\n<td class=\"has-text-align-center\" data-align=\"center\">2<\/td>\n<td class=\"has-text-align-center\" data-align=\"center\">8<\/td>\n<\/tr>\n<tr>\n<td class=\"has-text-align-center\" data-align=\"center\">3<\/td>\n<td class=\"has-text-align-center\" data-align=\"center\">Olga Nesterko<\/td>\n<td class=\"has-text-align-center\" data-align=\"center\">2<\/td>\n<td class=\"has-text-align-center\" data-align=\"center\">5<\/td>\n<td class=\"has-text-align-center\" data-align=\"center\">7<\/td>\n<\/tr>\n<tr>\n<td class=\"has-text-align-center\" data-align=\"center\">4<\/td>\n<td class=\"has-text-align-center\" data-align=\"center\">Angelina Glogus<\/td>\n<td class=\"has-text-align-center\" data-align=\"center\">4<\/td>\n<td class=\"has-text-align-center\" data-align=\"center\">3<\/td>\n<td class=\"has-text-align-center\" data-align=\"center\">7<\/td>\n<\/tr>\n<tr>\n<td class=\"has-text-align-center\" data-align=\"center\">5<\/td>\n<td class=\"has-text-align-center\" data-align=\"center\">Likeriya Chirva<\/td>\n<td class=\"has-text-align-center\" data-align=\"center\">1<\/td>\n<td class=\"has-text-align-center\" data-align=\"center\">4<\/td>\n<td class=\"has-text-align-center\" data-align=\"center\">5<\/td>\n<\/tr>\n<tr>\n<td class=\"has-text-align-center\" data-align=\"center\">6<\/td>\n<td class=\"has-text-align-center\" data-align=\"center\">Vsevolod Skryma<\/td>\n<td class=\"has-text-align-center\" data-align=\"center\">3<\/td>\n<td class=\"has-text-align-center\" data-align=\"center\">1<\/td>\n<td class=\"has-text-align-center\" data-align=\"center\">4<\/td>\n<\/tr>\n<p>Le vote du jury professionnel a \u00e9t\u00e9 remport\u00e9 par le duo Zlata Ivaniv\u00a0et\u00a0Vladyslav Vasytskyi, tandis que le public a \u00e9t\u00e9 charm\u00e9 par Sofia Nersesyan. Elle l\u2019emporte avec une large avance et un total de 11 points.<\/p>\n<p><strong>Esp\u00e9rons que Motanka portera chance \u00e0 la jeune interpr\u00e8te. L\u2019Ukraine est le 14\u00e8me pays a s\u00e9lectionn\u00e9 son artiste pour Tbilissi. Rendez-vous dans les prochaines semaines pour conna\u00eetre la totalit\u00e9 des participants face \u00e0 Sofia Nersesyan. Dans l\u2019attente, \u00eates-vous ravis (ou pas) du choix ukrainien pour l\u2019Eurovision Junior 2025 ?<\/strong><\/p>\n<p>Cr\u00e9dits photographiques : UA:PBC | Suspilne<\/p>\n<p>J\u2019aime \u00e7a\u00a0:<\/p>\n<p>J\u2019aime chargement\u2026<\/p>\n<p><a class=\"sd-link-color\"\/><\/p>\n<p>\n\tSimilaire<\/p>\n","protected":false},"excerpt":{"rendered":"Au terme d\u2019une finale nationale durant laquelle les jeunes chanteurs ont \u00ab\u00a0r\u00eav\u00e9 en grand\u00a0\u00bb, l\u2019Ukraine a d\u00e9sign\u00e9 son&hellip;\n","protected":false},"author":2,"featured_media":458113,"comment_status":"","ping_status":"","sticky":false,"template":"","format":"standard","meta":{"footnotes":""},"categories":[1590],"tags":[11,1777,674,12,220],"class_list":{"0":"post-458112","1":"post","2":"type-post","3":"status-publish","4":"format-standard","5":"has-post-thumbnail","7":"category-ukraine","8":"tag-actualites","9":"tag-eu","10":"tag-europe","11":"tag-news","12":"tag-ukraine"},"share_on_mastodon":{"url":"https:\/\/pubeurope.com\/@fr\/115362799497235123","error":""},"_links":{"self":[{"href":"https:\/\/www.europesays.com\/fr\/wp-json\/wp\/v2\/posts\/458112","targetHints":{"allow":["GET"]}}],"collection":[{"href":"https:\/\/www.europesays.com\/fr\/wp-json\/wp\/v2\/posts"}],"about":[{"href":"https:\/\/www.europesays.com\/fr\/wp-json\/wp\/v2\/types\/post"}],"author":[{"embeddable":true,"href":"https:\/\/www.europesays.com\/fr\/wp-json\/wp\/v2\/users\/2"}],"replies":[{"embeddable":true,"href":"https:\/\/www.europesays.com\/fr\/wp-json\/wp\/v2\/comments?post=458112"}],"version-history":[{"count":0,"href":"https:\/\/www.europesays.com\/fr\/wp-json\/wp\/v2\/posts\/458112\/revisions"}],"wp:featuredmedia":[{"embeddable":true,"href":"https:\/\/www.europesays.com\/fr\/wp-json\/wp\/v2\/media\/458113"}],"wp:attachment":[{"href":"https:\/\/www.europesays.com\/fr\/wp-json\/wp\/v2\/media?parent=458112"}],"wp:term":[{"taxonomy":"category","embeddable":true,"href":"https:\/\/www.europesays.com\/fr\/wp-json\/wp\/v2\/categories?post=458112"},{"taxonomy":"post_tag","embeddable":true,"href":"https:\/\/www.europesays.com\/fr\/wp-json\/wp\/v2\/tags?post=458112"}],"curies":[{"name":"wp","href":"https:\/\/api.w.org\/{rel}","templated":true}]}}