{"id":458118,"date":"2025-10-12T19:18:36","date_gmt":"2025-10-12T19:18:36","guid":{"rendered":"https:\/\/www.europesays.com\/fr\/458118\/"},"modified":"2025-10-12T19:18:36","modified_gmt":"2025-10-12T19:18:36","slug":"lallemagne-finalise-un-accord-avec-les-talibans-pour-renvoyer-des-demandeurs-dasile-afghans-dans-leur-pays-dorigine","status":"publish","type":"post","link":"https:\/\/www.europesays.com\/fr\/458118\/","title":{"rendered":"l\u2019Allemagne finalise un accord avec les talibans pour renvoyer des demandeurs d\u2019asile afghans dans leur pays d\u2019origine"},"content":{"rendered":"<p>\n    Confront\u00e9e \u00e0 une forte mont\u00e9e de l\u2019extr\u00eame droite, l\u2019Allemagne de Friedrich Merz organise depuis plusieurs mois des charters vers l\u2019Afghanistan pour renvoyer des demandeurs d\u2019asile inculp\u00e9s par la justice. Un accord est sur le point d\u2019\u00eatre trouv\u00e9 pour faciliter ces expulsions.<\/p>\n<p class=\"fig-paragraph\">Un accord entre Berlin et les talibans serait sur le point d&rsquo;\u00eatre conclu pour rendre \u00abr\u00e9guliers\u00bb les vols d&rsquo;expulsions vers l&rsquo;Afghanistan, a d\u00e9clar\u00e9 samedi le ministre allemand de l&rsquo;Int\u00e9rieur, ce qui s&rsquo;inscrit dans le cadre d&rsquo;un durcissement de la politique migratoire allemande.<\/p>\n<p class=\"fig-paragraph\">\u00abLes discussions sont tr\u00e8s avanc\u00e9es, si bien que nous pouvons supposer que nous aurons tr\u00e8s bient\u00f4t un accord\u00bb, a d\u00e9clar\u00e9 Alexander Dobrindt au site d&rsquo;information en ligne \u00abThe Pioneer\u00bb. \u00abNous voulons effectuer des renvois r\u00e9guliers, et cela ne signifie pas uniquement par des vols charter, mais \u00e9galement par des vols commerciaux\u00bb, a ajout\u00e9 le ministre conservateur (CSU).<\/p>\n<p>                                    <a class=\"fig-a11y-skip a11y-hidden\" href=\"#fig-a11y-skip-main-inarticle\"><br \/>\n        Passer la publicit\u00e9<br \/>\n    <\/a><\/p>\n<p class=\"fig-paragraph\">En fonction depuis mai, le chancelier Friedrich Merz a promis d&rsquo;acc\u00e9l\u00e9rer les expulsions de demandeurs d&rsquo;asile afghans coupables de crimes dans le pays. Ces renvois sont controvers\u00e9s en raison du retour au pouvoir des talibans en ao\u00fbt 2021, autorit\u00e9 que l&rsquo;Allemagne ne reconna\u00eet pas.<\/p>\n<p class=\"fig-body-link\">\n            \u00c0 lire aussi<br \/>\n        <a class=\"fig-body-link__link\" href=\"http:\/\/www.lefigaro.fr\/international\/allemagne-l-auteur-afghan-de-l-attaque-au-couteau-de-mannheim-en-mai-2024-condamne-a-perpetuite-20250916\" data-fig-type=\"NewsFlash\" data-gtm-custom-categorie=\"navigation\" data-gtm-custom-action=\"crossclick\" data-gtm-custom-label=\"Contextuel\" data-gtm-event=\"customEventSPE\" data-fig-domain=\"LEFIGARO\" target=\"_blank\" rel=\"noopener\">Allemagne\u00a0: l\u2019auteur afghan de l\u2019attaque au couteau de Mannheim en mai 2024 condamn\u00e9 \u00e0 perp\u00e9tuit\u00e9<br \/>\n    <\/a>\n<\/p>\n<p class=\"fig-paragraph\">Depuis lors, Berlin a r\u00e9alis\u00e9 deux vols d&rsquo;expulsions d&rsquo;Afghans condamn\u00e9s par la justice allemande\u00a0: 81 en juillet dernier et 28 \u00e0 l&rsquo;\u00e9t\u00e9 2024. Ces vols charters \u00e9taient organis\u00e9s par le Qatar, qui jouait le r\u00f4le de m\u00e9diateur. Mais en septembre, le minist\u00e8re f\u00e9d\u00e9ral de l&rsquo;Int\u00e9rieur avait annonc\u00e9 des discussions directes avec les talibans.<\/p>\n<p class=\"fig-paragraph\">Des employ\u00e9s du minist\u00e8re ont men\u00e9 \u00e0 Kaboul le premier week-end d&rsquo;octobre \u00abdes discussions techniques avec les responsables sur place pour organiser\u00bb ces vols d&rsquo;expulsions, a ajout\u00e9 Alexander Dobrindt. Le ministre conservateur \u00abfera tout pour que cela fonctionne\u00bb, par exemple aller \u00e0 Kaboul si cela est n\u00e9cessaire, et veut \u00abtenter la m\u00eame chose avec la Syrie\u00bb.<\/p>\n<p class=\"fig-paragraph\">Apr\u00e8s la chute du pr\u00e9sident Bachar al-Assad, l&rsquo;Allemagne, comme plusieurs pays europ\u00e9ens, avait \u00e9galement annonc\u00e9 geler les proc\u00e9dures de demandes d&rsquo;asile de ressortissants syriens. Le durcissement de la politique migratoire est l&rsquo;un des rem\u00e8des esp\u00e9r\u00e9s par Friedrich Merz \u00e0 l&rsquo;essor de l&rsquo;extr\u00eame droite, au coude-\u00e0-coude avec les conservateurs dans les r\u00e9cents sondages.<\/p>\n","protected":false},"excerpt":{"rendered":"Confront\u00e9e \u00e0 une forte mont\u00e9e de l\u2019extr\u00eame droite, l\u2019Allemagne de Friedrich Merz organise depuis plusieurs mois des charters&hellip;\n","protected":false},"author":2,"featured_media":458119,"comment_status":"","ping_status":"","sticky":false,"template":"","format":"standard","meta":{"footnotes":""},"categories":[1587],"tags":[11,598,672,1804,1805,1803,1777,674,1801,1061,12,1802],"class_list":{"0":"post-458118","1":"post","2":"type-post","3":"status-publish","4":"format-standard","5":"has-post-thumbnail","7":"category-allemagne","8":"tag-actualites","9":"tag-afghanistan","10":"tag-allemagne","11":"tag-bundesrepublik-deutschland","12":"tag-de","13":"tag-deutschland","14":"tag-eu","15":"tag-europe","16":"tag-germany","17":"tag-immigration","18":"tag-news","19":"tag-republique-federale-dallemagne"},"share_on_mastodon":{"url":"https:\/\/pubeurope.com\/@fr\/115362811276542282","error":""},"_links":{"self":[{"href":"https:\/\/www.europesays.com\/fr\/wp-json\/wp\/v2\/posts\/458118","targetHints":{"allow":["GET"]}}],"collection":[{"href":"https:\/\/www.europesays.com\/fr\/wp-json\/wp\/v2\/posts"}],"about":[{"href":"https:\/\/www.europesays.com\/fr\/wp-json\/wp\/v2\/types\/post"}],"author":[{"embeddable":true,"href":"https:\/\/www.europesays.com\/fr\/wp-json\/wp\/v2\/users\/2"}],"replies":[{"embeddable":true,"href":"https:\/\/www.europesays.com\/fr\/wp-json\/wp\/v2\/comments?post=458118"}],"version-history":[{"count":0,"href":"https:\/\/www.europesays.com\/fr\/wp-json\/wp\/v2\/posts\/458118\/revisions"}],"wp:featuredmedia":[{"embeddable":true,"href":"https:\/\/www.europesays.com\/fr\/wp-json\/wp\/v2\/media\/458119"}],"wp:attachment":[{"href":"https:\/\/www.europesays.com\/fr\/wp-json\/wp\/v2\/media?parent=458118"}],"wp:term":[{"taxonomy":"category","embeddable":true,"href":"https:\/\/www.europesays.com\/fr\/wp-json\/wp\/v2\/categories?post=458118"},{"taxonomy":"post_tag","embeddable":true,"href":"https:\/\/www.europesays.com\/fr\/wp-json\/wp\/v2\/tags?post=458118"}],"curies":[{"name":"wp","href":"https:\/\/api.w.org\/{rel}","templated":true}]}}