{"id":458120,"date":"2025-10-12T19:19:10","date_gmt":"2025-10-12T19:19:10","guid":{"rendered":"https:\/\/www.europesays.com\/fr\/458120\/"},"modified":"2025-10-12T19:19:10","modified_gmt":"2025-10-12T19:19:10","slug":"un-policier-tabasse-lors-dun-concert-de-rap-symbole-dune-france-sans-autorite","status":"publish","type":"post","link":"https:\/\/www.europesays.com\/fr\/458120\/","title":{"rendered":"un policier tabass\u00e9 lors d&rsquo;un concert de rap, symbole d\u2019une France sans autorit\u00e9 ?"},"content":{"rendered":"<p>            Description de l&rsquo;\u00e9pisode<\/p>\n<p>Vendredi, samedi et dimanche dans Europe 1 Soir Week-end, St\u00e9phanie de Muru re\u00e7oit un invit\u00e9 au c\u0153ur de l&rsquo;actualit\u00e9 politique. Aujourd&rsquo;hui, Lo\u00efc Dessertenne, responsable Paris pour le syndicat Alliance Police Nationale pour \u00e9voquer les affrontements qui ont eu lieu \u00e0 Ch\u00e2telet-Les Halles entre la foule et les policiers lors d&rsquo;un concert.<\/p>\n<p><strong>Invit\u00e9s :<\/strong><\/p>\n<p>&#8211;\u00a0Lo\u00efc Dessertenne, responsable Paris pour le syndicat Alliance Police Nationale.<\/p>\n<p>&#8211;\u00a0\u00c9ric Revel, journaliste.<\/p>\n<p>&#8211;\u00a0Alexandre Malafaye, fondateur du think tank Synopia.<\/p>\n","protected":false},"excerpt":{"rendered":"Description de l&rsquo;\u00e9pisode Vendredi, samedi et dimanche dans Europe 1 Soir Week-end, St\u00e9phanie de Muru re\u00e7oit un invit\u00e9&hellip;\n","protected":false},"author":2,"featured_media":458121,"comment_status":"","ping_status":"","sticky":false,"template":"","format":"standard","meta":{"footnotes":""},"categories":[1586],"tags":[11,1777,674,1011,27,12,25],"class_list":{"0":"post-458120","1":"post","2":"type-post","3":"status-publish","4":"format-standard","5":"has-post-thumbnail","7":"category-europe","8":"tag-actualites","9":"tag-eu","10":"tag-europe","11":"tag-fr","12":"tag-france","13":"tag-news","14":"tag-republique-francaise"},"share_on_mastodon":{"url":"https:\/\/pubeurope.com\/@fr\/115362815331621057","error":""},"_links":{"self":[{"href":"https:\/\/www.europesays.com\/fr\/wp-json\/wp\/v2\/posts\/458120","targetHints":{"allow":["GET"]}}],"collection":[{"href":"https:\/\/www.europesays.com\/fr\/wp-json\/wp\/v2\/posts"}],"about":[{"href":"https:\/\/www.europesays.com\/fr\/wp-json\/wp\/v2\/types\/post"}],"author":[{"embeddable":true,"href":"https:\/\/www.europesays.com\/fr\/wp-json\/wp\/v2\/users\/2"}],"replies":[{"embeddable":true,"href":"https:\/\/www.europesays.com\/fr\/wp-json\/wp\/v2\/comments?post=458120"}],"version-history":[{"count":0,"href":"https:\/\/www.europesays.com\/fr\/wp-json\/wp\/v2\/posts\/458120\/revisions"}],"wp:featuredmedia":[{"embeddable":true,"href":"https:\/\/www.europesays.com\/fr\/wp-json\/wp\/v2\/media\/458121"}],"wp:attachment":[{"href":"https:\/\/www.europesays.com\/fr\/wp-json\/wp\/v2\/media?parent=458120"}],"wp:term":[{"taxonomy":"category","embeddable":true,"href":"https:\/\/www.europesays.com\/fr\/wp-json\/wp\/v2\/categories?post=458120"},{"taxonomy":"post_tag","embeddable":true,"href":"https:\/\/www.europesays.com\/fr\/wp-json\/wp\/v2\/tags?post=458120"}],"curies":[{"name":"wp","href":"https:\/\/api.w.org\/{rel}","templated":true}]}}