{"id":458122,"date":"2025-10-12T19:20:13","date_gmt":"2025-10-12T19:20:13","guid":{"rendered":"https:\/\/www.europesays.com\/fr\/458122\/"},"modified":"2025-10-12T19:20:13","modified_gmt":"2025-10-12T19:20:13","slug":"tennis-clement-deleersnyder-a-eu-tres-chaud-le-vainqueur-du-masters-du-circuit-des-raquettes-la-depeche-du-midi-bnp-paribas-renverse-la-table","status":"publish","type":"post","link":"https:\/\/www.europesays.com\/fr\/458122\/","title":{"rendered":"Tennis\u00a0: Cl\u00e9ment Deleersnyder a eu tr\u00e8s chaud\u2026 Le vainqueur du Masters du Circuit des Raquettes \u00ab\u00a0La D\u00e9p\u00eache du Midi-BNP Paribas\u00a0\u00bb renverse la table"},"content":{"rendered":"<p>\n                                                                    l&rsquo;essentiel<br \/>\n                                                                Men\u00e9 6-2, 5-4 dimanche 12\u00a0octobre en finale, avec une balle de match contre lui, le joueur du Stade Toulousain a eu le dernier mot contre Julien Dando.\n                            <\/p>\n<p>\u00ab\u00a0J\u2019ai l\u00e2ch\u00e9 mon coup et c\u2019est rentr\u00e9.\u00a0\u00bb Dimanche matin au TC Muret, sur terre battue int\u00e9rieure, Cl\u00e9ment Deleersnyder (N.92 fran\u00e7ais) se dirigeait vers une d\u00e9faite en deux manches face \u00e0 Julien Dando (-4\/6, Nogaro-Le Houga TC). Mais \u00e0 6-2, 5-4 en sa d\u00e9faveur, le joueur du Stade Toulousain Tennis Padel renversait la situation apr\u00e8s avoir sauv\u00e9 cette balle de match (2-6, 7-5, 6-4).<\/p>\n<p>        <img decoding=\"async\" class=\"std-img__img responsive-img\" src=\"https:\/\/www.europesays.com\/fr\/wp-content\/uploads\/2025\/10\/1760296812_599_image.jpg\" alt=\"Le Stadiste \u00e9tait t\u00eate de s\u00e9rie N.1 du tableau.\"\/><\/p>\n<p>                Le Stadiste \u00e9tait t\u00eate de s\u00e9rie N.1 du tableau.<br \/>\n                                    DDM &#8211; FABRICE AYGALENQ<\/p>\n<p>\u00ab\u00a0Apr\u00e8s \u00e7a, j\u2019ai r\u00e9ussi \u00e0 tenir physiquement. Gagner de cette fa\u00e7on, cela m\u2019est d\u00e9j\u00e0 arriv\u00e9. Mais, forc\u00e9ment, \u00e7a ajoute une saveur particuli\u00e8re. Apr\u00e8s si j\u2019avais perdu en deux manches, cela n\u2019aurait pas \u00e9t\u00e9 illogique compte tenu du niveau de mon adversaire\u00a0\u00bb, expliquait le joueur de 23 ans, de retour cette saison au club des Sept-Deniers.<\/p>\n<p class=\"std-elt__inline\">\n        <strong>\u00c0 lire aussi :<\/strong><br \/>\n        <a href=\"https:\/\/www.ladepeche.fr\/2025\/10\/09\/masters-du-circuit-des-raquettes-la-depeche-du-midi-bnp-paribas-le-bouquet-final-ce-week-end-a-muret-12982494.php\" rel=\"nofollow noopener\" target=\"_blank\">Masters du Circuit des Raquettes \u00ab\u00a0La D\u00e9p\u00eache du Midi \u2013 BNP Paribas\u00a0\u00bb\u00a0: le bouquet final ce week-end \u00e0 Muret<\/a>\n    <\/p>\n<p>T\u00eate de s\u00e9rie N.1 de ce Masters, il avait \u00e9cart\u00e9 samedi en demie (pour son entr\u00e9e en lice) Gr\u00e9goire Gervail (-2\/6, Marmande TC) sur le score de 7-6, 6-3. Quant au classement final du Circuit, avec sept \u00e9tapes remport\u00e9es, dont celle de Muret d\u00e9but mai, il conserve la 2e place derri\u00e8re l\u2019Argentin Tomas Rengel Sierra (-4\/6, TC Saint-Est\u00e8ve), contraint \u00e0 l\u2019abandon en demie.<\/p>\n<p class=\"std-elt__inline\">\n        <strong>\u00c0 lire aussi :<\/strong><br \/>\n        <a href=\"https:\/\/www.ladepeche.fr\/2025\/10\/11\/portrait-tennis-daria-fastre-boursinhac-revient-de-loin-la-finaliste-ce-dimanche-du-masters-du-circuit-des-raquettes-nous-raconte-son-histoire-12986877.php\" rel=\"nofollow noopener\" target=\"_blank\">PORTRAIT. Tennis\u00a0: Daria Fastre-Boursinhac revient de loin\u2026 La finaliste, ce dimanche, du Masters du circuit des Raquettes nous raconte son histoire<\/a>\n    <\/p>\n<p>Dans le tableau f\u00e9minin, les ann\u00e9es se suivent et se ressemblent\u00a0: pour la quatri\u00e8me fois d\u2019affil\u00e9e, Amira Benaissa (-2\/6, US Colomiers Tennis\u00a0&amp; Padel) a remport\u00e9 la mise. Plac\u00e9e elle aussi directement dans le dernier carr\u00e9, elle avait \u00e9limin\u00e9 samedi en deux manches (6-0, 7-5) Laura Busnel (3\/6, Plaisance TC). Puis, dimanche, l\u2019Alg\u00e9rienne, t\u00eate de s\u00e9rie N.1, a encore domin\u00e9 (6-1, 6-4) Daria Fastre-Boursinhac (0, Blagnac TC).<\/p>\n<p class=\"std-elt__inline\">\n        <strong>\u00c0 lire aussi :<\/strong><br \/>\n        <a href=\"https:\/\/www.ladepeche.fr\/2025\/10\/09\/masters-du-circuit-des-raquettes-la-depeche-du-midi-bnp-paribas-martin-simon-dans-le-grand-bain-12981967.php\" rel=\"nofollow noopener\" target=\"_blank\">Masters du Circuit des Raquettes \u00ab\u00a0La D\u00e9p\u00eache du Midi \u2013 BNP Paribas\u00a0\u00bb\u00a0: Martin Simon dans le grand bain<\/a>\n    <\/p>\n<p>\u00ab\u00a0Contre Daria, je sais qu\u2019il ne faut pas que je lui laisse du temps pour qu\u2019elle mette son jeu en place. Du coup, quand on se joue, je sais que je dois \u00eatre agressive en prenant au maximum la balle t\u00f4t. Dans le second set, j\u2019\u00e9tais pourtant men\u00e9e 3 jeux \u00e0 1. Mais j\u2019ai su me ressaisir. Son style de jeu me convient plut\u00f4t bien (rires)\u00a0\u00bb, pr\u00e9cisait la Colum\u00e9rine, d\u00e9j\u00e0 titr\u00e9e d\u00e9but mai sur la terre battue muretaine. Au total, elle a empoch\u00e9 cinq \u00e9tapes. Quant au classement du Circuit, en revenant \u00e0 Muret, elle \u00e9tait d\u2019ores et d\u00e9j\u00e0 assur\u00e9e de boucler la saison \u00e0 la 1re place.<\/p>\n","protected":false},"excerpt":{"rendered":"l&rsquo;essentiel Men\u00e9 6-2, 5-4 dimanche 12\u00a0octobre en finale, avec une balle de match contre lui, le joueur du&hellip;\n","protected":false},"author":2,"featured_media":458123,"comment_status":"","ping_status":"","sticky":false,"template":"","format":"standard","meta":{"footnotes":""},"categories":[1586],"tags":[11,1777,674,1779,1011,27,12,25,1778,364],"class_list":{"0":"post-458122","1":"post","2":"type-post","3":"status-publish","4":"format-standard","5":"has-post-thumbnail","7":"category-europe","8":"tag-actualites","9":"tag-eu","10":"tag-europe","11":"tag-european-union","12":"tag-fr","13":"tag-france","14":"tag-news","15":"tag-republique-francaise","16":"tag-ue","17":"tag-union-europeenne"},"share_on_mastodon":{"url":"https:\/\/pubeurope.com\/@fr\/115362819809751124","error":""},"_links":{"self":[{"href":"https:\/\/www.europesays.com\/fr\/wp-json\/wp\/v2\/posts\/458122","targetHints":{"allow":["GET"]}}],"collection":[{"href":"https:\/\/www.europesays.com\/fr\/wp-json\/wp\/v2\/posts"}],"about":[{"href":"https:\/\/www.europesays.com\/fr\/wp-json\/wp\/v2\/types\/post"}],"author":[{"embeddable":true,"href":"https:\/\/www.europesays.com\/fr\/wp-json\/wp\/v2\/users\/2"}],"replies":[{"embeddable":true,"href":"https:\/\/www.europesays.com\/fr\/wp-json\/wp\/v2\/comments?post=458122"}],"version-history":[{"count":0,"href":"https:\/\/www.europesays.com\/fr\/wp-json\/wp\/v2\/posts\/458122\/revisions"}],"wp:featuredmedia":[{"embeddable":true,"href":"https:\/\/www.europesays.com\/fr\/wp-json\/wp\/v2\/media\/458123"}],"wp:attachment":[{"href":"https:\/\/www.europesays.com\/fr\/wp-json\/wp\/v2\/media?parent=458122"}],"wp:term":[{"taxonomy":"category","embeddable":true,"href":"https:\/\/www.europesays.com\/fr\/wp-json\/wp\/v2\/categories?post=458122"},{"taxonomy":"post_tag","embeddable":true,"href":"https:\/\/www.europesays.com\/fr\/wp-json\/wp\/v2\/tags?post=458122"}],"curies":[{"name":"wp","href":"https:\/\/api.w.org\/{rel}","templated":true}]}}