{"id":458130,"date":"2025-10-12T19:26:10","date_gmt":"2025-10-12T19:26:10","guid":{"rendered":"https:\/\/www.europesays.com\/fr\/458130\/"},"modified":"2025-10-12T19:26:10","modified_gmt":"2025-10-12T19:26:10","slug":"top-14-jai-encore-pas-mal-de-boulot-pour-revenir-a-mon-meilleur-niveau-antoine-dupont-toulouse-xv-de-france-se-confie-sur-son-retour","status":"publish","type":"post","link":"https:\/\/www.europesays.com\/fr\/458130\/","title":{"rendered":"Top 14 &#8211; \u00ab\u00a0J&rsquo;ai encore pas mal de boulot pour revenir \u00e0 mon meilleur niveau\u00a0\u00bb : Antoine Dupont (Toulouse \/ XV de France) se confie sur son retour"},"content":{"rendered":"<p>\n                En convalescence depuis sa grave blessure au genou survenue en mars dernier, Antoine Dupont entrevoit enfin la lumi\u00e8re au bout du tunnel. Le capitaine du XV de France et du Stade toulousain poursuit sa r\u00e9\u00e9ducation avec s\u00e9rieux et esp\u00e8re retrouver les terrains d\u2019ici \u00ab\u00a0fin novembre, d\u00e9but d\u00e9cembre\u00a0\u00bb.\u00a0\n            <\/p>\n<p data-end=\"870\" data-start=\"330\">Antoine Dupont se rapproche d&rsquo;un retour sur les terrains. Et m\u00eame s&rsquo;il faudra encore attendre quelques semaines avant de profiter, de nouveau, du talent du demi de m\u00eal\u00e9e toulousain, la convalescence du capitaine du XV de France se d\u00e9roule pour le mieux. \u00ab\u00a0\u00c7a va de mieux en mieux, a-t-il confi\u00e9 au micro de Canal+ pour les dix ans du Canal Rugby Club. Le chemin est long et fastidieux, mais j\u2019avance petit \u00e0 petit. Pour moi, \u00e7a se passe plut\u00f4t bien. Il va me rester encore environ deux mois avant de rejouer, si tout se passe bien d\u2019ici l\u00e0.\u00a0\u00bb<\/p>\n<p data-end=\"1382\" data-start=\"872\">Le 8 mars 2025, le capitaine du XV de France s&rsquo;\u00e9tait rompu le ligament crois\u00e9 du genou droit. Le d\u00e9but d&rsquo;une longue p\u00e9riode \u00e9loign\u00e9 des pelouses, qui n&rsquo;a pas \u00e9t\u00e9 facile \u00e0 g\u00e9rer, comme le confie le joueur : \u00ab\u00a0Les premiers mois, il n\u2019y a pas beaucoup de rugby, malheureusement. Beaucoup de salle, de kin\u00e9, de muscu, pour regagner de la force. Ce n\u2019est pas tr\u00e8s fun. Je n\u2019ai pas pu faire beaucoup de rugby. \u00c9videmment, quand on voit ces matchs, \u00e7a donne envie de revenir, mais dans de bonnes conditions.\u00a0\u00bb<\/p>\n<blockquote><p>\nJe suis encore en d\u00e9ficit\n<\/p><\/blockquote>\n<p data-end=\"1851\" data-start=\"1384\">Depuis plusieurs semaines, Dupont le r\u00e9p\u00e8te : il ne prendra aucun risque avec un retour pr\u00e9cipit\u00e9. \u00ab\u00a0J&rsquo;ai encore pas mal d&rsquo;\u00e9tapes \u00e0 franchir, a-t-il une nouvelle fois assur\u00e9 au micro de son pote Sacha Valleau. On va voir comment elles se d\u00e9roulent, mais ce sera (son retour, N.D.L.R.) autour de fin novembre, d\u00e9but d\u00e9cembre. [&#8230;] Je sens que je suis encore en d\u00e9ficit. J\u2019ai encore pas mal de boulot pour revenir \u00e0 mon meilleur niveau.\u00a0\u00bb<\/p>\n<p data-end=\"2380\" data-start=\"1853\">Relanc\u00e9 sur le travail qu&rsquo;il lui reste \u00e0 accomplir avant d&rsquo;envisager une date pr\u00e9cise pour son premier match, Antoine Dupont explique : \u00ab\u00a0C\u2019est surtout du renforcement dans le quadriceps, pour pouvoir \u00eatre le plus \u00e0 l\u2019aise possible dans mes d\u00e9placements, et emp\u00eacher les douleurs. Plus la cuisse est muscl\u00e9e, moins il y a de douleur dans le genou. Et apr\u00e8s, c\u2019est juste passer du temps sur le terrain, retrouver les automatismes. Mais ce n\u2019est pas ce qui m\u2019inqui\u00e8te le plus : je connais pas mal les mecs ici, depuis des ann\u00e9es.\u00a0\u00bb<\/p>\n<p data-end=\"2511\" data-start=\"2382\">Il sera d&rsquo;ailleurs aux premi\u00e8res loges pour suivre le match de cl\u00f4ture de la 6e journ\u00e9e de Top 14 face \u00e0 l&rsquo;Union Bordeaux-B\u00e8gles.<\/p>\n","protected":false},"excerpt":{"rendered":"En convalescence depuis sa grave blessure au genou survenue en mars dernier, Antoine Dupont entrevoit enfin la lumi\u00e8re&hellip;\n","protected":false},"author":2,"featured_media":458131,"comment_status":"","ping_status":"","sticky":false,"template":"","format":"standard","meta":{"footnotes":""},"categories":[1416],"tags":[1011,27,479,1468,60],"class_list":{"0":"post-458130","1":"post","2":"type-post","3":"status-publish","4":"format-standard","5":"has-post-thumbnail","7":"category-rugby","8":"tag-fr","9":"tag-france","10":"tag-rugby","11":"tag-rugby-football","12":"tag-sports"},"share_on_mastodon":{"url":"https:\/\/pubeurope.com\/@fr\/115362842788601036","error":""},"_links":{"self":[{"href":"https:\/\/www.europesays.com\/fr\/wp-json\/wp\/v2\/posts\/458130","targetHints":{"allow":["GET"]}}],"collection":[{"href":"https:\/\/www.europesays.com\/fr\/wp-json\/wp\/v2\/posts"}],"about":[{"href":"https:\/\/www.europesays.com\/fr\/wp-json\/wp\/v2\/types\/post"}],"author":[{"embeddable":true,"href":"https:\/\/www.europesays.com\/fr\/wp-json\/wp\/v2\/users\/2"}],"replies":[{"embeddable":true,"href":"https:\/\/www.europesays.com\/fr\/wp-json\/wp\/v2\/comments?post=458130"}],"version-history":[{"count":0,"href":"https:\/\/www.europesays.com\/fr\/wp-json\/wp\/v2\/posts\/458130\/revisions"}],"wp:featuredmedia":[{"embeddable":true,"href":"https:\/\/www.europesays.com\/fr\/wp-json\/wp\/v2\/media\/458131"}],"wp:attachment":[{"href":"https:\/\/www.europesays.com\/fr\/wp-json\/wp\/v2\/media?parent=458130"}],"wp:term":[{"taxonomy":"category","embeddable":true,"href":"https:\/\/www.europesays.com\/fr\/wp-json\/wp\/v2\/categories?post=458130"},{"taxonomy":"post_tag","embeddable":true,"href":"https:\/\/www.europesays.com\/fr\/wp-json\/wp\/v2\/tags?post=458130"}],"curies":[{"name":"wp","href":"https:\/\/api.w.org\/{rel}","templated":true}]}}