{"id":458139,"date":"2025-10-12T19:32:14","date_gmt":"2025-10-12T19:32:14","guid":{"rendered":"https:\/\/www.europesays.com\/fr\/458139\/"},"modified":"2025-10-12T19:32:14","modified_gmt":"2025-10-12T19:32:14","slug":"galatasaray-veut-soffrir-un-joueur-du-psg-des-cet-hiver","status":"publish","type":"post","link":"https:\/\/www.europesays.com\/fr\/458139\/","title":{"rendered":"Galatasaray veut s\u2019offrir un joueur du PSG d\u00e8s cet hiver"},"content":{"rendered":"<p>L\u2019exploit face \u00e0 Liverpool n\u2019a fait que consolider les ambitions de <a href=\"https:\/\/www.footmercato.net\/club\/galatasaray-spor-kulubu\/\" rel=\"nofollow noopener\" target=\"_blank\">Galatasaray<\/a>. D\u00e9j\u00e0 tr\u00e8s actif cet \u00e9t\u00e9 sur le march\u00e9 des transferts, en t\u00e9moignent les arriv\u00e9es de Victor Osimhen, Ugurcan Cakir, Wilfried Singo ou encore Ismail Jakobs pour plus de 150 millions d\u2019euros (sans oublier les signatures libres de Leroy San\u00e9 et d\u2019\u0130lkay G\u00fcndo\u011fan), le club stambouliote compte encore se renforcer.<\/p>\n<p>            La suite apr\u00e8s cette publicit\u00e9<\/p>\n<p>D\u2019apr\u00e8s Fanatik, c\u2019est en d\u00e9fense que Galatasaray pourrait \u00eatre tent\u00e9 de recruter d\u00e8s cet hiver. L\u2019id\u00e9e serait de ramener un concurrent \u00e0 Davinson Sanchez et Abd\u00fclkerim Bardakc\u0131, alors que Wilfried Singo est, lui, pr\u00e9f\u00e9r\u00e9 \u00e0 droite. Dans cette perspective, le nom de <a href=\"https:\/\/www.footmercato.net\/joueur\/lucas-lopes-beraldo\/\" rel=\"nofollow noopener\" target=\"_blank\">Lucas Beraldo<\/a> revient avec insistance depuis quelques heures. <\/p>\n<p>            La suite apr\u00e8s cette publicit\u00e9<\/p>\n<p>        Beraldo souffre de la concurrence \u00e0 Paris<\/p>\n<p>Consid\u00e9r\u00e9 comme un d\u00e9fenseur de premier plan en Turquie, l\u2019international br\u00e9silien (4 s\u00e9lections) pourrait faire l\u2019objet d\u2019une offre de pr\u00eat avec option d\u2019achat, alors que son contrat \u00e0 Paris expire en 2028. Souvent lou\u00e9 par Luis Enrique depuis son arriv\u00e9e, le joueur de 21 ans reste aujourd\u2019hui un \u00e9l\u00e9ment secondaire de l\u2019effectif parisien, derri\u00e8re Marquinhos, Pacho et Zabarnyi dans la hi\u00e9rarchie.<\/p>\n<p>Ce n\u2019est pas un hasard s\u2019il avait commenc\u00e9 le Classique face \u00e0 l\u2019OM, puis le choc face au Bar\u00e7a, sur le banc. Fanatik indique que des discussions \u00ab\u00a0intenses\u00a0\u00bb auront ainsi lieu cet hiver entre Paris et Galatasaray. Le Br\u00e9silien, qui vise la Coupe du Monde 2026 avec le Br\u00e9sil, serait ouvert \u00e0 l\u2019id\u00e9e de rejoindre un club lui offrant davantage de temps de jeu. Affaire \u00e0 suivre.<\/p>\n<p>\n    Pub. le 12\/10\/2025 16:21<br \/>\n            &#8211; MAJ le 12\/10\/2025 20:37\n    <\/p>\n","protected":false},"excerpt":{"rendered":"L\u2019exploit face \u00e0 Liverpool n\u2019a fait que consolider les ambitions de Galatasaray. D\u00e9j\u00e0 tr\u00e8s actif cet \u00e9t\u00e9 sur&hellip;\n","protected":false},"author":2,"featured_media":458140,"comment_status":"","ping_status":"","sticky":false,"template":"","format":"standard","meta":{"footnotes":""},"categories":[1410],"tags":[63,1011,27,60],"class_list":{"0":"post-458139","1":"post","2":"type-post","3":"status-publish","4":"format-standard","5":"has-post-thumbnail","7":"category-football","8":"tag-football","9":"tag-fr","10":"tag-france","11":"tag-sports"},"share_on_mastodon":{"url":"https:\/\/pubeurope.com\/@fr\/115362866323942657","error":""},"_links":{"self":[{"href":"https:\/\/www.europesays.com\/fr\/wp-json\/wp\/v2\/posts\/458139","targetHints":{"allow":["GET"]}}],"collection":[{"href":"https:\/\/www.europesays.com\/fr\/wp-json\/wp\/v2\/posts"}],"about":[{"href":"https:\/\/www.europesays.com\/fr\/wp-json\/wp\/v2\/types\/post"}],"author":[{"embeddable":true,"href":"https:\/\/www.europesays.com\/fr\/wp-json\/wp\/v2\/users\/2"}],"replies":[{"embeddable":true,"href":"https:\/\/www.europesays.com\/fr\/wp-json\/wp\/v2\/comments?post=458139"}],"version-history":[{"count":0,"href":"https:\/\/www.europesays.com\/fr\/wp-json\/wp\/v2\/posts\/458139\/revisions"}],"wp:featuredmedia":[{"embeddable":true,"href":"https:\/\/www.europesays.com\/fr\/wp-json\/wp\/v2\/media\/458140"}],"wp:attachment":[{"href":"https:\/\/www.europesays.com\/fr\/wp-json\/wp\/v2\/media?parent=458139"}],"wp:term":[{"taxonomy":"category","embeddable":true,"href":"https:\/\/www.europesays.com\/fr\/wp-json\/wp\/v2\/categories?post=458139"},{"taxonomy":"post_tag","embeddable":true,"href":"https:\/\/www.europesays.com\/fr\/wp-json\/wp\/v2\/tags?post=458139"}],"curies":[{"name":"wp","href":"https:\/\/api.w.org\/{rel}","templated":true}]}}