{"id":458163,"date":"2025-10-12T19:47:15","date_gmt":"2025-10-12T19:47:15","guid":{"rendered":"https:\/\/www.europesays.com\/fr\/458163\/"},"modified":"2025-10-12T19:47:15","modified_gmt":"2025-10-12T19:47:15","slug":"un-rebond-apres-une-periode-difficile","status":"publish","type":"post","link":"https:\/\/www.europesays.com\/fr\/458163\/","title":{"rendered":"un rebond apr\u00e8s une p\u00e9riode difficile"},"content":{"rendered":"<p>                                                        <img loading=\"lazy\" decoding=\"async\" width=\"1280\" height=\"852\" src=\"data:image\/svg+xml,%3Csvg%20xmlns=\" http:=\"\" class=\"thumb img-responsive m-x-auto block w-full\" alt=\"Une situation financi\u00e8re critique mais une volont\u00e9 de se transformer\" caption=\"\" data-lazy-src=\"https:\/\/www.europesays.com\/fr\/wp-content\/uploads\/2025\/10\/redressement-judiciaire-1-1.webp.webp\"\/><\/p>\n<p class=\"ez-toc-title ez-toc-toggle\" style=\"cursor: pointer\">Sommaire &amp; acc\u00e8s rapide<\/p>\n<p><a href=\"#\" class=\"ez-toc-pull-right ez-toc-btn ez-toc-btn-xs ez-toc-btn-default ez-toc-toggle\" aria-label=\"Toggle Table of Content\">Toggle<\/a><\/p>\n<p>La c\u00e9l\u00e8bre boutique <strong>Coursol<\/strong>, embl\u00e8me de la rue Michelet \u00e0 Saint-\u00c9tienne, traverse une p\u00e9riode de turbulence. \u00c0 seulement quelques mois de ses 70 ans, cette enseigne sp\u00e9cialis\u00e9e dans le mat\u00e9riel de cuisine a d\u00fb faire face \u00e0 une cessation des paiements, entra\u00eenant une proc\u00e9dure de <strong>redressement judiciaire<\/strong>. Une \u00e9tape souvent redout\u00e9e, mais aussi une opportunit\u00e9 pour se repositionner et pr\u00e9parer un avenir renouvel\u00e9. D\u00e9cortiquons cette actualit\u00e9, ses enjeux et ses perspectives de relance.<\/p>\n<p>Une situation financi\u00e8re critique mais une volont\u00e9 de se transformer<\/p>\n<p>Le 1er octobre dernier, le tribunal de commerce de Saint-\u00c9tienne a valid\u00e9 la demande de <strong>redressement judiciaire<\/strong> d\u00e9pos\u00e9e par Thierry Ciccoli, le propri\u00e9taire de <strong>Coursol<\/strong>. La d\u00e9cision intervient apr\u00e8s une p\u00e9riode o\u00f9 l\u2019activit\u00e9 de la boutique a \u00e9t\u00e9 fortement impact\u00e9e par la conjoncture socio-\u00e9conomique, notamment les \u00e9meutes de 2023. En pleine p\u00e9riode de ralentissement, l\u2019entreprise se trouve dans l\u2019obligation de restructurer ses finances, tout en gardant l\u2019objectif de p\u00e9renniser son activit\u00e9.<\/p>\n<p>Selon le dirigeant, la d\u00e9marche a \u00e9t\u00e9 rendue n\u00e9cessaire par plusieurs facteurs : un solde de <strong>Pret Garanti par l\u2019\u00c9tat (PGE)<\/strong> restant \u00e0 rembourser, des difficult\u00e9s de tr\u00e9sorerie et un besoin crucial de fonds pour assurer les approvisionnements, surtout \u00e0 l\u2019approche de la p\u00e9riode la plus rentable de l\u2019ann\u00e9e, de novembre \u00e0 janvier. En effet, cette p\u00e9riode constitue la moiti\u00e9 du chiffre d\u2019affaires annuel pour une boutique aussi sp\u00e9cialis\u00e9e. La gestion de cette crise s\u2019inscrit dans une volont\u00e9 de continuer \u00e0 servir ses clients tout en adaptant ses m\u00e9thodes et son offre.<\/p>\n<p>Se r\u00e9inventer pour mieux rebondir<\/p>\n<p>Face \u00e0 ces d\u00e9fis, <strong>Coursol<\/strong> mise sur une strat\u00e9gie de diversification. La boutique souhaite \u00e9largir sa gamme en se concentrant davantage sur les <strong>ustensiles de cuisine<\/strong> et en proposant des ateliers culinaires pour attirer et fid\u00e9liser une client\u00e8le locale. La volont\u00e9 est claire : faire de la boutique un lieu d\u2019exp\u00e9rience et de convivialit\u00e9, plut\u00f4t qu\u2019un simple point de vente. Cette r\u00e9orientation s\u2019inscrit aussi dans une observation du march\u00e9 post-Covid, o\u00f9 les consommateurs se sont remis \u00e0 cuisiner, red\u00e9couvrant le plaisir de pr\u00e9parer leurs repas \u00e0 la maison.<\/p>\n<p>Une dynamique locale pour relancer l\u2019activit\u00e9<\/p>\n<p>Le contexte local joue aussi en faveur de cette relance. Thierry Ciccoli estime que le centre-ville de Saint-\u00c9tienne manque d\u2019animation commerciale, ce qui limite le flux de clients potentiels. La r\u00e9ouverture pr\u00e9vue des Halles Mazerat, situ\u00e9e cours Victor-Hugo, en janvier prochain, pourrait changer la donne. Ce nouvel espace d\u2019activit\u00e9 commerciale devrait attirer un public plus large, augmentant ainsi la visibilit\u00e9 de <strong>Coursol<\/strong>.<\/p>\n<p>Malgr\u00e9 la r\u00e9duction de l\u2019effectif \u00e0 seulement trois employ\u00e9s polyvalents, la boutique s\u2019efforce de maintenir une pr\u00e9sence forte sur le terrain. Elle op\u00e8re \u00e9galement des \u00ab <strong>changements de gammes<\/strong> \u00bb en r\u00e9duisant le nombre de fournisseurs et en optimisant l\u2019espace d\u00e9di\u00e9 \u00e0 la d\u00e9coration et aux arts de la table. L\u2019objectif est de recentrer l\u2019offre sur des produits de qualit\u00e9 en phase avec les nouvelles attentes des consommateurs.<\/p>\n<p>Une offre renouvel\u00e9e pour s\u00e9duire et fid\u00e9liser<\/p>\n<p>Ce recentrage se traduit par une augmentation de l\u2019offre d\u2019<strong>ustensiles de cuisine<\/strong>, en phase avec la tendance du \u00ab faire soi-m\u00eame \u00bb qui s\u2019est renforc\u00e9e depuis la crise sanitaire. La boutique envisage \u00e9galement d\u2019organiser davantage d\u2019<strong>ateliers culinaires<\/strong>, en particulier pour initier petits et grands \u00e0 la cuisine maison. D\u2019ici peu, des ateliers de d\u00e9coration florale seront \u00e9galement propos\u00e9s, \u00e0 partir de d\u00e9but d\u00e9cembre, afin d\u2019\u00e9largir l\u2019exp\u00e9rience client et d\u2019instaurer un lien plus fort avec la communaut\u00e9 locale.<\/p>\n<p>Les chiffres cl\u00e9s et perspectives pour l\u2019avenir<\/p>\n<tr>\nFacteur cl\u00e9<br \/>\nImpact \/ Objectif<br \/>\n<\/tr>\n<tr>\n<td>P\u00e9riode strat\u00e9gique<\/td>\n<td>Novembre \u00e0 janvier repr\u00e9sente 50 % du chiffre d\u2019affaires annuel<\/td>\n<\/tr>\n<tr>\n<td>R\u00e9ouverture des Halles Mazerat<\/td>\n<td>Attirer un nouveau flux de client\u00e8le<\/td>\n<\/tr>\n<tr>\n<td>R\u00e9duction des fournisseurs<\/td>\n<td>Optimiser l\u2019offre et r\u00e9duire les co\u00fbts<\/td>\n<\/tr>\n<tr>\n<td>Ateliers culinaires et d\u00e9coration florale<\/td>\n<td>Fid\u00e9liser la client\u00e8le et cr\u00e9er un lieu d\u2019\u00e9change<\/td>\n<\/tr>\n<tr>\n<td>Effectif<\/td>\n<td>Trois employ\u00e9s polyvalents, pour gagner en agilit\u00e9<\/td>\n<\/tr>\n<p>Les premiers signes de reprise semblent encourager. La boutique a constat\u00e9 un d\u00e9but de retour \u00e0 une activit\u00e9 plus dynamique, m\u00eame si la route reste longue. La cl\u00e9 sera d\u2019assurer un \u00e9quilibre entre gestion financi\u00e8re prudente et investissements dans l\u2019exp\u00e9rience client. La nouvelle orientation vers les ateliers et la diversification de l\u2019offre devraient permettre \u00e0 <strong>Coursol<\/strong> de retrouver progressivement sa place dans le c\u0153ur des habitants de Saint-\u00c9tienne.<\/p>\n<p>Ces initiatives montrent aussi que, face aux turbulences \u00e9conomiques, la capacit\u00e9 \u00e0 se r\u00e9inventer demeure une qualit\u00e9 pr\u00e9cieuse pour les commer\u00e7ants locaux. La relance ne se limite pas \u00e0 une simple reprise d\u2019activit\u00e9, mais implique une adaptation continue aux nouvelles tendances et attentes des consommateurs.<\/p>\n","protected":false},"excerpt":{"rendered":"Sommaire &amp; acc\u00e8s rapide Toggle La c\u00e9l\u00e8bre boutique Coursol, embl\u00e8me de la rue Michelet \u00e0 Saint-\u00c9tienne, traverse une&hellip;\n","protected":false},"author":2,"featured_media":458164,"comment_status":"","ping_status":"","sticky":false,"template":"","format":"standard","meta":{"footnotes":""},"categories":[9653],"tags":[1111,11,2430,1777,674,1011,27,12,25,4001],"class_list":{"0":"post-458163","1":"post","2":"type-post","3":"status-publish","4":"format-standard","5":"has-post-thumbnail","7":"category-saint-etienne","8":"tag-actu","9":"tag-actualites","10":"tag-auvergne-rhone-alpes","11":"tag-eu","12":"tag-europe","13":"tag-fr","14":"tag-france","15":"tag-news","16":"tag-republique-francaise","17":"tag-saint-etienne"},"share_on_mastodon":{"url":"https:\/\/pubeurope.com\/@fr\/115362925378219424","error":""},"_links":{"self":[{"href":"https:\/\/www.europesays.com\/fr\/wp-json\/wp\/v2\/posts\/458163","targetHints":{"allow":["GET"]}}],"collection":[{"href":"https:\/\/www.europesays.com\/fr\/wp-json\/wp\/v2\/posts"}],"about":[{"href":"https:\/\/www.europesays.com\/fr\/wp-json\/wp\/v2\/types\/post"}],"author":[{"embeddable":true,"href":"https:\/\/www.europesays.com\/fr\/wp-json\/wp\/v2\/users\/2"}],"replies":[{"embeddable":true,"href":"https:\/\/www.europesays.com\/fr\/wp-json\/wp\/v2\/comments?post=458163"}],"version-history":[{"count":0,"href":"https:\/\/www.europesays.com\/fr\/wp-json\/wp\/v2\/posts\/458163\/revisions"}],"wp:featuredmedia":[{"embeddable":true,"href":"https:\/\/www.europesays.com\/fr\/wp-json\/wp\/v2\/media\/458164"}],"wp:attachment":[{"href":"https:\/\/www.europesays.com\/fr\/wp-json\/wp\/v2\/media?parent=458163"}],"wp:term":[{"taxonomy":"category","embeddable":true,"href":"https:\/\/www.europesays.com\/fr\/wp-json\/wp\/v2\/categories?post=458163"},{"taxonomy":"post_tag","embeddable":true,"href":"https:\/\/www.europesays.com\/fr\/wp-json\/wp\/v2\/tags?post=458163"}],"curies":[{"name":"wp","href":"https:\/\/api.w.org\/{rel}","templated":true}]}}