{"id":458165,"date":"2025-10-12T19:48:33","date_gmt":"2025-10-12T19:48:33","guid":{"rendered":"https:\/\/www.europesays.com\/fr\/458165\/"},"modified":"2025-10-12T19:48:33","modified_gmt":"2025-10-12T19:48:33","slug":"as-saint-etienne-un-immense-depart-sous-peu","status":"publish","type":"post","link":"https:\/\/www.europesays.com\/fr\/458165\/","title":{"rendered":"AS Saint-Etienne : Un immense d\u00e9part sous peu"},"content":{"rendered":"<p>Lucas Stassin s\u2019affirme comme l\u2019un des joyaux de l\u2019AS Saint-\u00c9tienne. L\u2019attaquant belge ne cache plus qu\u2019il pourrait quitter la Ligue 2 d\u00e8s le mois de janvier pour viser la Coupe du monde 2026.<\/p>\n<p>Apr\u00e8s une deuxi\u00e8me moiti\u00e9 de saison derni\u00e8re tr\u00e8s prometteuse, Stassin a attir\u00e9 plusieurs clubs, dont Rennes et le Paris FC. Dans un entretien \u00e0 DH Les Sports +, il explique : \u00ab Rennes est venu, il y a eu plusieurs autres clubs int\u00e9ress\u00e9s\u2026 Mais les n\u00e9gociations n\u2019ont pas abouti, l\u2019ASSE a refus\u00e9 toutes les offres. Les dirigeants voulaient me garder. Je ne ferme aucune porte pour janvier. Si un transfert peut m\u2019aider \u00e0 progresser, je l\u2019\u00e9tudierai. Mais mon objectif reste de r\u00e9ussir une grande saison ici. \u00bb Avec 4 buts et 2 passes d\u00e9cisives en 8 matchs, son profil attire de plus en plus.<\/p>\n<p><strong>Une direction sous pression<\/strong><\/p>\n<p>Sous contrat jusqu\u2019en 2029, Stassin reste \u00e0 Saint\u00e9 pour l\u2019instant. Mais ses multiples d\u00e9clarations publiques sur son envie de franchir un cap mettent la direction dans une situation d\u00e9licate, d\u2019autant plus si des offres importantes arrivent d\u00e8s l\u2019hiver.<\/p>\n","protected":false},"excerpt":{"rendered":"Lucas Stassin s\u2019affirme comme l\u2019un des joyaux de l\u2019AS Saint-\u00c9tienne. L\u2019attaquant belge ne cache plus qu\u2019il pourrait quitter&hellip;\n","protected":false},"author":2,"featured_media":458166,"comment_status":"","ping_status":"","sticky":false,"template":"","format":"standard","meta":{"footnotes":""},"categories":[9653],"tags":[1111,11,2430,1777,674,1011,27,12,25,4001],"class_list":{"0":"post-458165","1":"post","2":"type-post","3":"status-publish","4":"format-standard","5":"has-post-thumbnail","7":"category-saint-etienne","8":"tag-actu","9":"tag-actualites","10":"tag-auvergne-rhone-alpes","11":"tag-eu","12":"tag-europe","13":"tag-fr","14":"tag-france","15":"tag-news","16":"tag-republique-francaise","17":"tag-saint-etienne"},"share_on_mastodon":{"url":"https:\/\/pubeurope.com\/@fr\/115362929295127086","error":""},"_links":{"self":[{"href":"https:\/\/www.europesays.com\/fr\/wp-json\/wp\/v2\/posts\/458165","targetHints":{"allow":["GET"]}}],"collection":[{"href":"https:\/\/www.europesays.com\/fr\/wp-json\/wp\/v2\/posts"}],"about":[{"href":"https:\/\/www.europesays.com\/fr\/wp-json\/wp\/v2\/types\/post"}],"author":[{"embeddable":true,"href":"https:\/\/www.europesays.com\/fr\/wp-json\/wp\/v2\/users\/2"}],"replies":[{"embeddable":true,"href":"https:\/\/www.europesays.com\/fr\/wp-json\/wp\/v2\/comments?post=458165"}],"version-history":[{"count":0,"href":"https:\/\/www.europesays.com\/fr\/wp-json\/wp\/v2\/posts\/458165\/revisions"}],"wp:featuredmedia":[{"embeddable":true,"href":"https:\/\/www.europesays.com\/fr\/wp-json\/wp\/v2\/media\/458166"}],"wp:attachment":[{"href":"https:\/\/www.europesays.com\/fr\/wp-json\/wp\/v2\/media?parent=458165"}],"wp:term":[{"taxonomy":"category","embeddable":true,"href":"https:\/\/www.europesays.com\/fr\/wp-json\/wp\/v2\/categories?post=458165"},{"taxonomy":"post_tag","embeddable":true,"href":"https:\/\/www.europesays.com\/fr\/wp-json\/wp\/v2\/tags?post=458165"}],"curies":[{"name":"wp","href":"https:\/\/api.w.org\/{rel}","templated":true}]}}