{"id":45817,"date":"2025-04-23T05:48:08","date_gmt":"2025-04-23T05:48:08","guid":{"rendered":"https:\/\/www.europesays.com\/fr\/45817\/"},"modified":"2025-04-23T05:48:08","modified_gmt":"2025-04-23T05:48:08","slug":"loire-les-taxis-se-mobilisent-des-perturbations-a-prevoir-a-saint-etienne","status":"publish","type":"post","link":"https:\/\/www.europesays.com\/fr\/45817\/","title":{"rendered":"Loire : les taxis se mobilisent, des perturbations \u00e0 pr\u00e9voir \u00e0 Saint-\u00c9tienne"},"content":{"rendered":"<p>Une centaine de taxis sont attendus, ce mercredi 23 avril, \u00e0 Saint-\u00c9tienne, o\u00f9 une op\u00e9ration escargot doit \u00eatre organis\u00e9e dans la matin\u00e9e.<\/p>\n<p>Des chauffeurs en col\u00e8re !<\/p>\n<p>L&rsquo;<b>Union syndicale des taxis de la Loire<\/b> appelle ses membres \u00e0 se mobiliser, ce mercredi 23 avril, dans le d\u00e9partement. Objectif : d\u00e9noncer les nouvelles r\u00e8gles envisag\u00e9es pour le <b>transport sanitaire<\/b>, en pleines n\u00e9gociations avec la CPAM (Caisse primaire d&rsquo;assurance maladie).<\/p>\n<p>L&rsquo;organisation pointe \u00e9galement du doigt le comportement des <b>VTC<\/b>, avec des maraudes constat\u00e9es notamment \u00e0 Saint-\u00c9tienne pour d\u00e9nicher de potentiels clients. Une pratique interdite.<\/p>\n<p>Des convois en direction de Ch\u00e2teaucreux et de la pr\u00e9fecture<\/p>\n<p>Certains chauffeurs avaient pr\u00e9vu de se rassembler \u00e0 <b>Roanne d\u00e8s 6h30<\/b>, ce mercredi, pour rejoindre leurs coll\u00e8gues st\u00e9phanois aux abords du <b>stade Geoffroy Guichard, vers 7h30<\/b>.<\/p>\n<p>D&rsquo;apr\u00e8s <a class=\"url\" href=\"https:\/\/c.leprogres.fr\/social\/2025\/04\/21\/transport-sanitaire-vtc-les-taxis-se-mobilisent-mercredi\" target=\"_blank\" rel=\"noopener\">Le Progr\u00e8s<\/a>, un convoi doit ensuite prendre la direction de <b>Ch\u00e2teaucreux<\/b>, pour se rendre au si\u00e8ge de la <b>CPAM<\/b>, o\u00f9 une d\u00e9l\u00e9gation doit \u00eatre re\u00e7ue. Enfin, les chauffeurs iront ensuite en centre-ville jusqu&rsquo;\u00e0 <b>la pr\u00e9fecture<\/b> o\u00f9 une rencontre est aussi pr\u00e9vue.<\/p>\n<p>Au total, <b>une centaine de taxis<\/b> sont attendus ce mercredi.<\/p>\n<p><img loading=\"lazy\" decoding=\"async\" src=\"https:\/\/www.europesays.com\/fr\/wp-content\/uploads\/2025\/04\/1745387288_138_img\" width=\"350\" height=\"200\" border=\"0\" title=\"Le stade Geoffroy Guichard lors du 126e derby de l'histoire face \u00c3\u00a0 l'OL, ce dimanche 20 avril\"\/><\/p>\n<p>\u25baFaits divers<\/p>\n<p style=\"font-size: 22px;\"><b>[MAJ] Interruption du derby ASSE-OL : la garde \u00e0 vue de l&rsquo;individu a \u00e9t\u00e9 lev\u00e9e<\/b><\/p>\n<p>Alors que la rencontre de Ligue 1 entre l&rsquo;AS Saint-\u00c9tienne&#8230;<\/p>\n<p><\/p>\n","protected":false},"excerpt":{"rendered":"Une centaine de taxis sont attendus, ce mercredi 23 avril, \u00e0 Saint-\u00c9tienne, o\u00f9 une op\u00e9ration escargot doit \u00eatre&hellip;\n","protected":false},"author":2,"featured_media":33689,"comment_status":"","ping_status":"","sticky":false,"template":"","format":"standard","meta":{"footnotes":""},"categories":[9653],"tags":[1111,11,2430,13431,1777,674,1011,27,3367,12,11128,25,9838,9920,4001,9548,13489],"class_list":{"0":"post-45817","1":"post","2":"type-post","3":"status-publish","4":"format-standard","5":"has-post-thumbnail","7":"category-saint-etienne","8":"tag-actu","9":"tag-actualites","10":"tag-auvergne-rhone-alpes","11":"tag-cpam","12":"tag-eu","13":"tag-europe","14":"tag-fr","15":"tag-france","16":"tag-loire","17":"tag-news","18":"tag-prfecture","19":"tag-republique-francaise","20":"tag-roanne","21":"tag-saint-tienne","22":"tag-saint-etienne","23":"tag-taxis","24":"tag-transport-sanitaire"},"share_on_mastodon":{"url":"https:\/\/pubeurope.com\/@fr\/114385709019411303","error":""},"_links":{"self":[{"href":"https:\/\/www.europesays.com\/fr\/wp-json\/wp\/v2\/posts\/45817","targetHints":{"allow":["GET"]}}],"collection":[{"href":"https:\/\/www.europesays.com\/fr\/wp-json\/wp\/v2\/posts"}],"about":[{"href":"https:\/\/www.europesays.com\/fr\/wp-json\/wp\/v2\/types\/post"}],"author":[{"embeddable":true,"href":"https:\/\/www.europesays.com\/fr\/wp-json\/wp\/v2\/users\/2"}],"replies":[{"embeddable":true,"href":"https:\/\/www.europesays.com\/fr\/wp-json\/wp\/v2\/comments?post=45817"}],"version-history":[{"count":0,"href":"https:\/\/www.europesays.com\/fr\/wp-json\/wp\/v2\/posts\/45817\/revisions"}],"wp:featuredmedia":[{"embeddable":true,"href":"https:\/\/www.europesays.com\/fr\/wp-json\/wp\/v2\/media\/33689"}],"wp:attachment":[{"href":"https:\/\/www.europesays.com\/fr\/wp-json\/wp\/v2\/media?parent=45817"}],"wp:term":[{"taxonomy":"category","embeddable":true,"href":"https:\/\/www.europesays.com\/fr\/wp-json\/wp\/v2\/categories?post=45817"},{"taxonomy":"post_tag","embeddable":true,"href":"https:\/\/www.europesays.com\/fr\/wp-json\/wp\/v2\/tags?post=45817"}],"curies":[{"name":"wp","href":"https:\/\/api.w.org\/{rel}","templated":true}]}}