{"id":458177,"date":"2025-10-12T19:54:16","date_gmt":"2025-10-12T19:54:16","guid":{"rendered":"https:\/\/www.europesays.com\/fr\/458177\/"},"modified":"2025-10-12T19:54:16","modified_gmt":"2025-10-12T19:54:16","slug":"totalenergies-renouvelables-controle-sa-production-francaise-depuis-montpellier","status":"publish","type":"post","link":"https:\/\/www.europesays.com\/fr\/458177\/","title":{"rendered":"TotalEnergies Renouvelables contr\u00f4le sa production fran\u00e7aise depuis Montpellier"},"content":{"rendered":"<p>Le centre montpelli\u00e9rain concentre d\u00e9sormais la supervision nationale des activit\u00e9s renouvelables de TotalEnergies. Huit techniciens s\u2019y relaient jour et nuit pour contr\u00f4ler la production et assurer la continuit\u00e9 du r\u00e9seau. \u00ab\u00a0Depuis cette salle, nous pouvons arr\u00eater temporairement certaines centrales en cas de prix n\u00e9gatifs sur le march\u00e9\u00a0\u00bb, explique Yann Beusnard, responsable du centre de commandement. En moyenne, une centaine d\u2019incidents (incendie, entr\u00e9es ill\u00e9gales sur site&#8230;) sont trait\u00e9s chaque jour, le plus souvent sans d\u00e9placement sur site. Au total, ce centre de contr\u00f4le g\u00e8re 430 centrales.<\/p>\n<p>\u00ab\u00a0\u00c0 ce moment-l\u00e0, nous bridons \u00e0 z\u00e9ro les centrales. Elles ne s\u2019arr\u00eatent pas, mais ne produisent plus\u00a0\u00bb, explique Ga\u00ebl Vall\u00e9e, directeur du d\u00e9veloppement de TotalEnergies Renouvelables. \u00ab\u00a0En cas de manquement, nous nous exposons \u00e0 des p\u00e9nalit\u00e9s mises en place par le gestionnaire de r\u00e9seau qui doit compenser le non-arr\u00eat. Les p\u00e9nalit\u00e9s vont de quelques centimes \u00e0 plusieurs milliers d\u2019euros le m\u00e9gawatt produit en trop.\u00a0\u00bb Le syst\u00e8me s\u2019appuie sur des algorithmes d\u2019intelligence artificielle capables d\u2019anticiper la production, hi\u00e9rarchiser les alarmes et planifier les arr\u00eats automatiques en cas de prix n\u00e9gatifs ou de conditions extr\u00eames. \u00ab\u00a0L\u2019IA compl\u00e8te la vigilance humaine\u00a0\u00bb, souligne le responsable.<\/p>\n<p>Strat\u00e9giquement, cette solution n\u2019est cependant pas privil\u00e9gi\u00e9e par TotalEnergies Renouvelables. \u00ab\u00a0\u00c0 terme, selon les normes qui sortiront bient\u00f4t, nous privil\u00e9gions plut\u00f4t l\u2019id\u00e9e de stocker l\u2019\u00e9nergie produite pendant ces \u00e9pisodes pour pouvoir la revendre plus tard et assurer une fourniture continue d\u2019\u00e9nergie\u00a0\u00bb, assure Timoth\u00e9 de Tonqu\u00e9dec, responsable relations m\u00e9dias TotalEnergies.<\/p>\n<p>400 millions d\u2019euros investis en France<\/p>\n<p>Depuis Montpellier, le centre g\u00e8re aussi la s\u00e9curit\u00e9 des sites\u00a0: acc\u00e8s contr\u00f4l\u00e9s, interventions \u00e9lectriques coordonn\u00e9es, suspension automatique des travaux en cas de canicule ou de temp\u00eate. Sur certains parcs, comme dans l\u2019Aude, les \u00e9oliennes peuvent \u00eatre arr\u00eat\u00e9es instantan\u00e9ment lors du passage d\u2019oiseaux prot\u00e9g\u00e9s.<\/p>\n<p>Pr\u00e9sente dans vint-et-une agences fran\u00e7aises, TotalEnergies Renouvelables compte pr\u00e8s de 160 collaborateurs en Occitanie sur un total de 500 en France. Elle y exploite 329 MW, soit l\u2019\u00e9quivalent de plusieurs parcs \u00e9oliens et solaires embl\u00e9matiques, notamment \u00e0 Cuxac-d\u2019Aude (Aude) et Le Born-Pelouse (Loz\u00e8re). En 2024, le groupe a investi 400 millions d\u2019euros dans les \u00e9nergies renouvelables en France et poursuit le d\u00e9veloppement de projets de stockage d\u2019\u00e9lectricit\u00e9 \u00e0 grande \u00e9chelle, comme \u00e0 Grandpuits (Seine-et-Marne).<br class=\"autobr\"\/><br \/>\nJules Mestre<\/p>\n<p>Sur la photo\u00a0: La salle de contr\u00f4le montpelli\u00e9raine de TotalEnergies Renouvelables. Cr\u00e9dit\u00a0: Jules Mestre.<\/p>\n","protected":false},"excerpt":{"rendered":"Le centre montpelli\u00e9rain concentre d\u00e9sormais la supervision nationale des activit\u00e9s renouvelables de TotalEnergies. Huit techniciens s\u2019y relaient jour&hellip;\n","protected":false},"author":2,"featured_media":458178,"comment_status":"","ping_status":"","sticky":false,"template":"","format":"standard","meta":{"footnotes":""},"categories":[9599],"tags":[1111,11,579,893,2830,18315,1777,674,1011,27,2208,12,2680,25,895,13422,33846],"class_list":{"0":"post-458177","1":"post","2":"type-post","3":"status-publish","4":"format-standard","5":"has-post-thumbnail","7":"category-montpellier","8":"tag-actu","9":"tag-actualites","10":"tag-electricite","11":"tag-energie","12":"tag-energies-renouvelables","13":"tag-eolien","14":"tag-eu","15":"tag-europe","16":"tag-fr","17":"tag-france","18":"tag-montpellier","19":"tag-news","20":"tag-occitanie","21":"tag-republique-francaise","22":"tag-solaire","23":"tag-total","24":"tag-totalenergies"},"share_on_mastodon":{"url":"https:\/\/pubeurope.com\/@fr\/115362952915498017","error":""},"_links":{"self":[{"href":"https:\/\/www.europesays.com\/fr\/wp-json\/wp\/v2\/posts\/458177","targetHints":{"allow":["GET"]}}],"collection":[{"href":"https:\/\/www.europesays.com\/fr\/wp-json\/wp\/v2\/posts"}],"about":[{"href":"https:\/\/www.europesays.com\/fr\/wp-json\/wp\/v2\/types\/post"}],"author":[{"embeddable":true,"href":"https:\/\/www.europesays.com\/fr\/wp-json\/wp\/v2\/users\/2"}],"replies":[{"embeddable":true,"href":"https:\/\/www.europesays.com\/fr\/wp-json\/wp\/v2\/comments?post=458177"}],"version-history":[{"count":0,"href":"https:\/\/www.europesays.com\/fr\/wp-json\/wp\/v2\/posts\/458177\/revisions"}],"wp:featuredmedia":[{"embeddable":true,"href":"https:\/\/www.europesays.com\/fr\/wp-json\/wp\/v2\/media\/458178"}],"wp:attachment":[{"href":"https:\/\/www.europesays.com\/fr\/wp-json\/wp\/v2\/media?parent=458177"}],"wp:term":[{"taxonomy":"category","embeddable":true,"href":"https:\/\/www.europesays.com\/fr\/wp-json\/wp\/v2\/categories?post=458177"},{"taxonomy":"post_tag","embeddable":true,"href":"https:\/\/www.europesays.com\/fr\/wp-json\/wp\/v2\/tags?post=458177"}],"curies":[{"name":"wp","href":"https:\/\/api.w.org\/{rel}","templated":true}]}}