{"id":458179,"date":"2025-10-12T19:55:12","date_gmt":"2025-10-12T19:55:12","guid":{"rendered":"https:\/\/www.europesays.com\/fr\/458179\/"},"modified":"2025-10-12T19:55:12","modified_gmt":"2025-10-12T19:55:12","slug":"la-cote-des-essarts-fermee-a-la-circulation-pendant-cinq-jours","status":"publish","type":"post","link":"https:\/\/www.europesays.com\/fr\/458179\/","title":{"rendered":"la c\u00f4te des Essarts ferm\u00e9e \u00e0 la circulation pendant cinq jours"},"content":{"rendered":"<p>            Par<br \/>\n        <strong><br \/>\n            <a href=\"https:\/\/actu.fr\/auteur\/aurelien-delavaud\" title=\"Consulter tous les articles de Aur\u00e9lien Delavaud\" rel=\"nofollow noopener\" target=\"_blank\">Aur\u00e9lien Delavaud<\/a><br \/>\n        <\/strong><\/p>\n<p>        Publi\u00e9 le<\/p>\n<p>            12 oct. 2025 \u00e0 17h30        <\/p>\n<p>C\u2019est une information importante, pour les <b>milliers d\u2019automobilistes<\/b> qui l\u2019empruntent chaque jour, entre l\u2019agglom\u00e9ration d\u2019<a href=\"https:\/\/actu.fr\/normandie\/elbeuf_76231\" rel=\"nofollow noopener\" target=\"_blank\">Elbeuf (Seine-Maritime)<\/a> et l\u2019<b>autoroute A13<\/b>. Pendant cinq jours, \u00e0 la mi-octobre\u00a02025, la <b>c\u00f4te des Essarts<\/b> va \u00eatre ferm\u00e9e \u00e0 la circulation et une d\u00e9viation sera mise en place. On vous explique.<\/p>\n<p>Cinq journ\u00e9es de fermeture<\/p>\n<p class=\" wall-content\">C\u2019est la M\u00e9tropole Rouen Normandie, gestionnaire des routes sur son territoire, qui a pris un arr\u00eat\u00e9. Concr\u00e8tement, la c\u00f4te qui m\u00e8ne de la sortie d\u2019Orival jusqu\u2019aux Essarts sera <b>ferm\u00e9e dans les deux sens de circulation<\/b>, du virage dit \u00ab\u2009du Nouveau monde\u2009\u00bb jusqu\u2019au croisement avec le chemin de l\u2019\u00c9toile.<\/p>\n<p class=\" wall-content\">Une disposition qui prendra effet du lundi\u00a013 au vendredi 17\u00a0octobre 2025, de 9\u2009h \u00e0 16\u2009h.<\/p>\n<p class=\" wall-content\">Selon l\u2019arr\u00eat\u00e9 pris par la M\u00e9tropole, cette <b>fermeture de la route<\/b> est n\u00e9cessaire pour mener en toute s\u00e9curit\u00e9 \u00ab\u2009les t\u00e2ches d\u2019entretien (fauchage, balayage, \u00e9lagage) de la RD 938\u2009\u00bb.<\/p>\n<p class=\" wall-content\">Pendant les horaires de fermeture, une <b>d\u00e9viation<\/b> sera mise en place, dans les deux sens de circulation. Par exemple, en arrivant d\u2019Orival, pour rejoindre Les Essarts ou l\u2019A13, il faudra prendre \u00e0 gauche \u00e0 la fourche, en bas de la c\u00f4te, puis emprunter sur la droite le chemin de l\u2019\u00c9toile.<\/p>\n<p class=\" wall-content\">Personnalisez votre actualit\u00e9 en ajoutant vos villes et m\u00e9dias en favori avec <a href=\"https:\/\/moncompte.actu.fr\" title=\"D\u00e9couvez Mon Actu\" rel=\"nofollow noopener\" data-trk=\"{&quot;cta&quot;:{&quot;action&quot;:&quot;https:\\\/\\\/moncompte.actu.fr&quot;,&quot;category&quot;:&quot;mon compte&quot;,&quot;from&quot;:&quot;article footer&quot;,&quot;name&quot;:&quot;Mon actu&quot;,&quot;type&quot;:&quot;cta&quot;}}\" target=\"_blank\">Mon Actu<\/a>.<\/p>\n","protected":false},"excerpt":{"rendered":"Par Aur\u00e9lien Delavaud Publi\u00e9 le 12 oct. 2025 \u00e0 17h30 C\u2019est une information importante, pour les milliers d\u2019automobilistes&hellip;\n","protected":false},"author":2,"featured_media":458180,"comment_status":"","ping_status":"","sticky":false,"template":"","format":"standard","meta":{"footnotes":""},"categories":[9587],"tags":[1111,11,3542,1777,674,1011,27,12,5161,25,9590,104,2086],"class_list":{"0":"post-458179","1":"post","2":"type-post","3":"status-publish","4":"format-standard","5":"has-post-thumbnail","7":"category-rouen","8":"tag-actu","9":"tag-actualites","10":"tag-circulation","11":"tag-eu","12":"tag-europe","13":"tag-fr","14":"tag-france","15":"tag-news","16":"tag-normandie","17":"tag-republique-francaise","18":"tag-rouen","19":"tag-societe","20":"tag-travaux"},"share_on_mastodon":{"url":"https:\/\/pubeurope.com\/@fr\/115362956944049248","error":""},"_links":{"self":[{"href":"https:\/\/www.europesays.com\/fr\/wp-json\/wp\/v2\/posts\/458179","targetHints":{"allow":["GET"]}}],"collection":[{"href":"https:\/\/www.europesays.com\/fr\/wp-json\/wp\/v2\/posts"}],"about":[{"href":"https:\/\/www.europesays.com\/fr\/wp-json\/wp\/v2\/types\/post"}],"author":[{"embeddable":true,"href":"https:\/\/www.europesays.com\/fr\/wp-json\/wp\/v2\/users\/2"}],"replies":[{"embeddable":true,"href":"https:\/\/www.europesays.com\/fr\/wp-json\/wp\/v2\/comments?post=458179"}],"version-history":[{"count":0,"href":"https:\/\/www.europesays.com\/fr\/wp-json\/wp\/v2\/posts\/458179\/revisions"}],"wp:featuredmedia":[{"embeddable":true,"href":"https:\/\/www.europesays.com\/fr\/wp-json\/wp\/v2\/media\/458180"}],"wp:attachment":[{"href":"https:\/\/www.europesays.com\/fr\/wp-json\/wp\/v2\/media?parent=458179"}],"wp:term":[{"taxonomy":"category","embeddable":true,"href":"https:\/\/www.europesays.com\/fr\/wp-json\/wp\/v2\/categories?post=458179"},{"taxonomy":"post_tag","embeddable":true,"href":"https:\/\/www.europesays.com\/fr\/wp-json\/wp\/v2\/tags?post=458179"}],"curies":[{"name":"wp","href":"https:\/\/api.w.org\/{rel}","templated":true}]}}