{"id":458189,"date":"2025-10-12T20:02:12","date_gmt":"2025-10-12T20:02:12","guid":{"rendered":"https:\/\/www.europesays.com\/fr\/458189\/"},"modified":"2025-10-12T20:02:12","modified_gmt":"2025-10-12T20:02:12","slug":"emma-tuccella-et-le-strasbourg-ath-ne-doivent-pas-baisser-la-tete","status":"publish","type":"post","link":"https:\/\/www.europesays.com\/fr\/458189\/","title":{"rendered":"Emma Tuccella et le Strasbourg ATH\u00a0ne doivent \u00ab\u00a0pas baisser la t\u00eate\u00a0\u00bb"},"content":{"rendered":"<p>\u00ab\u00a0Non, je ne suis pas inqui\u00e8te, nous avons enregistr\u00e9 quatre d\u00e9faites en cinq matches, mais il y en a encore plein d\u2019autres dans la saison et nous savons tr\u00e8s bien que nous pouvons aussi cr\u00e9er des surprises contre de grosses \u00e9quipes.\u00a0\u00bb<\/p>\n<p>\u00ab\u00a0Nous ne voulons pas jouer le maintien\u00a0\u00bb<\/p>\n<p>Malgr\u00e9 le bilan tr\u00e8s mitig\u00e9 de ces premiers mois de comp\u00e9tition, Emma Tuccella garde confiance en l\u2019avenir.<\/p>\n<p>\u00ab\u00a0Ce n\u2019est pas le d\u00e9but de saison que l\u2019on avait imagin\u00e9, mais il ne faut pas baisser la&#8230;<\/p>\n","protected":false},"excerpt":{"rendered":"\u00ab\u00a0Non, je ne suis pas inqui\u00e8te, nous avons enregistr\u00e9 quatre d\u00e9faites en cinq matches, mais il y en&hellip;\n","protected":false},"author":2,"featured_media":458190,"comment_status":"","ping_status":"","sticky":false,"template":"","format":"standard","meta":{"footnotes":""},"categories":[2820],"tags":[1111,11,2389,2649,2880,1777,674,107,1701,1011,27,329,775,1792,12,25,7770,517,640,12904,18463],"class_list":{"0":"post-458189","1":"post","2":"type-post","3":"status-publish","4":"format-standard","5":"has-post-thumbnail","7":"category-strasbourg","8":"tag-actu","9":"tag-actualites","10":"tag-alsace","11":"tag-bas-rhin","12":"tag-edition-strasbourg","13":"tag-eu","14":"tag-europe","15":"tag-fil-info","16":"tag-fil-info-sport","17":"tag-fr","18":"tag-france","19":"tag-france-monde","20":"tag-grand-est","21":"tag-handball","22":"tag-news","23":"tag-republique-francaise","24":"tag-secteur-de-truchtersheim","25":"tag-sport","26":"tag-strasbourg","27":"tag-strasbourg-ath","28":"tag-truchtersheim"},"share_on_mastodon":{"url":"https:\/\/pubeurope.com\/@fr\/115362984311769798","error":""},"_links":{"self":[{"href":"https:\/\/www.europesays.com\/fr\/wp-json\/wp\/v2\/posts\/458189","targetHints":{"allow":["GET"]}}],"collection":[{"href":"https:\/\/www.europesays.com\/fr\/wp-json\/wp\/v2\/posts"}],"about":[{"href":"https:\/\/www.europesays.com\/fr\/wp-json\/wp\/v2\/types\/post"}],"author":[{"embeddable":true,"href":"https:\/\/www.europesays.com\/fr\/wp-json\/wp\/v2\/users\/2"}],"replies":[{"embeddable":true,"href":"https:\/\/www.europesays.com\/fr\/wp-json\/wp\/v2\/comments?post=458189"}],"version-history":[{"count":0,"href":"https:\/\/www.europesays.com\/fr\/wp-json\/wp\/v2\/posts\/458189\/revisions"}],"wp:featuredmedia":[{"embeddable":true,"href":"https:\/\/www.europesays.com\/fr\/wp-json\/wp\/v2\/media\/458190"}],"wp:attachment":[{"href":"https:\/\/www.europesays.com\/fr\/wp-json\/wp\/v2\/media?parent=458189"}],"wp:term":[{"taxonomy":"category","embeddable":true,"href":"https:\/\/www.europesays.com\/fr\/wp-json\/wp\/v2\/categories?post=458189"},{"taxonomy":"post_tag","embeddable":true,"href":"https:\/\/www.europesays.com\/fr\/wp-json\/wp\/v2\/tags?post=458189"}],"curies":[{"name":"wp","href":"https:\/\/api.w.org\/{rel}","templated":true}]}}