{"id":458193,"date":"2025-10-12T20:05:15","date_gmt":"2025-10-12T20:05:15","guid":{"rendered":"https:\/\/www.europesays.com\/fr\/458193\/"},"modified":"2025-10-12T20:05:15","modified_gmt":"2025-10-12T20:05:15","slug":"la-fete-de-la-science-continue-ce-dimanche-a-nantes","status":"publish","type":"post","link":"https:\/\/www.europesays.com\/fr\/458193\/","title":{"rendered":"La f\u00eate de la science continue ce dimanche \u00e0 Nantes"},"content":{"rendered":"<p>C\u2019est plus d\u2019une vingtaine de structures qui vous donne rendez-vous pour des animations scientifiques sur toutes les th\u00e9matiques et pour toute la famille, selon l\u2019universit\u00e9 de Nantes.<\/p>\n<p>C\u2019est gratuit pour le public ce dimanche 12\u00a0octobre, comme hier. La journ\u00e9e de vendredi \u00e9tait, elle, r\u00e9serv\u00e9e aux scolaires.<\/p>\n<p>De nombreux ateliers diff\u00e9rents sont propos\u00e9s\u00a0; la plupart sont sur inscription. C\u2019est ouvert ce dimanche jusqu\u2019\u00e0 18\u00a0h.<br \/>Le programme complet est disponible <a href=\"https:\/\/fetedelascience-paysdelaloire.fr\/\" target=\"_self\" rel=\"noopener\">via ce lien.<\/a><\/p>\n<p>Acc\u00e8s<\/p>\n<p>Halle 6\u00a0Ouest, 42 rue de la Tour d\u2019Auvergne, 44200 Nantes En transports en commun Tram 1\u00a0arr\u00eat Chantiers Navals, puis traverser le pont Anne de Bretagne Tram 2 et 3\u00a0arr\u00eat Vincent G\u00e2che Bus 11 et 23\u00a0arr\u00eat Chantiers Naval puis traverser le pont Anne de Bretagne Bus 5\u00a0arr\u00eat Gare de l\u2019\u00c9tat.<\/p>\n<p>\u00a0<\/p>\n","protected":false},"excerpt":{"rendered":"C\u2019est plus d\u2019une vingtaine de structures qui vous donne rendez-vous pour des animations scientifiques sur toutes les th\u00e9matiques&hellip;\n","protected":false},"author":2,"featured_media":458194,"comment_status":"","ping_status":"","sticky":false,"template":"","format":"standard","meta":{"footnotes":""},"categories":[2818],"tags":[1111,11,33487,6664,1777,674,4768,1011,27,766,12,2636,25,43],"class_list":{"0":"post-458193","1":"post","2":"type-post","3":"status-publish","4":"format-standard","5":"has-post-thumbnail","7":"category-nantes","8":"tag-actu","9":"tag-actualites","10":"tag-continue","11":"tag-dimanche","12":"tag-eu","13":"tag-europe","14":"tag-fete","15":"tag-fr","16":"tag-france","17":"tag-nantes","18":"tag-news","19":"tag-pays-de-la-loire","20":"tag-republique-francaise","21":"tag-science"},"share_on_mastodon":{"url":"https:\/\/pubeurope.com\/@fr\/115362996189580156","error":""},"_links":{"self":[{"href":"https:\/\/www.europesays.com\/fr\/wp-json\/wp\/v2\/posts\/458193","targetHints":{"allow":["GET"]}}],"collection":[{"href":"https:\/\/www.europesays.com\/fr\/wp-json\/wp\/v2\/posts"}],"about":[{"href":"https:\/\/www.europesays.com\/fr\/wp-json\/wp\/v2\/types\/post"}],"author":[{"embeddable":true,"href":"https:\/\/www.europesays.com\/fr\/wp-json\/wp\/v2\/users\/2"}],"replies":[{"embeddable":true,"href":"https:\/\/www.europesays.com\/fr\/wp-json\/wp\/v2\/comments?post=458193"}],"version-history":[{"count":0,"href":"https:\/\/www.europesays.com\/fr\/wp-json\/wp\/v2\/posts\/458193\/revisions"}],"wp:featuredmedia":[{"embeddable":true,"href":"https:\/\/www.europesays.com\/fr\/wp-json\/wp\/v2\/media\/458194"}],"wp:attachment":[{"href":"https:\/\/www.europesays.com\/fr\/wp-json\/wp\/v2\/media?parent=458193"}],"wp:term":[{"taxonomy":"category","embeddable":true,"href":"https:\/\/www.europesays.com\/fr\/wp-json\/wp\/v2\/categories?post=458193"},{"taxonomy":"post_tag","embeddable":true,"href":"https:\/\/www.europesays.com\/fr\/wp-json\/wp\/v2\/tags?post=458193"}],"curies":[{"name":"wp","href":"https:\/\/api.w.org\/{rel}","templated":true}]}}