{"id":458207,"date":"2025-10-12T20:14:28","date_gmt":"2025-10-12T20:14:28","guid":{"rendered":"https:\/\/www.europesays.com\/fr\/458207\/"},"modified":"2025-10-12T20:14:28","modified_gmt":"2025-10-12T20:14:28","slug":"air-transat-va-relier-marseille-a-cette-destination-prisee-avec-des-vols-directs-des-mai-2026","status":"publish","type":"post","link":"https:\/\/www.europesays.com\/fr\/458207\/","title":{"rendered":"Air Transat va relier Marseille \u00e0 cette destination pris\u00e9e avec des vols directs d\u00e8s mai 2026"},"content":{"rendered":"<p>Le Canada sera bient\u00f4t un peu plus proche de la cit\u00e9 phoc\u00e9enne. <strong>A partir du 22 mai<\/strong>, comme le rapporte le site <a href=\"https:\/\/actu.fr\/provence-alpes-cote-d-azur\/marignane_13054\/aeroport-de-marseille-la-compagnie-air-transat-ouvre-une-nouvelle-ligne-directe-vers-cette-ville-du-canada_63281265.html\" target=\"_blank\" rel=\"noopener\">Actu.fr<\/a>, une liaison hebdomadaire directe sera en effet propos\u00e9e entre <a href=\"https:\/\/www.capital.fr\/immobilier\/prix-de-l-immobilier-a-marseille-en-mai-2025-les-indices-a-l-achat-et-a-la-location-1512261\" target=\"_blank\" rel=\"noopener\">Marseille <\/a>et la <strong>ville de Qu\u00e9bec <\/strong>(et non la Province du m\u00eame nom!), \u00e0 moins de trois heures de route de Montr\u00e9al. A la manoeuvre, on retrouve la compagnie canadienne Air Transat.<\/p>\n<p>Mais attention, cette offre est temporaire ! Elle prendra fin le<strong> 9 octobre 2026<\/strong>, soit une p\u00e9riode d&rsquo;environ 5 mois lors de laquelle les amoureux du Canada pourront r\u00e9server des billets pour des vols effectu\u00e9s <strong>chaque vendredi \u00e0 11h55<\/strong>, pour une arriv\u00e9e pr\u00e9vue 8h20 plus tard \u00e0 14h15, heure locale.<\/p>\n<p>\u00abLe d\u00e9but d&rsquo;une saison pleine de nouveaut\u00e9s\u00bb se f\u00e9licite la compagnie canadienne<\/p>\n<p>Pour effectuer ces vols, les premiers prix annonc\u00e9s sont d&rsquo;un peu moins de<strong> 300 euros l&rsquo;aller. <\/strong>Dans un communiqu\u00e9 annon\u00e7ant cette nouvelle desserte temporaire, Sebastian Ponce, parmi les dirigeants de la compagnie canadienne, ne cache pas son enthousiasme : \u00abNotre \u00e9t\u00e9 2026 s\u2019annonce d\u00e9j\u00e0 exceptionnel\u00bb se r\u00e9jouit-il, ajoutant : \u00abNous acc\u00e9l\u00e9rons notre croissance \u00e0 Qu\u00e9bec. Ce n&rsquo;est que le d\u00e9but d&rsquo;une saison pleine de nouveaut\u00e9s\u00bb. Parmi ces derni\u00e8res, Air Transat a \u00e9galement annonc\u00e9 une liaison exclusive entre <strong>Ottawa et <\/strong><a href=\"https:\/\/www.capital.fr\/entreprises-marches\/voyager-a-petit-prix-vers-londres-avec-les-uber-trains-c-est-bientot-possible-1518189\" target=\"_blank\" rel=\"noopener\"><strong>Londres <\/strong><\/a><strong>Gatwick,<\/strong> qui s&rsquo;inscrit elle aussi dans la strat\u00e9gie de la compagnie visant \u00e0 d\u00e9velopper sa pr\u00e9sence en Europe, en Am\u00e9rique latine et dans les Cara\u00efbes.<\/p>\n<p><a class=\"cta ctaInArticle lien-interne medium primary\" target=\"_blank\" href=\"https:\/\/www.capital.fr\/page\/indemnite-vols\" rel=\"noopener\"><br \/>\n\t\t\t&gt;&gt; Notre service &#8211; vol annul\u00e9 \/ retard\u00e9, \u00eates-vous \u00e9ligible \u00e0 une indemnisation ?\t<\/p>\n<p>\t<\/a><\/p>\n","protected":false},"excerpt":{"rendered":"Le Canada sera bient\u00f4t un peu plus proche de la cit\u00e9 phoc\u00e9enne. A partir du 22 mai, comme&hellip;\n","protected":false},"author":2,"featured_media":458208,"comment_status":"","ping_status":"","sticky":false,"template":"","format":"standard","meta":{"footnotes":""},"categories":[2814],"tags":[1111,11,37,574,58335,1777,674,1011,27,884,12,882,25],"class_list":{"0":"post-458207","1":"post","2":"type-post","3":"status-publish","4":"format-standard","5":"has-post-thumbnail","7":"category-marseille","8":"tag-actu","9":"tag-actualites","10":"tag-avion","11":"tag-canada","12":"tag-compagnies-au00e9riennes","13":"tag-eu","14":"tag-europe","15":"tag-fr","16":"tag-france","17":"tag-marseille","18":"tag-news","19":"tag-provence-alpes-cote-dazur","20":"tag-republique-francaise"},"share_on_mastodon":{"url":"https:\/\/pubeurope.com\/@fr\/115363031473036210","error":""},"_links":{"self":[{"href":"https:\/\/www.europesays.com\/fr\/wp-json\/wp\/v2\/posts\/458207","targetHints":{"allow":["GET"]}}],"collection":[{"href":"https:\/\/www.europesays.com\/fr\/wp-json\/wp\/v2\/posts"}],"about":[{"href":"https:\/\/www.europesays.com\/fr\/wp-json\/wp\/v2\/types\/post"}],"author":[{"embeddable":true,"href":"https:\/\/www.europesays.com\/fr\/wp-json\/wp\/v2\/users\/2"}],"replies":[{"embeddable":true,"href":"https:\/\/www.europesays.com\/fr\/wp-json\/wp\/v2\/comments?post=458207"}],"version-history":[{"count":0,"href":"https:\/\/www.europesays.com\/fr\/wp-json\/wp\/v2\/posts\/458207\/revisions"}],"wp:featuredmedia":[{"embeddable":true,"href":"https:\/\/www.europesays.com\/fr\/wp-json\/wp\/v2\/media\/458208"}],"wp:attachment":[{"href":"https:\/\/www.europesays.com\/fr\/wp-json\/wp\/v2\/media?parent=458207"}],"wp:term":[{"taxonomy":"category","embeddable":true,"href":"https:\/\/www.europesays.com\/fr\/wp-json\/wp\/v2\/categories?post=458207"},{"taxonomy":"post_tag","embeddable":true,"href":"https:\/\/www.europesays.com\/fr\/wp-json\/wp\/v2\/tags?post=458207"}],"curies":[{"name":"wp","href":"https:\/\/api.w.org\/{rel}","templated":true}]}}