{"id":458211,"date":"2025-10-12T20:16:22","date_gmt":"2025-10-12T20:16:22","guid":{"rendered":"https:\/\/www.europesays.com\/fr\/458211\/"},"modified":"2025-10-12T20:16:22","modified_gmt":"2025-10-12T20:16:22","slug":"que-faire-a-lyon-la-semaine-du-13-au-19-octobre-2025","status":"publish","type":"post","link":"https:\/\/www.europesays.com\/fr\/458211\/","title":{"rendered":"Que faire \u00e0 Lyon la semaine du 13 au 19 octobre 2025 ?"},"content":{"rendered":"<p><strong>Lundi 13 octobre 2025 &#8211; Festival Lumi\u00e8re<\/strong><\/p>\n<p>\u200d<\/p>\n<p><img decoding=\"async\" src=\"https:\/\/www.europesays.com\/fr\/wp-content\/uploads\/2025\/10\/68ebebe4e71d00a3f3c652b2_c684e4d2.png\" loading=\"lazy\" alt=\"\"\/><\/p>\n<p>\u200d<\/p>\n<p>En bons Lyonnais, vous savez qu\u2019en octobre, notre ville se transforme en machine \u00e0 remonter le temps pour c\u00e9l\u00e9brer le septi\u00e8me art. Le Festival Lumi\u00e8re fait revivre les chefs-d\u2019\u0153uvre du pass\u00e9 dans les plus belles salles de la M\u00e9tropole : films restaur\u00e9s, r\u00e9trospectives, cin\u00e9-concerts et 450 s\u00e9ances port\u00e9es par la passion du cin\u00e9ma. Cette ann\u00e9e, Michael Mann recevra le prestigieux Prix Lumi\u00e8re 2025, et Natalie Portman sera de la f\u00eate ! Que vous soyez cin\u00e9phile ou simple curieux, c\u2019est le rendez-vous o\u00f9 l\u2019on retombe amoureux du cin\u00e9ma.<\/p>\n<p>\u200d<\/p>\n<p><strong>Informations pratiques :<\/strong><\/p>\n<p>\ud83d\uddd3\ufe0f Du 11 au 19 octobre 2025<\/p>\n<p>\ud83d\udccd Voir la programmation<\/p>\n<p>\ud83d\udcb0 \u00c0 partir de 0\u20ac<\/p>\n<p><a href=\"https:\/\/www.facebook.com\/events\/3794240430868795\/\" rel=\"nofollow noopener\" target=\"_blank\">Plus d&rsquo;informations<\/a><\/p>\n<p>\u200d<\/p>\n<p><strong>Mardi 14 octobre 2025 &#8211; Orgue Symphonique<\/strong><\/p>\n<p>\u200d<\/p>\n<p><img decoding=\"async\" src=\"https:\/\/www.europesays.com\/fr\/wp-content\/uploads\/2025\/10\/68ebebe4e71d00a3f3c652b8_f66bef4a.jpeg\" loading=\"lazy\" alt=\"\"\/><\/p>\n<p>\u200d<\/p>\n<p>Dans le cadre grandiose de la Basilique de Fourvi\u00e8re, la musique prend une nouvelle dimension. Sous la baguette de Philippe Fournier, l\u2019orchestre se m\u00eale aux sonorit\u00e9s envo\u00fbtantes de l\u2019orgue, port\u00e9 par Philippe Quatroccolo, pour un concert d\u2019exception.<br \/>Au programme : la Symphonie n\u00b03 de Saint-Sa\u00ebns, monument du romantisme fran\u00e7ais, et la musique mythique d\u2019Interstellar sign\u00e9e Hans Zimmer, pour un voyage entre sacr\u00e9 et cosmos. Un moment suspendu o\u00f9 Fourvi\u00e8re devient le th\u00e9\u00e2tre d\u2019une exp\u00e9rience musicale hors du commun.<\/p>\n<p>\u200d<\/p>\n<p><strong>Informations pratiques :<\/strong><\/p>\n<p>\ud83d\uddd3\ufe0f Mardi 14 octobre 2025 \u00e0 20h30<\/p>\n<p>\ud83d\udccd Basilique de Fourvi\u00e8re<\/p>\n<p>\ud83d\udcb0 \u00c0 partir de 0\u20ac<\/p>\n<p><a href=\"https:\/\/orchestreconfluences.mapado.com\/event\/513304-orgue-symphonique\" rel=\"nofollow noopener\" target=\"_blank\">Plus d\u2019informations<\/a><\/p>\n<p>\u200d<\/p>\n<p><strong>Mercredi 15 octobre 2025 &#8211; Tournoi d\u2019\u00e9checs\u00a0<\/strong><\/p>\n<p>\u200d<\/p>\n<p><img decoding=\"async\" src=\"https:\/\/www.europesays.com\/fr\/wp-content\/uploads\/2025\/10\/68ebebe4e71d00a3f3c652bb_a9679f29.png\" loading=\"lazy\" alt=\"\"\/><\/p>\n<p>\u200d<\/p>\n<p>Ce mercredi soir, votre caf\u00e9, bar gaming se transforme en terrain de jeu pour cerveaux aff\u00fbt\u00e9s. Pions, tours et cavaliers s\u2019affrontent autour des tables, tandis que les discussions strat\u00e9giques fusent. Amateurs de d\u00e9fis, curieux ou strat\u00e8ges en herbe, venez tenter votre chance et partager un moment convivial avec un peu de comp\u00e9tition amicale en prime. Parce qu\u2019une bonne bi\u00e8re, c\u2019est encore mieux quand on peut y ajouter un coup de ma\u00eetre.<\/p>\n<p>\u200d<\/p>\n<p><strong>Informations pratiques :<\/strong><\/p>\n<p>\ud83d\uddd3\ufe0f Mercredi 15 octobre 2025 d\u00e8s 19h<\/p>\n<p>\ud83d\udccd Overcraft Caf\u00e9\u00a0<\/p>\n<p>\ud83d\udcb0 Entr\u00e9e gratuite<\/p>\n<p><a href=\"https:\/\/www.facebook.com\/events\/1179925757315031\" rel=\"nofollow noopener\" target=\"_blank\">Plus d\u2019informations<\/a><\/p>\n<p>\u200d<\/p>\n<p><strong>Jeudi 16 octobre 2025 &#8211; Les R\u00e9parables<\/strong><\/p>\n<p>\u200d<\/p>\n<p><img decoding=\"async\" src=\"https:\/\/www.europesays.com\/fr\/wp-content\/uploads\/2025\/10\/68ebeb849c276cae7d5a0ecb_QFAL Uniqlo.png\" loading=\"lazy\" alt=\"\"\/><\/p>\n<p>\u200d<\/p>\n<p>Et si vous redonniez vie \u00e0 vos v\u00eatements pr\u00e9f\u00e9r\u00e9s ? \u00c0 l\u2019occasion des Journ\u00e9es Nationales de la R\u00e9paration, UNIQLO s\u2019associe au studio de r\u00e9paration textile Les R\u00e9parables pour vous offrir un service unique de r\u00e9paration en magasin. Venez prolonger la vie de vos pi\u00e8ces et leur offrir une seconde histoire, qu\u2019elles viennent d\u2019UNIQLO ou d\u2019ailleurs. Parce que la beaut\u00e9 du v\u00eatement, c\u2019est aussi celle du temps qu\u2019on lui accorde. Rendez-vous les 16 et 17 octobre chez UNIQLO Lyon Carnot, pour d\u00e9couvrir les valeurs LifeWear de la marque : qualit\u00e9, long\u00e9vit\u00e9 et simplicit\u00e9.<\/p>\n<p>\u200d<\/p>\n<p><strong>Informations pratiques :<\/strong><\/p>\n<p>\ud83d\uddd3\ufe0f Les 16 et 17 octobre 2025 de 10h \u00e0 20h<\/p>\n<p>\ud83d\udccd UNIQLO LYON CARNOT &#8211; 9-11 Rue du Pr\u00e9sident Carnot, 69002 LYON<\/p>\n<p>\ud83d\udcb0 Entr\u00e9e libre<\/p>\n<p><a href=\"https:\/\/www.instagram.com\/p\/DOf4A7SDJlF\/?igsh=aDdxZ3dzZzQyNjN4\" rel=\"nofollow noopener\" target=\"_blank\">Plus d\u2019informations<\/a><\/p>\n<p>\u200d<\/p>\n<p><strong>Vendredi 17 octobre 2025 &#8211; Moules frip\u2019party\u00a0<\/strong><\/p>\n<p>\u200d<\/p>\n<p><img decoding=\"async\" src=\"https:\/\/www.europesays.com\/fr\/wp-content\/uploads\/2025\/10\/68ebebe4e71d00a3f3c652b5_903ac9cf.png\" loading=\"lazy\" alt=\"\"\/><\/p>\n<p>\u200d<\/p>\n<p>Tous \u00e0 vos marini\u00e8res : Chez Marti transforme son espace en v\u00e9ritable navire festif avec moules-frites servies tout au long de la journ\u00e9e, friperie vintage des Placards de Colette avec pr\u00e8s de 300 pi\u00e8ces pour femmes, hommes et mixtes, et DJ set pour mettre le rythme. Terrasse ensoleill\u00e9e, int\u00e9rieur chauff\u00e9 et ambiance iod\u00e9e au rendez-vous. Et pour ceux qui joueront le jeu de la marini\u00e8re, caf\u00e9 offert et 10% sur la frip\u2019. Deux jours de f\u00eate, de style et de bonne humeur \u00e0 ne pas manquer !<\/p>\n<p>\u200d<\/p>\n<p><strong>Informations pratiques :<\/strong><\/p>\n<p>\ud83d\uddd3\ufe0f Les 17 et 18 octobre 2025 de 10h \u00e0 19h<\/p>\n<p>\ud83d\udccd Halles de la Martini\u00e8re<\/p>\n<p>\ud83d\udcb0 Entr\u00e9e gratuite<\/p>\n<p><a href=\"https:\/\/www.facebook.com\/events\/1355936612779855\/\" rel=\"nofollow noopener\" target=\"_blank\">Plus d&rsquo;informations<\/a><\/p>\n<p>\u200d<\/p>\n<p><strong>Samedi 18 octobre 2025 &#8211; Open Air<\/strong><\/p>\n<p>\u200d<\/p>\n<p><img decoding=\"async\" src=\"https:\/\/www.europesays.com\/fr\/wp-content\/uploads\/2025\/10\/68ebebe4e71d00a3f3c652c1_7723659f.png\" loading=\"lazy\" alt=\"\"\/><\/p>\n<p>\u200d<\/p>\n<p>Un samedi d\u2019automne \u00e9lectrisant vous attend : trois vibes, un line-up aux petits oignons (@Dub Maniac Soundsystem, \u00a9Leto, Nasty J), une halle semi-ouverte, terrasse, bar central et food trucks pour danser, manger et vibrer de midi \u00e0 minuit.<\/p>\n<p>\u200d<\/p>\n<p><strong>Informations pratiques :<\/strong><\/p>\n<p>\ud83d\uddd3\ufe0f Samedi 18 octobre 2025 de 16h \u00e0 22h<\/p>\n<p>\ud83d\udccd HEAT Lyon<\/p>\n<p>\ud83d\udcb0 Entr\u00e9e gratuite<\/p>\n<p><a href=\"https:\/\/www.facebook.com\/events\/1001104022090185\/\" rel=\"nofollow noopener\" target=\"_blank\">Plus d&rsquo;informations<\/a><\/p>\n<p>\u200d<\/p>\n<p><strong>Dimanche 19 octobre 2025 &#8211; Chines tes fripes<\/strong><\/p>\n<p>\u200d<\/p>\n<p><img decoding=\"async\" src=\"https:\/\/www.europesays.com\/fr\/wp-content\/uploads\/2025\/10\/68ebebe4e71d00a3f3c652be_8e6a52d1.png\" loading=\"lazy\" alt=\"\"\/><\/p>\n<p>\u200d<\/p>\n<p>Les journ\u00e9es raccourcissent, mais ton dressing lui peut encore s\u2019agrandir ! La Friperie Nomade revient aux Pentes de Lyon pour deux jours de chine intensive avec plus de 1000 pi\u00e8ces vintage et modernes soigneusement s\u00e9lectionn\u00e9es pour hommes et femmes, tous styles et budgets. Cabines d\u2019essayage, grand miroir, paiement CB ou esp\u00e8ces, et une ambiance conviviale o\u00f9 shopper rime avec good vibes. Entr\u00e9e libre, juste le plaisir de d\u00e9nicher ta pi\u00e8ce coup de c\u0153ur et donner une seconde vie \u00e0 la mode intemporelle.<\/p>\n<p>\u200d<\/p>\n<p><strong>Informations pratiques :<\/strong><\/p>\n<p>\ud83d\uddd3\ufe0f Les 18 et 19 octobre 2025 de 13h \u00e0 19h<\/p>\n<p>\ud83d\udccd Slo Lyon Les Pentes<\/p>\n<p>\ud83d\udcb0 Entr\u00e9e gratuite<\/p>\n<p><a href=\"https:\/\/www.facebook.com\/events\/1287262336048344\/\" rel=\"nofollow noopener\" target=\"_blank\">Plus d&rsquo;informations<\/a><\/p>\n<p><script async src=\"\/\/www.instagram.com\/embed.js\"><\/script><\/p>\n","protected":false},"excerpt":{"rendered":"Lundi 13 octobre 2025 &#8211; Festival Lumi\u00e8re \u200d \u200d En bons Lyonnais, vous savez qu\u2019en octobre, notre ville&hellip;\n","protected":false},"author":2,"featured_media":458212,"comment_status":"","ping_status":"","sticky":false,"template":"","format":"standard","meta":{"footnotes":""},"categories":[1889],"tags":[1111,11,2430,1777,674,1011,27,2428,12,25],"class_list":{"0":"post-458211","1":"post","2":"type-post","3":"status-publish","4":"format-standard","5":"has-post-thumbnail","7":"category-lyon","8":"tag-actu","9":"tag-actualites","10":"tag-auvergne-rhone-alpes","11":"tag-eu","12":"tag-europe","13":"tag-fr","14":"tag-france","15":"tag-lyon","16":"tag-news","17":"tag-republique-francaise"},"share_on_mastodon":{"url":"https:\/\/pubeurope.com\/@fr\/115363039970653771","error":""},"_links":{"self":[{"href":"https:\/\/www.europesays.com\/fr\/wp-json\/wp\/v2\/posts\/458211","targetHints":{"allow":["GET"]}}],"collection":[{"href":"https:\/\/www.europesays.com\/fr\/wp-json\/wp\/v2\/posts"}],"about":[{"href":"https:\/\/www.europesays.com\/fr\/wp-json\/wp\/v2\/types\/post"}],"author":[{"embeddable":true,"href":"https:\/\/www.europesays.com\/fr\/wp-json\/wp\/v2\/users\/2"}],"replies":[{"embeddable":true,"href":"https:\/\/www.europesays.com\/fr\/wp-json\/wp\/v2\/comments?post=458211"}],"version-history":[{"count":0,"href":"https:\/\/www.europesays.com\/fr\/wp-json\/wp\/v2\/posts\/458211\/revisions"}],"wp:featuredmedia":[{"embeddable":true,"href":"https:\/\/www.europesays.com\/fr\/wp-json\/wp\/v2\/media\/458212"}],"wp:attachment":[{"href":"https:\/\/www.europesays.com\/fr\/wp-json\/wp\/v2\/media?parent=458211"}],"wp:term":[{"taxonomy":"category","embeddable":true,"href":"https:\/\/www.europesays.com\/fr\/wp-json\/wp\/v2\/categories?post=458211"},{"taxonomy":"post_tag","embeddable":true,"href":"https:\/\/www.europesays.com\/fr\/wp-json\/wp\/v2\/tags?post=458211"}],"curies":[{"name":"wp","href":"https:\/\/api.w.org\/{rel}","templated":true}]}}