{"id":458213,"date":"2025-10-12T20:18:19","date_gmt":"2025-10-12T20:18:19","guid":{"rendered":"https:\/\/www.europesays.com\/fr\/458213\/"},"modified":"2025-10-12T20:18:19","modified_gmt":"2025-10-12T20:18:19","slug":"le-dispositif-fr-alert-teste-dans-plusieurs-departements","status":"publish","type":"post","link":"https:\/\/www.europesays.com\/fr\/458213\/","title":{"rendered":"le dispositif FR-Alert test\u00e9 dans plusieurs d\u00e9partements"},"content":{"rendered":"<p class=\"article__intro\">\u00c0 partir de ce lundi, les habitants de plusieurs communes franciliennes recevront sur leur t\u00e9l\u00e9phone un message d&rsquo;alerte. Celui-ci sera envoy\u00e9 dans le cadre de la simulation d&rsquo;une grande crue de la Seine.<\/p>\n<p>\n      L\u2019actu des r\u00e9gions\n    <\/p>\n<p>\n      Chaque jour, un tour d\u2019horizon des principales infos de toutes les r\u00e9gions.\n    <\/p>\n<p>    France T\u00e9l\u00e9visions utilise votre adresse e-mail afin de vous envoyer la newsletter \u00ab\u00a0L\u2019actu des r\u00e9gions\u00a0\u00bb. Vous pouvez vous d\u00e9sinscrire \u00e0 tout moment via le lien en bas de cette newsletter. <a target=\"_blank\" href=\"https:\/\/www.francetelevisions.fr\/groupe\/confidentialite\/politique-de-confidentialite\/politique-de-confidentialite-de-france-televisions-6503\" rel=\"nofollow noopener\">Notre politique de confidentialit\u00e9<\/a><\/p>\n<p>HYDROS 2025. C&rsquo;est le nom de cet exercice. \u00ab\u00a0Organis\u00e9 du 13 au 17 octobre 2025, l\u2019exercice cadre zonal simulera une crue importante de la Seine en \u00cele-de-France\u00a0\u00bb, \u00e9crit la pr\u00e9fecture de police de Paris dans un communiqu\u00e9 de presse.<\/p>\n<p>L&rsquo;occasion de tester le dispositif FR-Alert sur les t\u00e9l\u00e9phones portables. \u00a0\u00bb En cas de danger majeur, qu\u2019il soit naturel, industriel, terroriste ou sanitaire, FR-Alert permet d\u2019alerter l\u2019ensemble des personnes se situant dans un secteur d\u00e9termin\u00e9 et de diffuser les consignes comportementales adapt\u00e9es\u00a0\u00bb, indique la PP dans son communiqu\u00e9.<\/p>\n<p>Une fa\u00e7on d&rsquo;anticiper une potentielle \u00e9vacuation en cas de danger r\u00e9el. Le dispositif sera test\u00e9 dans plusieurs communes franciliennes entre lundi 13 octobre et mercredi 15 octobre. Un message d&rsquo;alerte sera envoy\u00e9 aux habitants directement sur leur t\u00e9l\u00e9phone.\u00a0<\/p>\n<p><strong>En Seine-et-Marne le 13 octobre entre 10h30 et 11h00 et entre 12h00 et 12h30<\/strong><\/p>\n<p><strong>En Essonne le 15 octobre entre 10h00 et 11h00<\/strong><\/p>\n<ul>\n<li>Athis-Mons<\/li>\n<li>Juvisy-sur-Orge<\/li>\n<li>Vigneux-sur-Seine<\/li>\n<li>Viry-Ch\u00e2tillon<\/li>\n<\/ul>\n<p><a data-article-figure=\"\" href=\"https:\/\/france3-regions.franceinfo.fr\/image\/5Pd2lUFQ-FppHZcHp0Mp74c61c4\/1920x1080\/regions\/2025\/10\/12\/zones-concernees-par-le-dispositif-hydros-essonne-68ebac5d35535304722847.png\" data-pswp-width=\"1920\" data-pswp-height=\"1080\" target=\"_blank\" rel=\"nofollow noopener\"><\/p>\n<p>          <img width=\"600\" height=\"400\" class=\"article-image lazy\" data-src=\"https:\/\/www.europesays.com\/fr\/wp-content\/uploads\/2025\/10\/zones-concernees-par-le-dispositif-hydros-essonne-68ebac5d35535304722847.png\" alt=\"Les habitants de quatre communes essoniennes receveront le message du dispositif FR-Alert.\" fetchpriority=\"high\" as=\"image\"\/><\/p>\n<p>\n            Les habitants de quatre communes essoniennes receveront le message du dispositif FR-Alert.<br \/>\n                           \u2022<br \/>\n                                      \u00a9 France 3 Paris Ile-de-France \/ Adam Bitaud\n                      <\/p>\n<p><\/a><\/p>\n<p><strong>En Seine-Saint-Denis le 15 octobre entre 11h00 et 14h00<\/strong><\/p>\n<ul>\n<li>Saint-Denis<\/li>\n<li>Saint-Ouen<\/li>\n<li>L&rsquo;\u00cele-Saint-Denis<\/li>\n<li>Neuilly-sur-Marne<\/li>\n<li>Gournay-sur-Marne<\/li>\n<li>Noisy-le-Grand<\/li>\n<\/ul>\n<p><strong>Dans le Val-de-Marne le 15 octobre entre 11h30 et 12h00<\/strong><\/p>\n<ul>\n<li>Alfortville<\/li>\n<li>Ivry-sur-Seine<\/li>\n<li>Nogent-sur-Marne<\/li>\n<li>Saint-Maur-des-Foss\u00e9s<\/li>\n<li>Joinville-le-Pont<\/li>\n<li>Cr\u00e9teil<\/li>\n<li>Orly<\/li>\n<\/ul>\n<p><a data-article-figure=\"\" href=\"https:\/\/france3-regions.franceinfo.fr\/image\/XNr5u3VTpMlbKlfOcuLCVgkfStM\/1920x1080\/regions\/2025\/10\/12\/zones-concernees-par-le-dispositif-hydros-val-de-marne-68ebabb4b5fda602665372.png\" data-pswp-width=\"1920\" data-pswp-height=\"1080\" target=\"_blank\" rel=\"nofollow noopener\"><\/p>\n<p>          <img width=\"600\" height=\"400\" class=\"article-image lazy\" data-src=\"https:\/\/www.europesays.com\/fr\/wp-content\/uploads\/2025\/10\/zones-concernees-par-le-dispositif-hydros-val-de-marne-68ebabb4b5fda602665372.png\" alt=\"Le dispositif sera test\u00e9 dans sept communes du Val-de-Marne.\" fetchpriority=\"high\" as=\"image\"\/><\/p>\n<p>\n            Le dispositif sera test\u00e9 dans sept communes du Val-de-Marne.<br \/>\n                           \u2022<br \/>\n                                      \u00a9 France 3 Paris Ile-de-France\/ Adam Bitaud\n                      <\/p>\n<p><\/a><\/p>\n<p><strong>\u00c0 Paris le 15 octobre entre 13h00 et 13h30<\/strong><\/p>\n<ul>\n<li>Quartier Beaugrenelle dans le 15\u00e8me arrondissement<\/li>\n<\/ul>\n<p><a data-article-figure=\"\" href=\"https:\/\/france3-regions.franceinfo.fr\/image\/eEbgduSse-oeiyJInDtj0I6lmfk\/1920x1080\/regions\/2025\/10\/12\/zones-concernees-par-le-dispositif-hydros-paris-68ebb0e4168ab216857834.png\" data-pswp-width=\"1920\" data-pswp-height=\"1080\" target=\"_blank\" rel=\"nofollow noopener\"><\/p>\n<p>          <img width=\"600\" height=\"400\" class=\"article-image lazy\" data-src=\"https:\/\/www.europesays.com\/fr\/wp-content\/uploads\/2025\/10\/zones-concernees-par-le-dispositif-hydros-paris-68ebb0e4168ab216857834.png\" alt=\"Le dispositif sera test\u00e9 dans le quartier de Beaugrenelle dans le 15\u00e8me arrondissement de Paris.\" fetchpriority=\"high\" as=\"image\"\/><\/p>\n<p>\n            Le dispositif sera test\u00e9 dans le quartier de Beaugrenelle dans le 15\u00e8me arrondissement de Paris.<br \/>\n                           \u2022<br \/>\n                                      \u00a9 France 3 Paris Ile-de-France\/Adam Bitaud\n                      <\/p>\n<p><\/a><\/p>\n<p>La pr\u00e9fecture de police pr\u00e9cise qu&rsquo;aucune installation n&rsquo;est n\u00e9cessaire pour recevoir le message d&rsquo;alerte. Apr\u00e8s l&rsquo;alerte, \u00a0\u00bb Ne contactez pas les forces de l\u2019ordre, les services de secours, ni les standards t\u00e9l\u00e9phoniques de votre pr\u00e9fecture ou commune.\u00a0\u00bb, lit-on dans le communiqu\u00e9. Les autorit\u00e9s appellent aussi \u00e0 ne pas relayer \u00ab\u00a0de fausses rumeurs ou de fausses informations sur les r\u00e9seaux sociaux\u00a0\u00bb.<\/p>\n<p>L&rsquo;inondation repr\u00e9sente le premier risque naturel qui menace la capitale, o\u00f9 un d\u00e9bordement de la Seine pourrait toucher jusqu&rsquo;\u00e0 700.000 personnes, a expos\u00e9 \u00e0 la presse P\u00e9n\u00e9lope Komit\u00e8s, adjointe en charge de la r\u00e9silience \u00e0 la mairie de Paris.<\/p>\n<p>\u00a0<\/p>\n","protected":false},"excerpt":{"rendered":"\u00c0 partir de ce lundi, les habitants de plusieurs communes franciliennes recevront sur leur t\u00e9l\u00e9phone un message d&rsquo;alerte.&hellip;\n","protected":false},"author":2,"featured_media":458214,"comment_status":"","ping_status":"","sticky":false,"template":"","format":"standard","meta":{"footnotes":""},"categories":[1592],"tags":[1111,11,1777,674,1011,27,662,12,626,25],"class_list":{"0":"post-458213","1":"post","2":"type-post","3":"status-publish","4":"format-standard","5":"has-post-thumbnail","7":"category-ile-de-france","8":"tag-actu","9":"tag-actualites","10":"tag-eu","11":"tag-europe","12":"tag-fr","13":"tag-france","14":"tag-ile-de-france","15":"tag-news","16":"tag-paris","17":"tag-republique-francaise"},"share_on_mastodon":{"url":"https:\/\/pubeurope.com\/@fr\/115363047315369042","error":""},"_links":{"self":[{"href":"https:\/\/www.europesays.com\/fr\/wp-json\/wp\/v2\/posts\/458213","targetHints":{"allow":["GET"]}}],"collection":[{"href":"https:\/\/www.europesays.com\/fr\/wp-json\/wp\/v2\/posts"}],"about":[{"href":"https:\/\/www.europesays.com\/fr\/wp-json\/wp\/v2\/types\/post"}],"author":[{"embeddable":true,"href":"https:\/\/www.europesays.com\/fr\/wp-json\/wp\/v2\/users\/2"}],"replies":[{"embeddable":true,"href":"https:\/\/www.europesays.com\/fr\/wp-json\/wp\/v2\/comments?post=458213"}],"version-history":[{"count":0,"href":"https:\/\/www.europesays.com\/fr\/wp-json\/wp\/v2\/posts\/458213\/revisions"}],"wp:featuredmedia":[{"embeddable":true,"href":"https:\/\/www.europesays.com\/fr\/wp-json\/wp\/v2\/media\/458214"}],"wp:attachment":[{"href":"https:\/\/www.europesays.com\/fr\/wp-json\/wp\/v2\/media?parent=458213"}],"wp:term":[{"taxonomy":"category","embeddable":true,"href":"https:\/\/www.europesays.com\/fr\/wp-json\/wp\/v2\/categories?post=458213"},{"taxonomy":"post_tag","embeddable":true,"href":"https:\/\/www.europesays.com\/fr\/wp-json\/wp\/v2\/tags?post=458213"}],"curies":[{"name":"wp","href":"https:\/\/api.w.org\/{rel}","templated":true}]}}