{"id":458215,"date":"2025-10-12T20:19:11","date_gmt":"2025-10-12T20:19:11","guid":{"rendered":"https:\/\/www.europesays.com\/fr\/458215\/"},"modified":"2025-10-12T20:19:11","modified_gmt":"2025-10-12T20:19:11","slug":"nouveau-gouvernement-lecornu-a-propose-un-melange-de-societe-civile-avec-des-profils-experimentes-et-de-jeunes-parlementaires","status":"publish","type":"post","link":"https:\/\/www.europesays.com\/fr\/458215\/","title":{"rendered":"Nouveau gouvernement\u00a0: Lecornu a \u00ab\u00a0propos\u00e9 un m\u00e9lange de soci\u00e9t\u00e9 civile avec des profils exp\u00e9riment\u00e9s et de jeunes parlementaires\u00a0\u00bb"},"content":{"rendered":"<p class=\"paragraph text_align_left lp-f-body-02\"><a href=\"https:\/\/www.leparisien.fr\/politique\/nouveau-gouvernement-lecornu-le-conseil-des-ministres-aura-lieu-au-plus-tot-mardi-12-10-2025-MIOHU4WQJFBT7IU2A6VDY54WPM.php\" target=\"_self\" rel=\"nofollow noopener\">S\u00e9bastien Lecornu<\/a> a dit dimanche soir, selon son entourage, avoir \u00ab\u00a0propos\u00e9 un m\u00e9lange de soci\u00e9t\u00e9 civile avec des profils exp\u00e9riment\u00e9s et de jeunes parlementaires\u00a0\u00bb pour son deuxi\u00e8me gouvernement.<\/p>\n<p class=\"paragraph text_align_left lp-f-body-02\">Le Premier ministre, qui ne voulait pas de ministres avec des ambitions pr\u00e9sidentielles, \u00ab\u00a0veut faire \u00e9merger de nouveaux visages\u00a0\u00bb, a ajout\u00e9 son entourage. Des premiers noms de ministres ont \u00e9t\u00e9 donn\u00e9s par une source proche de l\u2019ex\u00e9cutif\u00a0: le pr\u00e9fet de police de Paris <a href=\"https:\/\/www.leparisien.fr\/politique\/laurent-nunez\/\" target=\"_self\" rel=\"nofollow noopener\">Laurent Nu\u00f1ez<\/a> est pressenti pour succ\u00e9der \u00e0 Bruno Retailleau au minist\u00e8re de l\u2019Int\u00e9rieur et le patron sortant de la SNCF <a href=\"https:\/\/www.leparisien.fr\/economie\/greve-a-la-sncf-jean-pierre-farandou-un-president-interimaire-en-premiere-ligne-12-11-2024-EB24VP4RNVBVHBKOBWLWJL36TM.php\" target=\"_self\" rel=\"nofollow noopener\">Jean-Pierre Farandou<\/a> pour celui du Travail.<\/p>\n<p class=\"paragraph text_align_left lp-f-body-02\">Par ailleurs, Matignon a demand\u00e9 aux ministres des passations de pouvoirs \u00ab\u00a0sobres\u00a0\u00bb. Selon nos informations, le message envoy\u00e9 stipule que les passations doivent \u00eatre faites \u00ab\u00a0entre 11h00 et 14h00, sans presse, sans discours, sans invitations ext\u00e9rieures.\u00a0\u00bb<\/p>\n<p>Nervosit\u00e9 et risque de censure rapide<\/p>\n<p class=\"paragraph text_align_left lp-f-body-02\">Ce nouvel ex\u00e9cutif, a toutefois une dur\u00e9e de vie qui pourrait \u00eatre limit\u00e9e, dans la mesure o\u00f9 l\u2019ensemble des oppositions &#8211; hors PS qui attend la garantie d\u2019une suspension de la r\u00e9forme des retraites &#8211; menacent S\u00e9bastien Lecornu de censure.<\/p>\n<p class=\"paragraph text_align_left lp-f-body-02\">Ce dernier a d\u00fb \u0153uvrer tout le week-end pour composer son \u00e9quipe sans l\u2019aide de ses alli\u00e9s centristes ni des R\u00e9publicains (LR) qui ont d\u00e9cid\u00e9 samedi de ne plus participer au gouvernement tout en le soutenant \u00ab texte par texte \u00bb au Parlement. Mais le parti s\u2019attend \u00e0 ce que des LR participent au gouvernement.<\/p>\n<p class=\"title-embed-dailymotion lp-color-text lp-f-subtitle-04\">Vid\u00e9o\u00ab Sortir de ce moment tr\u00e8s p\u00e9nible pour tout le monde \u00bb<\/p>\n<p class=\"paragraph text_align_left lp-f-body-02\">Les signes de nervosit\u00e9 se sont multipli\u00e9s dimanche au sein du parti issu du gaullisme. Au moins une ministre sortante, Annie Genevard (Agriculture), serait tent\u00e9e de rempiler. \u00ab Annie, vous ne pouvez pas faire \u00e7a \u00bb, lui a intim\u00e9 sur X le pr\u00e9sident des jeunes LR Th\u00e9o Am\u2019Saadi. \u00ab La d\u00e9cision du BP (Bureau politique) doit \u00eatre respect\u00e9e. \u00bb<\/p>\n<p class=\"paragraph text_align_left lp-f-body-02\">Le bureau politique d\u2019Horizons, le parti d\u2019\u00c9douard Philippe, a \u00e9galement souhait\u00e9 garder ses distances avec le gouvernement, en attendant d\u2019en savoir plus sur ses intentions. Quant au Modem de Fran\u00e7ois Bayrou, fid\u00e8le parmi les fid\u00e8les d\u2019Emmanuel Macron, il s\u2019est montr\u00e9 tr\u00e8s r\u00e9ticent \u00e0 toute participation.<\/p>\n<p>Lecornu, la derni\u00e8re cartouche de Macron<\/p>\n<p class=\"paragraph text_align_left lp-f-body-02\">S\u00e9bastien Lecornu, qui a d\u00e9missionn\u00e9 lundi dernier parce que \u00ab les conditions n\u2019\u00e9taient plus remplies \u00bb, a fait monter la pression dimanche en promettant dans la presse dominicale qu\u2019il ferait de m\u00eame si ces conditions \u00ab n\u2019\u00e9taient plus remplies \u00e0 nouveau \u00bb. \u00ab Je ne ferai pas n\u2019importe quoi \u00bb, a-t-il assur\u00e9 \u00e0 La Tribune dimanche.<\/p>\n<p class=\"paragraph text_align_left lp-f-body-02\">De fait, s\u2019il devait d\u00e9missionner \u00e0 nouveau, la perspective d\u2019une nouvelle dissolution de l\u2019Assembl\u00e9e nationale, r\u00e9clam\u00e9e notamment par l\u2019extr\u00eame droite, se rapprocherait davantage.<\/p>\n<p class=\"paragraph text_align_left lp-f-body-02\">Le pr\u00e9sident Emmanuel Macron, qui sera absent toute la journ\u00e9e de lundi, pour un voyage en \u00c9gypte de soutien au plan Trump sur Gaza, a d\u2019ailleurs brandi cette menace aux diff\u00e9rents partis qu\u2019il a re\u00e7us vendredi, s\u2019ils ne parvenaient pas \u00e0 s\u2019entendre.<\/p>\n","protected":false},"excerpt":{"rendered":"S\u00e9bastien Lecornu a dit dimanche soir, selon son entourage, avoir \u00ab\u00a0propos\u00e9 un m\u00e9lange de soci\u00e9t\u00e9 civile avec des&hellip;\n","protected":false},"author":2,"featured_media":458216,"comment_status":"","ping_status":"","sticky":false,"template":"","format":"standard","meta":{"footnotes":""},"categories":[1888],"tags":[1111,1928,11,1927,1777,674,1011,27,12,1926,626,1925,316,25],"class_list":{"0":"post-458215","1":"post","2":"type-post","3":"status-publish","4":"format-standard","5":"has-post-thumbnail","7":"category-paris","8":"tag-actu","9":"tag-actu-paris","10":"tag-actualites","11":"tag-actualites-paris","12":"tag-eu","13":"tag-europe","14":"tag-fr","15":"tag-france","16":"tag-news","17":"tag-news-paris","18":"tag-paris","19":"tag-paris-news","20":"tag-politique","21":"tag-republique-francaise"},"share_on_mastodon":{"url":"https:\/\/pubeurope.com\/@fr\/115363051286444118","error":""},"_links":{"self":[{"href":"https:\/\/www.europesays.com\/fr\/wp-json\/wp\/v2\/posts\/458215","targetHints":{"allow":["GET"]}}],"collection":[{"href":"https:\/\/www.europesays.com\/fr\/wp-json\/wp\/v2\/posts"}],"about":[{"href":"https:\/\/www.europesays.com\/fr\/wp-json\/wp\/v2\/types\/post"}],"author":[{"embeddable":true,"href":"https:\/\/www.europesays.com\/fr\/wp-json\/wp\/v2\/users\/2"}],"replies":[{"embeddable":true,"href":"https:\/\/www.europesays.com\/fr\/wp-json\/wp\/v2\/comments?post=458215"}],"version-history":[{"count":0,"href":"https:\/\/www.europesays.com\/fr\/wp-json\/wp\/v2\/posts\/458215\/revisions"}],"wp:featuredmedia":[{"embeddable":true,"href":"https:\/\/www.europesays.com\/fr\/wp-json\/wp\/v2\/media\/458216"}],"wp:attachment":[{"href":"https:\/\/www.europesays.com\/fr\/wp-json\/wp\/v2\/media?parent=458215"}],"wp:term":[{"taxonomy":"category","embeddable":true,"href":"https:\/\/www.europesays.com\/fr\/wp-json\/wp\/v2\/categories?post=458215"},{"taxonomy":"post_tag","embeddable":true,"href":"https:\/\/www.europesays.com\/fr\/wp-json\/wp\/v2\/tags?post=458215"}],"curies":[{"name":"wp","href":"https:\/\/api.w.org\/{rel}","templated":true}]}}