{"id":458217,"date":"2025-10-12T20:20:14","date_gmt":"2025-10-12T20:20:14","guid":{"rendered":"https:\/\/www.europesays.com\/fr\/458217\/"},"modified":"2025-10-12T20:20:14","modified_gmt":"2025-10-12T20:20:14","slug":"qatar-news-agency-2","status":"publish","type":"post","link":"https:\/\/www.europesays.com\/fr\/458217\/","title":{"rendered":"Qatar news agency"},"content":{"rendered":"<p>                                                Paris : Le ministre de la Culture s\u2019entretient avec le pr\u00e9sident de l\u2019Institut du monde arabe et visite l\u2019exposition consacr\u00e9e \u00e0 Gaza<\/p>\n<p>                                                                    <a href=\"https:\/\/qna.org.qa\/fr-FR\/News-Area\/News\/2025-10\/12\/javascript:void(0)\" class=\"main-news-link detail-bg\" rel=\"nofollow noopener\" target=\"_blank\"><br \/>\n                                                                        <img decoding=\"async\" src=\"https:\/\/cdn.qna.org.qa\/media\/4cmmanfx\/culture-minister_fr.jpg?width=1200&amp;height=900&amp;v=1dc3bc0e0ba2f10\" onerror=\"this.onerror=null; this.src=\" class=\"img-fluid\" alt=\"news \"\/><br \/>\n                                                                    <\/a><\/p>\n<p>Paris, le 12 octobre \/QNA\/ Son Excellence Cheikh Abdulrahman bin Hamad Al Thani, ministre de la Culture, s\u2019est entretenu avec Son Excellence M. Jack Lang, pr\u00e9sident de l\u2019Institut du monde arabe \u00e0 Paris.<br \/>La r\u00e9union a permis d\u2019examiner les perspectives de coop\u00e9ration culturelle entre les deux parties.<br \/>\u00c0 l\u2019issue de l\u2019entretien, Son Excellence le ministre a visit\u00e9 l\u2019Institut du monde arabe, o\u00f9 il a marqu\u00e9 une halte \u00e0 l\u2019exposition \u00ab Gaza \u00bb, accompagn\u00e9 de Son Excellence Cheikh Ali bin Jassim Al Thani, ambassadeur de l\u2019\u00c9tat du Qatar en France, et de Son Excellence Dr Ghanem bin Mubarak Al Ali, secr\u00e9taire g\u00e9n\u00e9ral du minist\u00e8re de la Culture. Cette visite s\u2019est tenue dans le contexte de la premi\u00e8re \u00e9dition de la \u00ab Saison des colloques \u00bb, initiative lanc\u00e9e par le minist\u00e8re de la Culture dans la capitale fran\u00e7aise.<\/p>\n","protected":false},"excerpt":{"rendered":"Paris : Le ministre de la Culture s\u2019entretient avec le pr\u00e9sident de l\u2019Institut du monde arabe et visite&hellip;\n","protected":false},"author":2,"featured_media":458218,"comment_status":"","ping_status":"","sticky":false,"template":"","format":"standard","meta":{"footnotes":""},"categories":[1888],"tags":[1111,1928,11,1927,58336,251,1777,674,1011,27,665,58337,12,1926,626,1925,25],"class_list":{"0":"post-458217","1":"post","2":"type-post","3":"status-publish","4":"format-standard","5":"has-post-thumbnail","7":"category-paris","8":"tag-actu","9":"tag-actu-paris","10":"tag-actualites","11":"tag-actualites-paris","12":"tag-coopration","13":"tag-culture","14":"tag-eu","15":"tag-europe","16":"tag-fr","17":"tag-france","18":"tag-gaza","19":"tag-institut-du-monde-arabe","20":"tag-news","21":"tag-news-paris","22":"tag-paris","23":"tag-paris-news","24":"tag-republique-francaise"},"share_on_mastodon":{"url":"https:\/\/pubeurope.com\/@fr\/115363055888342603","error":""},"_links":{"self":[{"href":"https:\/\/www.europesays.com\/fr\/wp-json\/wp\/v2\/posts\/458217","targetHints":{"allow":["GET"]}}],"collection":[{"href":"https:\/\/www.europesays.com\/fr\/wp-json\/wp\/v2\/posts"}],"about":[{"href":"https:\/\/www.europesays.com\/fr\/wp-json\/wp\/v2\/types\/post"}],"author":[{"embeddable":true,"href":"https:\/\/www.europesays.com\/fr\/wp-json\/wp\/v2\/users\/2"}],"replies":[{"embeddable":true,"href":"https:\/\/www.europesays.com\/fr\/wp-json\/wp\/v2\/comments?post=458217"}],"version-history":[{"count":0,"href":"https:\/\/www.europesays.com\/fr\/wp-json\/wp\/v2\/posts\/458217\/revisions"}],"wp:featuredmedia":[{"embeddable":true,"href":"https:\/\/www.europesays.com\/fr\/wp-json\/wp\/v2\/media\/458218"}],"wp:attachment":[{"href":"https:\/\/www.europesays.com\/fr\/wp-json\/wp\/v2\/media?parent=458217"}],"wp:term":[{"taxonomy":"category","embeddable":true,"href":"https:\/\/www.europesays.com\/fr\/wp-json\/wp\/v2\/categories?post=458217"},{"taxonomy":"post_tag","embeddable":true,"href":"https:\/\/www.europesays.com\/fr\/wp-json\/wp\/v2\/tags?post=458217"}],"curies":[{"name":"wp","href":"https:\/\/api.w.org\/{rel}","templated":true}]}}