{"id":458234,"date":"2025-10-12T20:29:17","date_gmt":"2025-10-12T20:29:17","guid":{"rendered":"https:\/\/www.europesays.com\/fr\/458234\/"},"modified":"2025-10-12T20:29:17","modified_gmt":"2025-10-12T20:29:17","slug":"plr-assemblee-cruciale-sur-les-accords-ue-ce-samedi-a-berne","status":"publish","type":"post","link":"https:\/\/www.europesays.com\/fr\/458234\/","title":{"rendered":"PLR: assembl\u00e9e cruciale sur les accords UE ce samedi \u00e0 Berne"},"content":{"rendered":"<p>D\u00e9cision ce samedi \u2013 <\/p>\n<p>La semaine de tous les dangers pour le PLR et les accords avec l&rsquo;UE<\/p>\n<p class=\"ContentHead_lead____SsS link_regular__O0hk0 link_externalicon-big__ZdPgo link_externalicon__qcwXs\">Un PLR divis\u00e9 doit trancher sur son soutien aux accords avec l\u2019Union europ\u00e9enne. Ces derniers pourraient \u00eatre vot\u00e9s plus rapidement par le peuple que pr\u00e9vu.<\/p>\n<p><img loading=\"lazy\" decoding=\"async\" src=\"https:\/\/www.europesays.com\/fr\/wp-content\/uploads\/2025\/08\/1SHAGd944Bn8ZW0B7aBDMc.jpg\"  width=\"100\" height=\"100\"  alt=\"Arthur Grosjean\" class=\"AuthorImage_root__WCxj_ ContentMetaInfo_authorimage__Mp4LD AuthorImage_-content-head__3qDob\" style=\"background-color:#A7A7A7\"\/>Publi\u00e9 aujourd\u2019hui \u00e0 21h37<img decoding=\"async\" loading=\"eager\" fetchpriority=\"high\" src=\"https:\/\/www.europesays.com\/fr\/wp-content\/uploads\/2025\/10\/9UasDGZ0qq_BYuJBMZGZ8F.jpg\" alt=\"Thierry Burkart, membre du Conseil des \u00c9tats, s\u2019exprime lors d\u2019une conf\u00e9rence de presse \u00e0 Berne contre l\u2019initiative Juso pour une politique climatique sociale.\" title=\"Thierry Burkart, membre du Conseil des \u00c9tats, s\u2019exprime lors d\u2019une conf\u00e9rence de presse \u00e0 Berne contre l\u2019initiative Juso pour une politique climatique sociale.\" class=\"ResponsiveImage_root__ZDz10 responsive-image\" style=\"background-color:#CE937A\"\/><\/p>\n<p>Le pr\u00e9sident du PLR Suisse Thierry Burkart, plut\u00f4t eurosceptique, remettra son mandat ce samedi lors d\u2019une assembl\u00e9e de d\u00e9l\u00e9gu\u00e9s qui devra se prononcer sur les futurs accords avec l\u2019UE.<\/p>\n<p>KEYSTONE<\/p>\n<p><strong class=\"SummaryList_title__8uifR\">En bref:<\/strong><\/p>\n<ul class=\"SummaryList_list__pEa7M\">\n<li>Le PLR d\u00e9cidera samedi \u00e0 Berne de son soutien aux accords avec l\u2019Union europ\u00e9enne.<\/li>\n<li>Un groupe de travail compos\u00e9 d\u2019europhiles et d\u2019eurosceptiques n\u2019a pas trouv\u00e9 d\u2019accord.<\/li>\n<li>Les conseillers f\u00e9d\u00e9raux divergent sur les modalit\u00e9s de ratification populaire.<\/li>\n<\/ul>\n<p class=\"ArticleParagraph_root__lhFZo ArticleContainer_content-width__FRl7F link_focus__0ZMwx link_externalicon-big__ZdPgo link_externalicon__qcwXs ArticleElement_article-element__q93eL\">C\u2019est la semaine de tous les dangers pour le PLR. Samedi, il doit enfin sortir du bois <a href=\"https:\/\/www.plr.ch\/accueil\" class=\"HtmlText_root__A1OSq\" target=\"_blank\" rel=\"noopener noreferrer\">lors de son assembl\u00e9e g\u00e9n\u00e9rale<\/a> \u00e0 Berne et dire s\u2019il soutient ou non le paquet d\u2019accords avec l\u2019Union europ\u00e9enne que le Conseil f\u00e9d\u00e9ral a sign\u00e9. On s\u2019attend \u00e0 un oui mais la d\u00e9cision pourrait avoir de grandes r\u00e9percussions sur ses r\u00e9sultats \u00e9lectoraux face \u00e0 une UDC qui fait feu de tout bois sur ce dossier.<\/p>\n<p class=\"ArticleParagraph_root__lhFZo ArticleContainer_content-width__FRl7F link_focus__0ZMwx link_externalicon-big__ZdPgo link_externalicon__qcwXs ArticleElement_article-element__q93eL\">En temps normal, le soutien du PLR aux accords de l\u2019UE devrait \u00eatre une simple formalit\u00e9. Le parti a toujours favoris\u00e9 les Bilat\u00e9rales et tout ce qui favorise la simplification du commerce avec l\u2019Union europ\u00e9enne. Mais le vent a commenc\u00e9 \u00e0 tourner avec la volont\u00e9 de l\u2019UE d\u2019encadrer institutionnellement ces accords avec une reprise dynamique du droit europ\u00e9en. Le pr\u00e9sident PLR Thierry Burkart, eurosceptique et qui remettra son mandat ce samedi, ne portait pas le premier accord-cadre avec l\u2019UE dans son c\u0153ur.<\/p>\n<p>PLR divis\u00e9 sur les accords<\/p>\n<p class=\"ArticleParagraph_root__lhFZo ArticleContainer_content-width__FRl7F link_focus__0ZMwx link_externalicon-big__ZdPgo link_externalicon__qcwXs ArticleElement_article-element__q93eL\">Depuis, les voix discordantes PLR \u00e0 un accord institutionnel avec l\u2019UE se sont manifest\u00e9es, surtout en Suisse al\u00e9manique. Jusqu\u2019au point o\u00f9 le parti <a class=\"HtmlText_root__A1OSq\" href=\"https:\/\/www.24heures.ch\/plr-eviter-que-le-dossier-ue-fasse-imploser-le-parti-396624592288\" target=\"_blank\" rel=\"noopener\">a d\u00fb cr\u00e9er un groupe de travail<\/a>, avec six europhiles, dont le patron et conseiller national bernois Simon Michel, et six eurosceptiques, dont le conseiller aux \u00c9tats nidwaldien Hans Wicki. Objectif: peser le pour et le contre du paquet UE.<\/p>\n<p class=\"ArticleParagraph_root__lhFZo ArticleContainer_content-width__FRl7F link_focus__0ZMwx link_externalicon-big__ZdPgo link_externalicon__qcwXs ArticleElement_article-element__q93eL\">Les positions sont apparemment rest\u00e9es inconciliables. Il appartiendra donc \u00e0 l\u2019assembl\u00e9e des d\u00e9l\u00e9gu\u00e9s PLR de trancher ce samedi. Le oui para\u00eet d\u2019autant plus probable que les deux conseillers f\u00e9d\u00e9raux Karin Keller-Sutter et Ignazio Cassis militent pour une approbation. Avec une diff\u00e9rence cependant. La premi\u00e8re veut que le paquet d\u2019accords soit ratifi\u00e9 obligatoirement par le peuple et les cantons, le second estime qu\u2019un simple r\u00e9f\u00e9rendum facultatif du peuple suffit. Le PLR devrait donc \u00eatre plus partag\u00e9 sur cette question.<\/p>\n<p>L\u2019UDC en embuscade<\/p>\n<p class=\"ArticleParagraph_root__lhFZo ArticleContainer_content-width__FRl7F link_focus__0ZMwx link_externalicon-big__ZdPgo link_externalicon__qcwXs ArticleElement_article-element__q93eL\">Si le oui au paquet d\u2019accords avec l\u2019UE l\u2019emporte, ce ne sera pas la fin des probl\u00e8mes pour le PLR. Car l\u2019UDC en profitera pour draguer les sympathisants du non. Une tactique qui lui avait parfaitement r\u00e9ussi il y a une trentaine d\u2019ann\u00e9es apr\u00e8s le non \u00e0 l\u2019Espace \u00e9conomique europ\u00e9en (EEE). L\u2019UDC avait siphonn\u00e9 une bonne partie des voix PLR et s\u2019\u00e9tait install\u00e9 durablement comme premier parti de Suisse.<\/p>\n<p class=\"ArticleParagraph_root__lhFZo ArticleContainer_content-width__FRl7F link_focus__0ZMwx link_externalicon-big__ZdPgo link_externalicon__qcwXs ArticleElement_article-element__q93eL\">Un remake, avec un nouvel affaiblissement sensible du PLR, est-il possible? On ne peut l\u2019exclure. L\u2019UDC est en campagne permanente sur \u00able trait\u00e9 colonial\u00bb avec l\u2019UE. Elle accumule les victoires dans les cantons et <a class=\"HtmlText_root__A1OSq\" href=\"https:\/\/www.24heures.ch\/udc-record-historique-possible-aux-elections-2027-724869796696\" target=\"_blank\" rel=\"noopener\">caracole \u00e0 plus de 30%<\/a> des voix dans le dernier sondage SSR pour les \u00e9lections f\u00e9d\u00e9rales de 2027.<\/p>\n<p>Grandes man\u0153uvres \u00e0 Berne<\/p>\n<p class=\"ArticleParagraph_root__lhFZo ArticleContainer_content-width__FRl7F link_focus__0ZMwx link_externalicon-big__ZdPgo link_externalicon__qcwXs ArticleElement_article-element__q93eL\">Justement cette \u00e9ch\u00e9ance commence \u00e0 faire peur aux partis. Selon la \u00abNZZ am Sonntag\u00bb de ce dimanche, les man\u0153uvres sont engag\u00e9es pour que le peuple puisse voter sur le nouveau paquet d\u2019accords non pas en 2028 mais en juin 2027. Cela afin d\u2019\u00e9vacuer la question europ\u00e9enne avant les \u00e9lections d\u2019automne. Pas \u00e9tonnant. \u00abSi on attend 2028, l\u2019UDC va axer toute sa campagne \u00e9lectorale sur ce th\u00e8me\u00bb, nous confiait r\u00e9cemment un conseiller f\u00e9d\u00e9ral.<\/p>\n<p class=\"ArticleParagraph_root__lhFZo ArticleContainer_content-width__FRl7F link_focus__0ZMwx link_externalicon-big__ZdPgo link_externalicon__qcwXs ArticleElement_article-element__q93eL\">Quelle man\u0153uvre concr\u00e8te est engag\u00e9e? Sous l\u2019impulsion d\u2019une majorit\u00e9 de partis, les services du parlement sont en train de voir comment traiter en un temps record le volumineux paquet d\u2019accords avec l\u2019UE. Pas \u00e9vident dans la mesure o\u00f9 ce dernier pr\u00e9suppose \u00e9galement de nombreuses adaptations dans le droit suisse.<\/p>\n<p>Une commission sp\u00e9ciale<\/p>\n<p class=\"ArticleParagraph_root__lhFZo ArticleContainer_content-width__FRl7F link_focus__0ZMwx link_externalicon-big__ZdPgo link_externalicon__qcwXs ArticleElement_article-element__q93eL\">Une des solutions pour acc\u00e9l\u00e9rer le travail parlementaire serait de cr\u00e9er une commission sp\u00e9ciale ad hoc, qui ne s\u2019occuperait que de ce sujet. Selon la \u00abNZZ am Sonntag\u00bb, le chef de groupe PLR des Chambres f\u00e9d\u00e9rales Damien Cottier est favorable \u00e0 cette solution. Contrairement \u00e0 son homologue du Centre Philipp Bregy, qui l\u00e2che: \u00abCeux qui ne s\u2019int\u00e9ressent qu\u2019\u00e0 l\u2019UDC et aux \u00e9lections font passer la tactique partisane avant les int\u00e9r\u00eats du pays.\u00bb<\/p>\n<p class=\"ArticleParagraph_root__lhFZo ArticleContainer_content-width__FRl7F link_focus__0ZMwx link_externalicon-big__ZdPgo link_externalicon__qcwXs ArticleElement_article-element__q93eL\">On verra qui l\u2019emporte. Ce qui est s\u00fbr, c\u2019est que le PLR ce samedi joue gros s\u2019il affiche par trop ses divisions sur la question centrale du dossier europ\u00e9en. Au-del\u00e0 de futures pertes \u00e9lectorales, c\u2019est aussi le nombre de ses si\u00e8ges au Conseil f\u00e9d\u00e9ral qui est en jeu en 2027.<\/p>\n<p class=\"DynamicTeaser_boxtitle__B6piN\">Suisse et les accords UE<\/p>\n<p>Newsletter<\/p>\n<p>\u00abDerni\u00e8res nouvelles\u00bb<\/p>\n<p>Vous voulez rester au top de l\u2019info? \u00ab24 heures\u00bb vous propose deux rendez-vous par jour, pour ne rien rater de ce qui se passe dans votre Canton, en Suisse ou dans le monde.<\/p>\n<p><a class=\"NewsletterBox_more__FNemz link_underlinelink__K5Zr0\" href=\"https:\/\/www.24heures.ch\/nos-newsletters\" target=\"_blank\" rel=\"noopener\">Autres newsletters<\/a><\/p>\n<p>Se connecter<strong>Arthur Grosjean<\/strong> est correspondant politique au Palais f\u00e9d\u00e9ral depuis ao\u00fbt 2011. Il exerce la profession de journaliste depuis plus de 35 ans. Il a occup\u00e9 diverses fonctions comme chef de rubrique (Suisse, Gen\u00e8ve) et r\u00e9dacteur en chef adjoint de la Tribune de Gen\u00e8ve. Il  a commenc\u00e9 sa carri\u00e8re comme responsable des communes genevoises avant de s\u2019occuper successivement de la politique de la Ville de Gen\u00e8ve et celle du canton de Gen\u00e8ve. Il \u00e9crit pour la Tribune de Gen\u00e8ve, 24 Heures et le Matin Dimanche.<a class=\"ArticleAuthorBio_moreinfo__cqyvz link_underlinelink__K5Zr0\" rel=\"author noopener\" href=\"https:\/\/www.24heures.ch\/author\/78654481\/arthur-grosjean\" target=\"_blank\">Plus d&rsquo;infos<\/a><a href=\"https:\/\/twitter.com\/arthurflash\" target=\"_blank\" rel=\"noopener\">@arthurflash<\/a><\/p>\n<p class=\"Feedback_root__fr_Mi ArticleContainer_content-width__FRl7F\">Vous avez trouv\u00e9 une erreur?<a href=\"mailto:tes_correction@tamedia.ch?subject=Avis%20d'erreur%20%7C%20Arthur%20Grosjean%20%7C%20La%20semaine%20de%20tous%20les%20dangers%20pour%20le%20PLR%20et%20les%20accords%20avec%20l%26%2339%3BUE&amp;body=J'ai%20trouv%C3%A9%20une%20erreur%20dans%20cet%20article%3A%20https%3A%2F%2Fwww.24heures.ch%2Fplr-assemblee-cruciale-sur-les-accords-ue-ce-samedi-a-berne-900297952905\" class=\"Feedback_feedbacklink__VyDCi link_underlinelink__K5Zr0\">Merci de nous la signaler.<\/a><\/p>\n<p>4 commentaires<\/p>\n<p><script async src=\"https:\/\/platform.twitter.com\/widgets.js\" charset=\"utf-8\"><\/script><\/p>\n","protected":false},"excerpt":{"rendered":"D\u00e9cision ce samedi \u2013 La semaine de tous les dangers pour le PLR et les accords avec l&rsquo;UE&hellip;\n","protected":false},"author":2,"featured_media":458235,"comment_status":"","ping_status":"","sticky":false,"template":"","format":"standard","meta":{"footnotes":""},"categories":[1586],"tags":[11,1777,674,1779,1011,27,12,25,37086,1778,364],"class_list":{"0":"post-458234","1":"post","2":"type-post","3":"status-publish","4":"format-standard","5":"has-post-thumbnail","7":"category-europe","8":"tag-actualites","9":"tag-eu","10":"tag-europe","11":"tag-european-union","12":"tag-fr","13":"tag-france","14":"tag-news","15":"tag-republique-francaise","16":"tag-stats-editorial-team","17":"tag-ue","18":"tag-union-europeenne"},"share_on_mastodon":{"url":"https:\/\/pubeurope.com\/@fr\/115363090763563383","error":""},"_links":{"self":[{"href":"https:\/\/www.europesays.com\/fr\/wp-json\/wp\/v2\/posts\/458234","targetHints":{"allow":["GET"]}}],"collection":[{"href":"https:\/\/www.europesays.com\/fr\/wp-json\/wp\/v2\/posts"}],"about":[{"href":"https:\/\/www.europesays.com\/fr\/wp-json\/wp\/v2\/types\/post"}],"author":[{"embeddable":true,"href":"https:\/\/www.europesays.com\/fr\/wp-json\/wp\/v2\/users\/2"}],"replies":[{"embeddable":true,"href":"https:\/\/www.europesays.com\/fr\/wp-json\/wp\/v2\/comments?post=458234"}],"version-history":[{"count":0,"href":"https:\/\/www.europesays.com\/fr\/wp-json\/wp\/v2\/posts\/458234\/revisions"}],"wp:featuredmedia":[{"embeddable":true,"href":"https:\/\/www.europesays.com\/fr\/wp-json\/wp\/v2\/media\/458235"}],"wp:attachment":[{"href":"https:\/\/www.europesays.com\/fr\/wp-json\/wp\/v2\/media?parent=458234"}],"wp:term":[{"taxonomy":"category","embeddable":true,"href":"https:\/\/www.europesays.com\/fr\/wp-json\/wp\/v2\/categories?post=458234"},{"taxonomy":"post_tag","embeddable":true,"href":"https:\/\/www.europesays.com\/fr\/wp-json\/wp\/v2\/tags?post=458234"}],"curies":[{"name":"wp","href":"https:\/\/api.w.org\/{rel}","templated":true}]}}