{"id":458250,"date":"2025-10-12T20:38:12","date_gmt":"2025-10-12T20:38:12","guid":{"rendered":"https:\/\/www.europesays.com\/fr\/458250\/"},"modified":"2025-10-12T20:38:12","modified_gmt":"2025-10-12T20:38:12","slug":"le-grand-rival-oublie-de-marc-marquez-revele-tout","status":"publish","type":"post","link":"https:\/\/www.europesays.com\/fr\/458250\/","title":{"rendered":"Le grand rival oubli\u00e9 de Marc M\u00e1rquez r\u00e9v\u00e8le tout"},"content":{"rendered":"<p>Dans l\u2019ombre des projecteurs braqu\u00e9s sur Valentino Rossi ou Jorge Lorenzo, Andrea Dovizioso a pourtant \u00e9t\u00e9 l\u2019un des adversaires les plus redoutables de Marc M\u00e1rquez. Trois fois vice-champion du monde (2017 \u00e0 2019), le pilote italien a souvent fr\u00f4l\u00e9 le sacre. Mais une constante l\u2019en a emp\u00each\u00e9, un certain Marc M\u00e1rquez, au sommet de son art.<\/p>\n<p>\u00ab Avec les autres, il y avait des hauts et des bas. Avec Marc, jamais \u00bb, confie Dovizioso dans Dovi, la s\u00e9rie, diffus\u00e9e sur Sky et Now TV. Cette \u00e9mission-documentaire retrace son parcours, ses luttes, et surtout, ses confrontations explosives avec le prodige espagnol. Il y \u00e9voque sans d\u00e9tour la sup\u00e9riorit\u00e9 technique et mentale de M\u00e1rquez, mais aussi son talon d\u2019Achille, une prise de risques permanente.<\/p>\n<p>Une l\u00e9gende aux ailes br\u00fbl\u00e9es<\/p>\n<p>Selon Dovizioso, la chute de M\u00e1rquez n\u2019\u00e9tait pas une surprise, mais une fatalit\u00e9 annonc\u00e9e. \u00ab Il \u00e9tait trop fort, trop souvent. Et il ne savait pas s\u2019arr\u00eater. \u00bb L\u2019accident de Jerez en 2020 a marqu\u00e9 un tournant brutal dans la carri\u00e8re du nonuple champion, r\u00e9v\u00e9lant les limites d\u2019un pilote jusque-l\u00e0 consid\u00e9r\u00e9 comme invincible.<\/p>\n<p>   Partagez cette info avec vos amis et vos proches en cliquant ici<br \/> Pour r\u00e9sumer<\/p>\n<p>Andrea Dovizioso revient sur sa rivalit\u00e9 avec Marc M\u00e1rquez dans sa s\u00e9rie documentaire. Il admire le talent du champion espagnol, mais souligne son exc\u00e8s de prises de risques, menant \u00e0 sa chute en 2020. Un regard lucide sur une l\u00e9gende du MotoGP et une \u00e9poque de duels intenses.<\/p>\n<p>R\u00e9dacteur<\/p>\n<p><img decoding=\"async\" width=\"76\" height=\"76\" loading=\"lazy\" src=\"https:\/\/www.europesays.com\/fr\/wp-content\/uploads\/2025\/09\/logo-juste-houngla.jpg\" alt=\"Juste Houngla\"\/><\/p>\n","protected":false},"excerpt":{"rendered":"Dans l\u2019ombre des projecteurs braqu\u00e9s sur Valentino Rossi ou Jorge Lorenzo, Andrea Dovizioso a pourtant \u00e9t\u00e9 l\u2019un des&hellip;\n","protected":false},"author":2,"featured_media":458251,"comment_status":"","ping_status":"","sticky":false,"template":"","format":"standard","meta":{"footnotes":""},"categories":[1413],"tags":[1011,27,1457,1456,60],"class_list":{"0":"post-458250","1":"post","2":"type-post","3":"status-publish","4":"format-standard","5":"has-post-thumbnail","7":"category-moto","8":"tag-fr","9":"tag-france","10":"tag-moto","11":"tag-motocycle","12":"tag-sports"},"share_on_mastodon":{"url":"https:\/\/pubeurope.com\/@fr\/115363126420228332","error":""},"_links":{"self":[{"href":"https:\/\/www.europesays.com\/fr\/wp-json\/wp\/v2\/posts\/458250","targetHints":{"allow":["GET"]}}],"collection":[{"href":"https:\/\/www.europesays.com\/fr\/wp-json\/wp\/v2\/posts"}],"about":[{"href":"https:\/\/www.europesays.com\/fr\/wp-json\/wp\/v2\/types\/post"}],"author":[{"embeddable":true,"href":"https:\/\/www.europesays.com\/fr\/wp-json\/wp\/v2\/users\/2"}],"replies":[{"embeddable":true,"href":"https:\/\/www.europesays.com\/fr\/wp-json\/wp\/v2\/comments?post=458250"}],"version-history":[{"count":0,"href":"https:\/\/www.europesays.com\/fr\/wp-json\/wp\/v2\/posts\/458250\/revisions"}],"wp:featuredmedia":[{"embeddable":true,"href":"https:\/\/www.europesays.com\/fr\/wp-json\/wp\/v2\/media\/458251"}],"wp:attachment":[{"href":"https:\/\/www.europesays.com\/fr\/wp-json\/wp\/v2\/media?parent=458250"}],"wp:term":[{"taxonomy":"category","embeddable":true,"href":"https:\/\/www.europesays.com\/fr\/wp-json\/wp\/v2\/categories?post=458250"},{"taxonomy":"post_tag","embeddable":true,"href":"https:\/\/www.europesays.com\/fr\/wp-json\/wp\/v2\/tags?post=458250"}],"curies":[{"name":"wp","href":"https:\/\/api.w.org\/{rel}","templated":true}]}}