{"id":458252,"date":"2025-10-12T20:39:10","date_gmt":"2025-10-12T20:39:10","guid":{"rendered":"https:\/\/www.europesays.com\/fr\/458252\/"},"modified":"2025-10-12T20:39:10","modified_gmt":"2025-10-12T20:39:10","slug":"gabi-bortoleto-revele-ses-idoles","status":"publish","type":"post","link":"https:\/\/www.europesays.com\/fr\/458252\/","title":{"rendered":"Gabi Bortoleto r\u00e9v\u00e8le ses idoles"},"content":{"rendered":"<p>  <img loading=\"lazy\" decoding=\"async\" src=\"https:\/\/www.europesays.com\/fr\/wp-content\/uploads\/2025\/10\/1200-L-formule-1-gabi-bortoleto-rvle-ses-idoles.jpg\" alt=\"Gabriel Bortoleto (BRA) Sauber on the drivers' parade. 05.10.2025. Formula 1 World Championship, Rd 18, Singapore Grand Prix, Marina Bay Street Circuit, Singapore, Race Day. - www.xpbimages.com, EMail: requests@xpbimages.com \u00a9 Copyright: Charniaux \/ XPB Images - Photo by Icon Sport\" width=\"1200\" height=\"640\" class=\"\"\/>  <\/p>\n<p>Gabriel Bortoleto (BRA) Sauber on the drivers&rsquo; parade. 05.10.2025. Formula 1 World Championship, Rd 18, Singapore Grand Prix, Marina Bay Street Circuit, Singapore, Race Day. &#8211; www.xpbimages.com, EMail: requests@xpbimages.com \u00a9 Copyright: Charniaux \/ XPB Images &#8211; Photo by Icon Sport<\/p>\n<p class=\"chapeau\" data-id=\"23466\">Grand espoir du sport automobile br\u00e9silien, Gabi Bortoleto a r\u00e9v\u00e9l\u00e9 le nom de ses idoles. Il a choisi une l\u00e9gende br\u00e9silienne ainsi qu&rsquo;un pilote de la nouvelle g\u00e9n\u00e9ration.<\/p>\n","protected":false},"excerpt":{"rendered":"Gabriel Bortoleto (BRA) Sauber on the drivers&rsquo; parade. 05.10.2025. Formula 1 World Championship, Rd 18, Singapore Grand Prix,&hellip;\n","protected":false},"author":2,"featured_media":458253,"comment_status":"","ping_status":"","sticky":false,"template":"","format":"standard","meta":{"footnotes":""},"categories":[1412],"tags":[1451,1452,1453,1454,1455,1011,27,60],"class_list":{"0":"post-458252","1":"post","2":"type-post","3":"status-publish","4":"format-standard","5":"has-post-thumbnail","7":"category-f1","8":"tag-f1","9":"tag-formula-1","10":"tag-formula1","11":"tag-formule-1","12":"tag-formule1","13":"tag-fr","14":"tag-france","15":"tag-sports"},"share_on_mastodon":{"url":"https:\/\/pubeurope.com\/@fr\/115363129983149403","error":""},"_links":{"self":[{"href":"https:\/\/www.europesays.com\/fr\/wp-json\/wp\/v2\/posts\/458252","targetHints":{"allow":["GET"]}}],"collection":[{"href":"https:\/\/www.europesays.com\/fr\/wp-json\/wp\/v2\/posts"}],"about":[{"href":"https:\/\/www.europesays.com\/fr\/wp-json\/wp\/v2\/types\/post"}],"author":[{"embeddable":true,"href":"https:\/\/www.europesays.com\/fr\/wp-json\/wp\/v2\/users\/2"}],"replies":[{"embeddable":true,"href":"https:\/\/www.europesays.com\/fr\/wp-json\/wp\/v2\/comments?post=458252"}],"version-history":[{"count":0,"href":"https:\/\/www.europesays.com\/fr\/wp-json\/wp\/v2\/posts\/458252\/revisions"}],"wp:featuredmedia":[{"embeddable":true,"href":"https:\/\/www.europesays.com\/fr\/wp-json\/wp\/v2\/media\/458253"}],"wp:attachment":[{"href":"https:\/\/www.europesays.com\/fr\/wp-json\/wp\/v2\/media?parent=458252"}],"wp:term":[{"taxonomy":"category","embeddable":true,"href":"https:\/\/www.europesays.com\/fr\/wp-json\/wp\/v2\/categories?post=458252"},{"taxonomy":"post_tag","embeddable":true,"href":"https:\/\/www.europesays.com\/fr\/wp-json\/wp\/v2\/tags?post=458252"}],"curies":[{"name":"wp","href":"https:\/\/api.w.org\/{rel}","templated":true}]}}