{"id":458260,"date":"2025-10-12T20:43:12","date_gmt":"2025-10-12T20:43:12","guid":{"rendered":"https:\/\/www.europesays.com\/fr\/458260\/"},"modified":"2025-10-12T20:43:12","modified_gmt":"2025-10-12T20:43:12","slug":"a-douarnenez-quatorze-membres-du-club-penn-sardin-photo-exposent-leur-travail","status":"publish","type":"post","link":"https:\/\/www.europesays.com\/fr\/458260\/","title":{"rendered":"\u00c0 Douarnenez, quatorze membres du club Penn sardin photo exposent leur travail"},"content":{"rendered":"<p>Depuis maintenant quatre ans, le club Penn sardin photo expose ponctuellement dans la galerie du centre E. Leclerc de Douarnenez. Cette exposition collective est le fruit d\u2019une ann\u00e9e de promenades photographiques r\u00e9alis\u00e9es par quatorze membres du club, qui fait partie de l\u2019association Le Magnolia, riche au total de 36 activit\u00e9s.<\/p>\n<p>\u00ab\u00a0Nous avons aussi invit\u00e9 l\u2019association photo de Clohars-Fouesnant \u00e0 se joindre \u00e0 l\u2019\u00e9v\u00e9nement\u00a0\u00bb, indique Jean-Pierre Pariset, responsable au club. Son fonctionnement collectif favorise l\u2019apprentissage et le partage d\u2019exp\u00e9riences entre passionn\u00e9s. \u00ab\u00a0Nous avons des cours, ensuite nous sortons faire des photos, puis nous analysons ensemble notre travail\u00a0\u00bb, explique Denise, membre du club. \u00ab\u00a0Je suis passionn\u00e9e par la photo et je suis tr\u00e8s contente d\u2019exposer mes images pour la premi\u00e8re fois\u00a0\u00bb, souligne Dominique, nouvelle venue dans l\u2019association. Son enthousiasme refl\u00e8te l\u2019esprit de convivialit\u00e9 du club, toujours pr\u00eat \u00e0 accueillir de nouveaux talents.<\/p>\n<p><b>Pratique<\/b><\/p>\n<p class=\"note\">L\u2019exposition est visible dans la galerie du centre E. Leclerc jusqu\u2019au 28 octobre. L\u2019assembl\u00e9e g\u00e9n\u00e9rale des Magnolias aura lieu le 19 novembre \u00e0 14\u00a0h\u00a030, \u00e0 la salle des f\u00eates de Douarnenez.<\/p>\n","protected":false},"excerpt":{"rendered":"Depuis maintenant quatre ans, le club Penn sardin photo expose ponctuellement dans la galerie du centre E. Leclerc&hellip;\n","protected":false},"author":2,"featured_media":458261,"comment_status":"","ping_status":"","sticky":false,"template":"","format":"standard","meta":{"footnotes":""},"categories":[1358],"tags":[1348,1384,1385,1386,58,3320,59,1011,27,1756],"class_list":{"0":"post-458260","1":"post","2":"type-post","3":"status-publish","4":"format-standard","5":"has-post-thumbnail","7":"category-arts-et-design","8":"tag-arts","9":"tag-arts-and-design","10":"tag-arts-et-design","11":"tag-design","12":"tag-divertissement","13":"tag-douarnenez","14":"tag-entertainment","15":"tag-fr","16":"tag-france","17":"tag-photographie"},"share_on_mastodon":{"url":"https:\/\/pubeurope.com\/@fr\/115363145635003271","error":""},"_links":{"self":[{"href":"https:\/\/www.europesays.com\/fr\/wp-json\/wp\/v2\/posts\/458260","targetHints":{"allow":["GET"]}}],"collection":[{"href":"https:\/\/www.europesays.com\/fr\/wp-json\/wp\/v2\/posts"}],"about":[{"href":"https:\/\/www.europesays.com\/fr\/wp-json\/wp\/v2\/types\/post"}],"author":[{"embeddable":true,"href":"https:\/\/www.europesays.com\/fr\/wp-json\/wp\/v2\/users\/2"}],"replies":[{"embeddable":true,"href":"https:\/\/www.europesays.com\/fr\/wp-json\/wp\/v2\/comments?post=458260"}],"version-history":[{"count":0,"href":"https:\/\/www.europesays.com\/fr\/wp-json\/wp\/v2\/posts\/458260\/revisions"}],"wp:featuredmedia":[{"embeddable":true,"href":"https:\/\/www.europesays.com\/fr\/wp-json\/wp\/v2\/media\/458261"}],"wp:attachment":[{"href":"https:\/\/www.europesays.com\/fr\/wp-json\/wp\/v2\/media?parent=458260"}],"wp:term":[{"taxonomy":"category","embeddable":true,"href":"https:\/\/www.europesays.com\/fr\/wp-json\/wp\/v2\/categories?post=458260"},{"taxonomy":"post_tag","embeddable":true,"href":"https:\/\/www.europesays.com\/fr\/wp-json\/wp\/v2\/tags?post=458260"}],"curies":[{"name":"wp","href":"https:\/\/api.w.org\/{rel}","templated":true}]}}