{"id":458290,"date":"2025-10-12T21:03:11","date_gmt":"2025-10-12T21:03:11","guid":{"rendered":"https:\/\/www.europesays.com\/fr\/458290\/"},"modified":"2025-10-12T21:03:11","modified_gmt":"2025-10-12T21:03:11","slug":"toulon-meteo-beau-temps-au-programme-lundi-sur-la-provence-alpes-cote-dazur","status":"publish","type":"post","link":"https:\/\/www.europesays.com\/fr\/458290\/","title":{"rendered":"TOULON : M\u00e9t\u00e9o &#8211; Beau temps au programme lundi sur la Provence-Alpes-C\u00f4te-d\u2019Azur"},"content":{"rendered":"<p><strong>Beau temps au programme ce lundi sur la r\u00e9gion Provence-Alpes-C\u00f4te-d\u2019Azur, avec simplement quelques nuages d\u2019altitude.<\/strong><\/p>\n<p>Les temp\u00e9ratures restent tr\u00e8s douces pour la saison : entre 9 et 13\u00b0 ce matin, puis jusqu\u2019\u00e0 23\u00b0 cet apr\u00e8s-midi.<\/p>\n<p>Il fera 22\u00b0 \u00e0 <strong data-start=\"351\" data-end=\"361\">Toulon<\/strong>,\u00a0<strong data-start=\"363\" data-end=\"376\">Le Pradet<\/strong>,\u00a0<strong data-start=\"378\" data-end=\"388\">Hy\u00e8res<\/strong>\u00a0et\u00a0<strong data-start=\"392\" data-end=\"404\">La Londe<\/strong>, 22\u00b0 aussi du c\u00f4t\u00e9 de\u00a0<strong data-start=\"427\" data-end=\"437\">Bandol<\/strong>,\u00a0<strong data-start=\"439\" data-end=\"450\">Carnoux<\/strong>,\u00a0<strong data-start=\"452\" data-end=\"465\">Marseille<\/strong>\u00a0et\u00a0<strong data-start=\"469\" data-end=\"498\">Ch\u00e2teauneuf-les-Martigues<\/strong>.<\/p>\n<p>On comptera 23\u00b0 \u00e0 <strong data-start=\"520\" data-end=\"539\">Aix-en-Provence<\/strong>,\u00a0<strong data-start=\"541\" data-end=\"555\">Roquevaire<\/strong>,\u00a0<strong data-start=\"557\" data-end=\"570\">Vitrolles<\/strong>,\u00a0<strong data-start=\"572\" data-end=\"582\">Rognac<\/strong>\u00a0et\u00a0<strong data-start=\"586\" data-end=\"610\">La Fare-les-Oliviers<\/strong>, un peu plus frais vers\u00a0<strong data-start=\"635\" data-end=\"647\">Sisteron<\/strong>\u00a0avec 21\u00b0.<\/p>\n<p><strong>ComLaRadio\u00a0<\/strong><br \/><strong>Thierry CARI<\/strong><br \/><strong>Voix Off<\/strong><br \/><strong>Animateur \/ pr\u00e9sentateur<\/strong><br \/><strong><a href=\"https:\/\/presseagence.fr\/toulon-meteo-beau-temps-au-programme-lundi-sur-la-provence-alpes-cote-dazur\/mailto:Contact@thierrycari.com\" rel=\"nofollow noopener\" target=\"_blank\">Contact@thierrycari.com<\/a><\/strong><br \/><strong><a href=\"http:\/\/www.thierrycari.com\" rel=\"nofollow noopener\" target=\"_blank\">www.thierrycari.com<\/a><\/strong><\/p>\n","protected":false},"excerpt":{"rendered":"Beau temps au programme ce lundi sur la r\u00e9gion Provence-Alpes-C\u00f4te-d\u2019Azur, avec simplement quelques nuages d\u2019altitude. Les temp\u00e9ratures restent&hellip;\n","protected":false},"author":2,"featured_media":252142,"comment_status":"","ping_status":"","sticky":false,"template":"","format":"standard","meta":{"footnotes":""},"categories":[9619],"tags":[1111,11,1777,674,1011,27,12,882,25,2310],"class_list":{"0":"post-458290","1":"post","2":"type-post","3":"status-publish","4":"format-standard","5":"has-post-thumbnail","7":"category-toulon","8":"tag-actu","9":"tag-actualites","10":"tag-eu","11":"tag-europe","12":"tag-fr","13":"tag-france","14":"tag-news","15":"tag-provence-alpes-cote-dazur","16":"tag-republique-francaise","17":"tag-toulon"},"share_on_mastodon":{"url":"https:\/\/pubeurope.com\/@fr\/115363224251517261","error":""},"_links":{"self":[{"href":"https:\/\/www.europesays.com\/fr\/wp-json\/wp\/v2\/posts\/458290","targetHints":{"allow":["GET"]}}],"collection":[{"href":"https:\/\/www.europesays.com\/fr\/wp-json\/wp\/v2\/posts"}],"about":[{"href":"https:\/\/www.europesays.com\/fr\/wp-json\/wp\/v2\/types\/post"}],"author":[{"embeddable":true,"href":"https:\/\/www.europesays.com\/fr\/wp-json\/wp\/v2\/users\/2"}],"replies":[{"embeddable":true,"href":"https:\/\/www.europesays.com\/fr\/wp-json\/wp\/v2\/comments?post=458290"}],"version-history":[{"count":0,"href":"https:\/\/www.europesays.com\/fr\/wp-json\/wp\/v2\/posts\/458290\/revisions"}],"wp:featuredmedia":[{"embeddable":true,"href":"https:\/\/www.europesays.com\/fr\/wp-json\/wp\/v2\/media\/252142"}],"wp:attachment":[{"href":"https:\/\/www.europesays.com\/fr\/wp-json\/wp\/v2\/media?parent=458290"}],"wp:term":[{"taxonomy":"category","embeddable":true,"href":"https:\/\/www.europesays.com\/fr\/wp-json\/wp\/v2\/categories?post=458290"},{"taxonomy":"post_tag","embeddable":true,"href":"https:\/\/www.europesays.com\/fr\/wp-json\/wp\/v2\/tags?post=458290"}],"curies":[{"name":"wp","href":"https:\/\/api.w.org\/{rel}","templated":true}]}}