{"id":458298,"date":"2025-10-12T21:08:11","date_gmt":"2025-10-12T21:08:11","guid":{"rendered":"https:\/\/www.europesays.com\/fr\/458298\/"},"modified":"2025-10-12T21:08:11","modified_gmt":"2025-10-12T21:08:11","slug":"info-va-rouen-un-homme-declarant-vouloir-tuer-des-chretiens-et-des-juifs-arrete-a-la-descente-dun-train","status":"publish","type":"post","link":"https:\/\/www.europesays.com\/fr\/458298\/","title":{"rendered":"[Info VA] Rouen : un homme d\u00e9clarant vouloir tuer des chr\u00e9tiens et des juifs arr\u00eat\u00e9 \u00e0 la descente d&rsquo;un train"},"content":{"rendered":"<p>\t[Info VA] Rouen : un homme d\u00e9clarant vouloir tuer des chr\u00e9tiens et des juifs arr\u00eat\u00e9 \u00e0 la descente d&rsquo;un train &#8211; Valeurs actuelles<\/p>\n<p><a href=\"https:\/\/www.valeursactuelles.com\/\" rel=\"nofollow noopener\" target=\"_blank\">Accueil<\/a> \u00bb <a href=\"https:\/\/www.valeursactuelles.com\/faits-divers\" rel=\"nofollow noopener\" target=\"_blank\">Faits divers<\/a> \u00bb [Info VA] Rouen : un homme d\u00e9clarant vouloir tuer des chr\u00e9tiens et des juifs arr\u00eat\u00e9 \u00e0 la descente d\u2019un train<\/p>\n","protected":false},"excerpt":{"rendered":"[Info VA] Rouen : un homme d\u00e9clarant vouloir tuer des chr\u00e9tiens et des juifs arr\u00eat\u00e9 \u00e0 la descente&hellip;\n","protected":false},"author":2,"featured_media":458299,"comment_status":"","ping_status":"","sticky":false,"template":"","format":"standard","meta":{"footnotes":""},"categories":[9587],"tags":[1111,11,6155,9205,2441,1777,674,1011,27,7774,12,5161,25,9590,1254],"class_list":{"0":"post-458298","1":"post","2":"type-post","3":"status-publish","4":"format-standard","5":"has-post-thumbnail","7":"category-rouen","8":"tag-actu","9":"tag-actualites","10":"tag-antisemitisme","11":"tag-apologie-du-terrorisme","12":"tag-arrestation","13":"tag-eu","14":"tag-europe","15":"tag-fr","16":"tag-france","17":"tag-garde-a-vue","18":"tag-news","19":"tag-normandie","20":"tag-republique-francaise","21":"tag-rouen","22":"tag-terrorisme"},"share_on_mastodon":{"url":"https:\/\/pubeurope.com\/@fr\/115363243866912614","error":""},"_links":{"self":[{"href":"https:\/\/www.europesays.com\/fr\/wp-json\/wp\/v2\/posts\/458298","targetHints":{"allow":["GET"]}}],"collection":[{"href":"https:\/\/www.europesays.com\/fr\/wp-json\/wp\/v2\/posts"}],"about":[{"href":"https:\/\/www.europesays.com\/fr\/wp-json\/wp\/v2\/types\/post"}],"author":[{"embeddable":true,"href":"https:\/\/www.europesays.com\/fr\/wp-json\/wp\/v2\/users\/2"}],"replies":[{"embeddable":true,"href":"https:\/\/www.europesays.com\/fr\/wp-json\/wp\/v2\/comments?post=458298"}],"version-history":[{"count":0,"href":"https:\/\/www.europesays.com\/fr\/wp-json\/wp\/v2\/posts\/458298\/revisions"}],"wp:featuredmedia":[{"embeddable":true,"href":"https:\/\/www.europesays.com\/fr\/wp-json\/wp\/v2\/media\/458299"}],"wp:attachment":[{"href":"https:\/\/www.europesays.com\/fr\/wp-json\/wp\/v2\/media?parent=458298"}],"wp:term":[{"taxonomy":"category","embeddable":true,"href":"https:\/\/www.europesays.com\/fr\/wp-json\/wp\/v2\/categories?post=458298"},{"taxonomy":"post_tag","embeddable":true,"href":"https:\/\/www.europesays.com\/fr\/wp-json\/wp\/v2\/tags?post=458298"}],"curies":[{"name":"wp","href":"https:\/\/api.w.org\/{rel}","templated":true}]}}