{"id":458310,"date":"2025-10-12T21:17:13","date_gmt":"2025-10-12T21:17:13","guid":{"rendered":"https:\/\/www.europesays.com\/fr\/458310\/"},"modified":"2025-10-12T21:17:13","modified_gmt":"2025-10-12T21:17:13","slug":"rugby-federale-3-strasbourg-encore-mal-paye","status":"publish","type":"post","link":"https:\/\/www.europesays.com\/fr\/458310\/","title":{"rendered":"Rugby . F\u00e9d\u00e9rale 3\u00a0: Strasbourg encore mal pay\u00e9"},"content":{"rendered":"<p>Le constat chiffr\u00e9 se veut implaccable\u00a0: quatre matches, quatre d\u00e9faites, dont trois \u00e0 domicile. Difficile \u00e0 accepter de la part d\u2019un candidat \u00e0 la mont\u00e9e, m\u00eame apr\u00e8s le passage des deux \u00e9quipes rel\u00e9gu\u00e9es de F\u00e9d\u00e9rale 2, dont ce Grand Dole, bien taill\u00e9 pour l\u2019\u00e9tage au-dessus, avec ses six joueurs salari\u00e9s.<\/p>\n<p>Ce dimanche, la rencontre fut d\u2019un tr\u00e8s bon niveau. Et Strasbourg l\u2019a ma\u00eetris\u00e9e pendant une bonne mi-temps, r\u00e9sistant en d\u00e9fense \u00e0 un rugby souvent frontal, mais pas que, initi\u00e9 par les percutants Tuilievuka, Malaka et Iloai. Mais&#8230;<\/p>\n","protected":false},"excerpt":{"rendered":"Le constat chiffr\u00e9 se veut implaccable\u00a0: quatre matches, quatre d\u00e9faites, dont trois \u00e0 domicile. Difficile \u00e0 accepter de&hellip;\n","protected":false},"author":2,"featured_media":458311,"comment_status":"","ping_status":"","sticky":false,"template":"","format":"standard","meta":{"footnotes":""},"categories":[2820],"tags":[1111,11,2389,2649,2880,1777,674,107,1011,27,775,12,25,479,517,640,2879],"class_list":{"0":"post-458310","1":"post","2":"type-post","3":"status-publish","4":"format-standard","5":"has-post-thumbnail","7":"category-strasbourg","8":"tag-actu","9":"tag-actualites","10":"tag-alsace","11":"tag-bas-rhin","12":"tag-edition-strasbourg","13":"tag-eu","14":"tag-europe","15":"tag-fil-info","16":"tag-fr","17":"tag-france","18":"tag-grand-est","19":"tag-news","20":"tag-republique-francaise","21":"tag-rugby","22":"tag-sport","23":"tag-strasbourg","24":"tag-strasbourg-ville"},"share_on_mastodon":{"url":"","error":""},"_links":{"self":[{"href":"https:\/\/www.europesays.com\/fr\/wp-json\/wp\/v2\/posts\/458310","targetHints":{"allow":["GET"]}}],"collection":[{"href":"https:\/\/www.europesays.com\/fr\/wp-json\/wp\/v2\/posts"}],"about":[{"href":"https:\/\/www.europesays.com\/fr\/wp-json\/wp\/v2\/types\/post"}],"author":[{"embeddable":true,"href":"https:\/\/www.europesays.com\/fr\/wp-json\/wp\/v2\/users\/2"}],"replies":[{"embeddable":true,"href":"https:\/\/www.europesays.com\/fr\/wp-json\/wp\/v2\/comments?post=458310"}],"version-history":[{"count":0,"href":"https:\/\/www.europesays.com\/fr\/wp-json\/wp\/v2\/posts\/458310\/revisions"}],"wp:featuredmedia":[{"embeddable":true,"href":"https:\/\/www.europesays.com\/fr\/wp-json\/wp\/v2\/media\/458311"}],"wp:attachment":[{"href":"https:\/\/www.europesays.com\/fr\/wp-json\/wp\/v2\/media?parent=458310"}],"wp:term":[{"taxonomy":"category","embeddable":true,"href":"https:\/\/www.europesays.com\/fr\/wp-json\/wp\/v2\/categories?post=458310"},{"taxonomy":"post_tag","embeddable":true,"href":"https:\/\/www.europesays.com\/fr\/wp-json\/wp\/v2\/tags?post=458310"}],"curies":[{"name":"wp","href":"https:\/\/api.w.org\/{rel}","templated":true}]}}