{"id":458319,"date":"2025-10-12T21:23:21","date_gmt":"2025-10-12T21:23:21","guid":{"rendered":"https:\/\/www.europesays.com\/fr\/458319\/"},"modified":"2025-10-12T21:23:21","modified_gmt":"2025-10-12T21:23:21","slug":"impitoyable-le-stade-toulousain-etrille-bordeaux-begles-et-son-equipe-remaniee","status":"publish","type":"post","link":"https:\/\/www.europesays.com\/fr\/458319\/","title":{"rendered":"impitoyable, le Stade Toulousain \u00e9trille Bordeaux-B\u00e8gles et son \u00e9quipe remani\u00e9e"},"content":{"rendered":"<p>\n    Les Rouge et Noir n\u2019ont fait qu\u2019une bouch\u00e9e des Unionistes (56-13), ce dimanche, en cl\u00f4ture de la 6e journ\u00e9e du championnat.<\/p>\n<p class=\"fig-paragraph\">Il n\u2019y avait qu\u2019une seule \u00e9quipe sur le terrain ce dimanche soir. Les avions toulousains ont constamment d\u00e9ferl\u00e9. La destination\u00a0? L\u2019en-but girondin. Pour l\u2019UBB, le r\u00e9sultat fait mal. Pour\u00a0<a href=\"https:\/\/www.lefigaro.fr\/sports\/rugby\/live\/top-14\/2026\/947964\/toulouse-bordeaux-begles\" data-fig-type=\"Live\" data-gtm-custom-categorie=\"navigation\" data-gtm-custom-action=\"crossclick\" data-gtm-custom-label=\"Contextuel\" data-gtm-event=\"customEventSPE\" data-fig-domain=\"LEFIGARO\" target=\"_blank\" rel=\"noopener\">Toulouse<\/a>, les cinq points sont acquis et le contenu a d\u00fb satisfaire Ugo Mola et le staff (victoire 59-13). Loin des d\u00e9routes connues ces derni\u00e8res semaines \u00e0 Montpellier et \u00e0 Bayonne.<\/p>\n<p class=\"fig-paragraph\">Les Rouge et Noir ont fait du Toulouse. Des avants tr\u00e8s mobiles, des trois-quarts constamment en mouvement, des lancements de jeu huil\u00e9s et des cadres, autour de Romain Ntamack, Thomas Ramos ou Jack Willis largement au rendez-vous. Ce dernier, \u00e9lu r\u00e9cemment meilleur joueur de la saison derni\u00e8re, \u00e9tait d\u2019ailleurs \u00e0 la conclusion d\u2019un tr\u00e8s beau mouvement d\u00e8s la cinqui\u00e8me minute. L\u2019UBB s\u2019est vite remis la t\u00eate \u00e0 l\u2019endroit gr\u00e2ce \u00e0 une p\u00e9nalit\u00e9 du jeune Laharrague (18e).<\/p>\n<p>                                    <a class=\"fig-a11y-skip a11y-hidden\" href=\"#fig-a11y-skip-main-inarticle\"><br \/>\n        Passer la publicit\u00e9<br \/>\n    <\/a><\/p>\n<p>Cavalier seul<\/p>\n<p class=\"fig-paragraph\">En suivant pourtant, le jeune et brillant trois-quarts centre Kalvin Gourgues a inscrit le deuxi\u00e8me essai des siens sur un bon relais de Jelonch et Graou. L\u2019UBB n\u2019a m\u00eame pas eu le temps de souffler que les champions de France en titre ont plant\u00e9 la troisi\u00e8me banderille. Graou,\u00e0 l\u2019image de Dupont, a magnifiquement jou\u00e9 au ras d\u2019un ruck pour servir l\u2019Argentin Elias et Flament. Le deuxi\u00e8me-ligne international fran\u00e7ais a acc\u00e9l\u00e9r\u00e9 comme un trois-quarts et a d\u00e9pos\u00e9 l\u2019arri\u00e8re-garde girondine. Implacable (21-3, 22e).<\/p>\n<p class=\"fig-body-link\">\n            \u00c0 lire aussi<br \/>\n        <a class=\"fig-body-link__link\" href=\"http:\/\/www.lefigaro.fr\/sports\/rugby\/top-14\/top-14-en-video-les-plus-beaux-essais-de-l-affiche-toulouse-ubb-20251012\" target=\"_blank\" data-fig-type=\"NewsFlash\" rel=\"noopener\" data-gtm-custom-categorie=\"navigation\" data-gtm-custom-action=\"crossclick\" data-gtm-custom-label=\"Contextuel\" data-gtm-event=\"customEventSPE\" data-fig-domain=\"LEFIGARO\">Top 14\u00a0: en vid\u00e9o, les plus beaux essais de l\u2019affiche Toulouse-UBB<br \/>\n    <\/a>\n<\/p>\n<p class=\"fig-paragraph\">Le score commen\u00e7ait \u00e0 faire lourd. Les champions d\u2019Europe bordelais ne r\u00e9agissaient plus. Rappelons que ces derniers \u00e9taient priv\u00e9s &#8211; entre autres &#8211; de Poirot, Tameifuna, Coleman, Du Preez, Lucu, Jalibert, Moefana, Bielle-Biarrey ou encore Buros. Rien que \u00e7a. Avant la pause, Capuozzo aplatissait en plus un cinqui\u00e8me essai. En coin, Ramos ne se faisait pas prier pour transformer (35-3).<\/p>\n<p class=\"fig-paragraph\">Apr\u00e8s les citrons, Lamothe et Depoort\u00e8re apportaient du sang frais. Sur leur premi\u00e8re action, le premier a perc\u00e9, le second cit\u00e9 a marqu\u00e9. Une belle r\u00e9action. Et le d\u00e9but d\u2019un r\u00e9veil\u00a0? Rat\u00e9. Graou (47e) et Jelonch (59e) aggravaient encore la marque et les finisseurs toulousains faisaient encore du d\u00e9g\u00e2t. \u00c0 noter la grande partie de Romain Ntamack. De bon augure avant la tourn\u00e9e de novembre du XV de France. Autre satisfaction, la r\u00e9ussite de Ramos face aux perches, lui qui a \u00e9t\u00e9 auteur de 16 points (8\/8). Ce dernier \u00e9tait d\u2019ailleurs passeur d\u00e9cisif sur l\u2019essai de Lebel (73e). Depoort\u00e8re aura inscrit le dernier essai (de l\u2019honneur). 59-13.<\/p>\n<p class=\"fig-paragraph\">On a d\u00e9j\u00e0 h\u00e2te d\u2019assister, samedi prochain (21h), au choc entre Pau et Toulouse. Deux \u00e9quipes tr\u00e8s offensives et en forme sur ce d\u00e9but de saison. Battus d\u00e9sormais trois fois en d\u00e9placement, les champions d\u2019Europe bordelais, eux, vont devoir vite relever la t\u00eate samedi prochain du c\u00f4t\u00e9 de l\u2019Usap, elle aussi mal en point. Une nouvelle issue n\u00e9gative pourrait laisser des traces\u2026<\/p>\n","protected":false},"excerpt":{"rendered":"Les Rouge et Noir n\u2019ont fait qu\u2019une bouch\u00e9e des Unionistes (56-13), ce dimanche, en cl\u00f4ture de la 6e&hellip;\n","protected":false},"author":2,"featured_media":458320,"comment_status":"","ping_status":"","sticky":false,"template":"","format":"standard","meta":{"footnotes":""},"categories":[2817],"tags":[1111,11,1997,1777,674,1011,27,12,2219,25,476,4364,7974],"class_list":{"0":"post-458319","1":"post","2":"type-post","3":"status-publish","4":"format-standard","5":"has-post-thumbnail","7":"category-bordeaux","8":"tag-actu","9":"tag-actualites","10":"tag-bordeaux","11":"tag-eu","12":"tag-europe","13":"tag-fr","14":"tag-france","15":"tag-news","16":"tag-nouvelle-aquitaine","17":"tag-republique-francaise","18":"tag-stade-toulousain","19":"tag-ubb","20":"tag-union-bordeaux-begles"},"share_on_mastodon":{"url":"https:\/\/pubeurope.com\/@fr\/115363302905152218","error":""},"_links":{"self":[{"href":"https:\/\/www.europesays.com\/fr\/wp-json\/wp\/v2\/posts\/458319","targetHints":{"allow":["GET"]}}],"collection":[{"href":"https:\/\/www.europesays.com\/fr\/wp-json\/wp\/v2\/posts"}],"about":[{"href":"https:\/\/www.europesays.com\/fr\/wp-json\/wp\/v2\/types\/post"}],"author":[{"embeddable":true,"href":"https:\/\/www.europesays.com\/fr\/wp-json\/wp\/v2\/users\/2"}],"replies":[{"embeddable":true,"href":"https:\/\/www.europesays.com\/fr\/wp-json\/wp\/v2\/comments?post=458319"}],"version-history":[{"count":0,"href":"https:\/\/www.europesays.com\/fr\/wp-json\/wp\/v2\/posts\/458319\/revisions"}],"wp:featuredmedia":[{"embeddable":true,"href":"https:\/\/www.europesays.com\/fr\/wp-json\/wp\/v2\/media\/458320"}],"wp:attachment":[{"href":"https:\/\/www.europesays.com\/fr\/wp-json\/wp\/v2\/media?parent=458319"}],"wp:term":[{"taxonomy":"category","embeddable":true,"href":"https:\/\/www.europesays.com\/fr\/wp-json\/wp\/v2\/categories?post=458319"},{"taxonomy":"post_tag","embeddable":true,"href":"https:\/\/www.europesays.com\/fr\/wp-json\/wp\/v2\/tags?post=458319"}],"curies":[{"name":"wp","href":"https:\/\/api.w.org\/{rel}","templated":true}]}}