{"id":458324,"date":"2025-10-12T21:27:14","date_gmt":"2025-10-12T21:27:14","guid":{"rendered":"https:\/\/www.europesays.com\/fr\/458324\/"},"modified":"2025-10-12T21:27:14","modified_gmt":"2025-10-12T21:27:14","slug":"il-quitte-sa-selection-sans-autorisation-grosse-polemique","status":"publish","type":"post","link":"https:\/\/www.europesays.com\/fr\/458324\/","title":{"rendered":"il quitte sa s\u00e9lection sans autorisation, grosse pol\u00e9mique"},"content":{"rendered":"<p>Le joueur, auteur d\u2019un excellent d\u00e9but de saison avec Lille, a quitt\u00e9 Istanbul samedi, au lendemain de la victoire 6-1 contre la Bulgarie en qualifications pour le Mondial 2026. La TFF a d\u00e9nonc\u00e9 un \u00ab comportement inacceptable \u00bb. \u00ab Le gardien a quitt\u00e9 notre centre d\u2019entra\u00eenement \u00e0 son retour \u00e0 Istanbul, invoquant son absence pour le match Bulgarie-Turquie, et ce sans l\u2019autorisation de notre encadrement technique et administratif. Alors que nous nous effor\u00e7ons avec abn\u00e9gation de nous qualifier pour la Coupe du monde (&#8230;) un tel comportement est inacceptable. \u00bb<\/p>\n<p>De son c\u00f4t\u00e9, \u00d6zer conteste cette version. Dans un message publi\u00e9 sur Instagram, le portier de 25 ans affirme avoir quitt\u00e9 le rassemblement \u00ab avec la permission \u00bb du staff, pr\u00e9cisant qu\u2019il avait signal\u00e9 une \u00ab douleur \u00bb avant m\u00eame de rejoindre l\u2019\u00e9quipe et qu\u2019il souhaitait se reposer si son nom n\u2019\u00e9tait pas retenu pour le match.<\/p>\n<p>A lire aussi :\u00d6zer assure souffrir d&rsquo;un p\u00e9pin<\/p>\n<p>\u00ab J\u2019ai indiqu\u00e9 que si je ne faisais pas partie de l\u2019\u00e9quipe pour le match, il serait pr\u00e9f\u00e9rable que je passe cette p\u00e9riode \u00e0 me reposer et \u00e0 suivre un traitement \u00bb, \u00e9crit-il. Le gardien ajoute qu\u2019il n\u2019a jamais montr\u00e9 de baisse de motivation et que sa d\u00e9cision n\u2019avait pour but ni de nuire \u00e0 ses co\u00e9quipiers ni de manquer de respect.<\/p>\n<p>Le choix du s\u00e9lectionneur Vincenzo Montella, qui a titularis\u00e9 Ugurcan \u00c7akir et mis sur le banc Altay Bayindir et Mert G\u00fcnok, a laiss\u00e9 \u00d6zer en tribune, d\u00e9clenchant cette crise. Malgr\u00e9 la controverse, le joueur assure rester \u00ab honor\u00e9 de faire partie de notre formidable rotation de gardiens \u00bb et rappelle que repr\u00e9senter son pays reste \u00ab la plus grande source de fiert\u00e9 \u00bb de sa carri\u00e8re. La Turquie, deuxi\u00e8me du groupe E derri\u00e8re l\u2019Espagne, affrontera la G\u00e9orgie mardi \u00e0 domicile.<\/p>\n<p>   Partagez cette info avec vos amis et vos proches en cliquant ici<br \/> Pour r\u00e9sumer<\/p>\n<p>Le gardien lillois Berke \u00d6zer est au c\u0153ur d\u2019une pol\u00e9mique apr\u00e8s avoir quitt\u00e9 la s\u00e9lection turque samedi. La F\u00e9d\u00e9ration d\u00e9nonce un \u00ab comportement inacceptable \u00bb sans autorisation, tandis qu\u2019\u00d6zer assure avoir eu la permission et invoque une douleur. Montella l\u2019avait laiss\u00e9 sur le banc, d\u00e9clenchant la controverse.<\/p>\n<p>R\u00e9dacteur<\/p>\n<p><img decoding=\"async\" width=\"76\" height=\"76\" loading=\"lazy\" src=\"https:\/\/www.europesays.com\/fr\/wp-content\/uploads\/2025\/04\/logo-julien-pedebos.jpg\" alt=\"Julien P\u00e9debos\"\/><\/p>\n","protected":false},"excerpt":{"rendered":"Le joueur, auteur d\u2019un excellent d\u00e9but de saison avec Lille, a quitt\u00e9 Istanbul samedi, au lendemain de la&hellip;\n","protected":false},"author":2,"featured_media":458325,"comment_status":"","ping_status":"","sticky":false,"template":"","format":"standard","meta":{"footnotes":""},"categories":[2815],"tags":[1111,11,1777,674,1011,27,811,1307,12,25],"class_list":{"0":"post-458324","1":"post","2":"type-post","3":"status-publish","4":"format-standard","5":"has-post-thumbnail","7":"category-lille","8":"tag-actu","9":"tag-actualites","10":"tag-eu","11":"tag-europe","12":"tag-fr","13":"tag-france","14":"tag-hauts-de-france","15":"tag-lille","16":"tag-news","17":"tag-republique-francaise"},"share_on_mastodon":{"url":"https:\/\/pubeurope.com\/@fr\/115363319223235230","error":""},"_links":{"self":[{"href":"https:\/\/www.europesays.com\/fr\/wp-json\/wp\/v2\/posts\/458324","targetHints":{"allow":["GET"]}}],"collection":[{"href":"https:\/\/www.europesays.com\/fr\/wp-json\/wp\/v2\/posts"}],"about":[{"href":"https:\/\/www.europesays.com\/fr\/wp-json\/wp\/v2\/types\/post"}],"author":[{"embeddable":true,"href":"https:\/\/www.europesays.com\/fr\/wp-json\/wp\/v2\/users\/2"}],"replies":[{"embeddable":true,"href":"https:\/\/www.europesays.com\/fr\/wp-json\/wp\/v2\/comments?post=458324"}],"version-history":[{"count":0,"href":"https:\/\/www.europesays.com\/fr\/wp-json\/wp\/v2\/posts\/458324\/revisions"}],"wp:featuredmedia":[{"embeddable":true,"href":"https:\/\/www.europesays.com\/fr\/wp-json\/wp\/v2\/media\/458325"}],"wp:attachment":[{"href":"https:\/\/www.europesays.com\/fr\/wp-json\/wp\/v2\/media?parent=458324"}],"wp:term":[{"taxonomy":"category","embeddable":true,"href":"https:\/\/www.europesays.com\/fr\/wp-json\/wp\/v2\/categories?post=458324"},{"taxonomy":"post_tag","embeddable":true,"href":"https:\/\/www.europesays.com\/fr\/wp-json\/wp\/v2\/tags?post=458324"}],"curies":[{"name":"wp","href":"https:\/\/api.w.org\/{rel}","templated":true}]}}