{"id":458353,"date":"2025-10-12T21:43:13","date_gmt":"2025-10-12T21:43:13","guid":{"rendered":"https:\/\/www.europesays.com\/fr\/458353\/"},"modified":"2025-10-12T21:43:13","modified_gmt":"2025-10-12T21:43:13","slug":"toulouse-ubb-56-13-le-champion-deurope-humilie-par-le-champion-de-france","status":"publish","type":"post","link":"https:\/\/www.europesays.com\/fr\/458353\/","title":{"rendered":"Toulouse &#8211; UBB (56-13)\u00a0: le champion d\u2019Europe humili\u00e9 par le champion de France"},"content":{"rendered":"<p class=\"paragraph text_align_left lp-f-body-02\">Le record n\u2019est pas tomb\u00e9. Les Toulousains, qui avaient balay\u00e9 les Bordelais en finale du Top 14 en 2024 (59-3) n\u2019ont pas fait mieux ce dimanche soir dans leur stade Ernest-Wallon lors de la sixi\u00e8me journ\u00e9e. La marque s\u2019est arr\u00eat\u00e9e \u00e0 56-13\u2026 Les Rouge et Noir en profitent pour reprendre les commandes du championnat, \u00e0 \u00e9galit\u00e9 de points avec Pau et le Stade Fran\u00e7ais.<\/p>\n<p class=\"paragraph text_align_left lp-f-body-02\">Une affiche ne fait pas forc\u00e9ment un choc. On attendait autre chose d\u2019une opposition si all\u00e9chante sur le papier entre le champion de France en titre et le champion d\u2019Europe, une revanche aussi de la derni\u00e8re finale du Top 14 remport\u00e9e au Stade de France au bout de la prolongation (39-33) par les Toulousains devant les Bordelais. Mais l\u2019UBB en ce d\u00e9but de saison, semble prisonni\u00e8re du syndrome du casanier.<\/p>\n<p class=\"paragraph text_align_left lp-f-body-02\">D\u00e9j\u00e0 balay\u00e9e \u00e0 La D\u00e9fense par le Racing (44-32), puis \u00e0 la porte d\u2019Auteuil par le Stade Fran\u00e7ais, ses deux d\u00e9placements jusque-l\u00e0, l\u2019\u00e9quipe de <a href=\"https:\/\/www.leparisien.fr\/sports\/rugby\/stade-toulousain-ubb-yannick-bru-le-bon-la-brute-et-le-savant-28-06-2025-ANMC4NZOWJGH7LBPLIKW2XW3GE.php\" target=\"_self\" rel=\"nofollow noopener\">Yannick Bru<\/a> s\u2019est pr\u00e9sent\u00e9e passablement remani\u00e9e \u00e0 Ernest-Wallon. Matthieu Jalibert et<a href=\"https:\/\/www.leparisien.fr\/sports\/rugby\/toulouse-ubb-36-33-ap-le-pari-rate-de-louis-bielle-biarrey-meconnaissable-en-finale-de-top-14-28-06-2025-7YI4AV4BPFEYHO6CQEXO6N3N3Q.php?ts=1760301177734\" target=\"_self\" rel=\"nofollow noopener\"> Louis Bielle-Biarrey<\/a>, notamment, avaient \u00e9t\u00e9 laiss\u00e9s au repos, venant s\u2019ajouter aux absences sur blessures de Maxime Lucu, Yoram Moefana et Romain Buros. Trop lourd pour esp\u00e9rer quoi que ce soit, d\u2019autant que les Bordelais voyagent sans app\u00e9tit. Amorphes, ils jouent surtout \u00e0 toucher en d\u00e9fense et agissent m\u00e9caniquement, sans hargne ni passion.<\/p>\n<p>R\u00e9action trop timide de l\u2019UBB en seconde p\u00e9riode<\/p>\n<p class=\"paragraph text_align_left lp-f-body-02\">Le r\u00e9sultat ne s\u2019est pas fait attendre. Face \u00e0 un Stade toulousain qui avait align\u00e9 ses meilleurs \u00e9l\u00e9ments disponibles et qui avait besoin de retrouver de la percussion apr\u00e8s un d\u00e9but de saison en demi-teinte, les Grenat et Blanc ont pris une danse. Transperc\u00e9s d\u00e8s la 4e minute par le troisi\u00e8me ligne <a href=\"https:\/\/www.leparisien.fr\/sports\/rugby\/cest-un-gros-clebard-qui-est-jack-willis-travailleur-de-lombre-elu-roi-du-top-14-a-la-nuit-du-rugby-06-10-2025-373NEDIGUZGBPLTZSNMQUDS7DM.php\" target=\"_self\" rel=\"nofollow noopener\">Jack Willis, \u00e9lu lundi dernier meilleur joueur du Top 14<\/a> en 2025, ils ont atteint la mi-temps avec cinq essais dans la besace (35-3).<\/p>\n<p class=\"paragraph text_align_left lp-f-body-02\">Les hommes d<a href=\"https:\/\/www.leparisien.fr\/sports\/rugby\/toulouse-ubb-59-3-ugo-mola-l-ecorche-vif-qui-a-refait-du-stade-toulousain-une-machine-a-tout-gagner-29-06-2024-DD4TJ3EEMJFLNGYHOWTDQBGCYA.php\" target=\"_self\" rel=\"nofollow noopener\">\u2019Ugo Mola<\/a> ont tranquillement encha\u00een\u00e9 les offensives, multipliant les passes avec dext\u00e9rit\u00e9, s\u2019infiltrant dans les espaces laiss\u00e9s un peu partout par leurs adversaires, s\u2019amusant en somme face \u00e0 ces fant\u00f4mes venus de Gironde et r\u00e9galant un public qui n\u2019en demandait pas tant. Apr\u00e8s Willis (4e), Gourgues (20e), Flament (23e), Elias (31e) et Capuozzo (37e) ont plong\u00e9 derri\u00e8re l\u2019en-but apr\u00e8s des courses tranchantes voire \u00e9chevel\u00e9es.<\/p>\n<p class=\"paragraph text_align_left lp-f-body-02\">Au retour des vestiaires, l\u2019UBB a timidement r\u00e9agi, marquant un essai par son centre international Nicolas Depoort\u00e8re (45e), entr\u00e9 en jeu apr\u00e8s la pause. La r\u00e9ponse n\u2019a pas tard\u00e9, le demi de m\u00eal\u00e9e Paul Graou concluant un action initi\u00e9e par son arri\u00e8re Thomas Ramos, relay\u00e9 par l\u2019ouvreur Romain Ntamack (47e). Le troisi\u00e8me ligne Anthony Jelonch a particip\u00e9 \u00e0 la f\u00eate, d\u2019un essai en force au milieu d\u2019un maul (59e), comme l\u2019ailier Matthis Lebel d\u2019un joli plongeon en coin (72e), avant un second essai de Nicolas Depoort\u00e8re (80e). \u00ab Il faut se remettre au boulot, constate ce dernier. On ne peut pas \u00eatre une belle \u00e9quipe \u00e0 la maison et montrer \u00e0 la France enti\u00e8re que nous sommes incapables \u00e0 l\u2019ext\u00e9rieur. \u00bb<\/p>\n","protected":false},"excerpt":{"rendered":"Le record n\u2019est pas tomb\u00e9. Les Toulousains, qui avaient balay\u00e9 les Bordelais en finale du Top 14 en&hellip;\n","protected":false},"author":2,"featured_media":458354,"comment_status":"","ping_status":"","sticky":false,"template":"","format":"standard","meta":{"footnotes":""},"categories":[1586],"tags":[11,1777,674,1011,27,12,25,479,60],"class_list":{"0":"post-458353","1":"post","2":"type-post","3":"status-publish","4":"format-standard","5":"has-post-thumbnail","7":"category-europe","8":"tag-actualites","9":"tag-eu","10":"tag-europe","11":"tag-fr","12":"tag-france","13":"tag-news","14":"tag-republique-francaise","15":"tag-rugby","16":"tag-sports"},"share_on_mastodon":{"url":"https:\/\/pubeurope.com\/@fr\/115363381783991634","error":""},"_links":{"self":[{"href":"https:\/\/www.europesays.com\/fr\/wp-json\/wp\/v2\/posts\/458353","targetHints":{"allow":["GET"]}}],"collection":[{"href":"https:\/\/www.europesays.com\/fr\/wp-json\/wp\/v2\/posts"}],"about":[{"href":"https:\/\/www.europesays.com\/fr\/wp-json\/wp\/v2\/types\/post"}],"author":[{"embeddable":true,"href":"https:\/\/www.europesays.com\/fr\/wp-json\/wp\/v2\/users\/2"}],"replies":[{"embeddable":true,"href":"https:\/\/www.europesays.com\/fr\/wp-json\/wp\/v2\/comments?post=458353"}],"version-history":[{"count":0,"href":"https:\/\/www.europesays.com\/fr\/wp-json\/wp\/v2\/posts\/458353\/revisions"}],"wp:featuredmedia":[{"embeddable":true,"href":"https:\/\/www.europesays.com\/fr\/wp-json\/wp\/v2\/media\/458354"}],"wp:attachment":[{"href":"https:\/\/www.europesays.com\/fr\/wp-json\/wp\/v2\/media?parent=458353"}],"wp:term":[{"taxonomy":"category","embeddable":true,"href":"https:\/\/www.europesays.com\/fr\/wp-json\/wp\/v2\/categories?post=458353"},{"taxonomy":"post_tag","embeddable":true,"href":"https:\/\/www.europesays.com\/fr\/wp-json\/wp\/v2\/tags?post=458353"}],"curies":[{"name":"wp","href":"https:\/\/api.w.org\/{rel}","templated":true}]}}