{"id":458361,"date":"2025-10-12T21:47:10","date_gmt":"2025-10-12T21:47:10","guid":{"rendered":"https:\/\/www.europesays.com\/fr\/458361\/"},"modified":"2025-10-12T21:47:10","modified_gmt":"2025-10-12T21:47:10","slug":"akliouche-thauvin-mateta-quels-attaquants","status":"publish","type":"post","link":"https:\/\/www.europesays.com\/fr\/458361\/","title":{"rendered":"Akliouche, Thauvin, Mateta&#8230; quels attaquants"},"content":{"rendered":"<p>Islande-France : Akliouche, Thauvin, Mateta&#8230; quels attaquants Sur le m\u00eame sujet<a href=\"https:\/\/rmcsport.bfmtv.com\/replay-emissions\/after-foot\/video-islande-france-akliouche-thauvin-mateta-quels-attaquants_VN-202510120347.html\" title=\"Islande-France : Akliouche, Thauvin, Mateta... quels attaquants\" rel=\"nofollow noopener\" target=\"_blank\"><img class=\"lozad\"  width=\"16\" height=\"9\" alt=\"Islande-France : Akliouche, Thauvin, Mateta... quels attaquants\"\/>en lectureIslande-France : Akliouche, Thauvin, Mateta&#8230; quels attaquants<\/a><a href=\"https:\/\/rmcsport.bfmtv.com\/replay-emissions\/after-foot\/video-equipe-de-france-pavard-appele-pour-remplacer-konate-mais-dans-quel-role_VN-202510120116.html\" title=\"\u00c9quipe de France : Pavard appel\u00e9 pour remplacer Konat\u00e9, mais &quot;dans quel r\u00f4le ?&quot;\" rel=\"nofollow noopener\" target=\"_blank\"><img class=\"lozad\"  width=\"16\" height=\"9\" alt=\"\u00c9quipe de France : Pavard appel\u00e9 pour remplacer Konat\u00e9, mais &quot;dans quel r\u00f4le ?&quot;\"\/>4:15\u00c9quipe de France : Pavard appel\u00e9 pour remplacer Konat\u00e9, mais \u00ab\u00a0dans quel r\u00f4le ?\u00a0\u00bb<\/a><a href=\"https:\/\/rmcsport.bfmtv.com\/replay-emissions\/after-foot\/video-monaco-pocognoli-mercenaire-ou-miracle-l-after-divise_VN-202510110355.html\" title=\"Monaco : Pocognoli mercenaire ou miracle, L&#039;After divis\u00e9\" rel=\"nofollow noopener\" target=\"_blank\"><img class=\"lozad\"  width=\"16\" height=\"9\" alt=\"Monaco : Pocognoli mercenaire ou miracle, L'After divis\u00e9\"\/>6:53Monaco : Pocognoli mercenaire ou miracle, L&rsquo;After divis\u00e9<\/a><a href=\"https:\/\/rmcsport.bfmtv.com\/replay-emissions\/after-foot\/video-estonie-1-3-italie-une-victoire-capitale-pour-les-italiens-malgre-la-grosse-bourde-de-donnarumma_VN-202510110350.html\" title=\"Estonie 1-3 Italie : Une victoire capitale pour les Italiens... malgr\u00e9 la grosse bourde de Donnarumma \" rel=\"nofollow noopener\" target=\"_blank\"><img class=\"lozad\"  width=\"16\" height=\"9\" alt=\"Estonie 1-3 Italie : Une victoire capitale pour les Italiens... malgr\u00e9 la grosse bourde de Donnarumma \"\/>5:50Estonie 1-3 Italie : Une victoire capitale pour les Italiens&#8230; malgr\u00e9 la grosse bourde de Donnarumma<\/a><a href=\"https:\/\/rmcsport.bfmtv.com\/replay-emissions\/after-foot\/video-france-3-0-azerbaidjan-ekitike-gusto-akliouche-thauvin-les-tops-et-les-flops-de-l-after_VN-202510110348.html\" title=\"France 3-0 Azerba\u00efdjan : Ekitik\u00e9, Gusto, Akliouche, Thauvin... les tops et les flops de L&#039;After\" rel=\"nofollow noopener\" target=\"_blank\"><img class=\"lozad\"  width=\"16\" height=\"9\" alt=\"France 3-0 Azerba\u00efdjan : Ekitik\u00e9, Gusto, Akliouche, Thauvin... les tops et les flops de L'After\"\/>14:03France 3-0 Azerba\u00efdjan : Ekitik\u00e9, Gusto, Akliouche, Thauvin&#8230; les tops et les flops de L&rsquo;After<\/a><a href=\"https:\/\/rmcsport.bfmtv.com\/replay-emissions\/after-foot\/video-deja-touche-et-sorti-sur-blessure-avec-les-bleus-mbappe-aurait-il-du-jouer-face-a-l-azerbaidjan_VN-202510110339.html\" title=\"D\u00e9j\u00e0 touch\u00e9 et sorti sur blessure avec les Bleus... Mbapp\u00e9 aurait-il d\u00fb jouer face \u00e0 l&#039;Azerba\u00efdjan ? \" rel=\"nofollow noopener\" target=\"_blank\"><img class=\"lozad\"  width=\"16\" height=\"9\" alt=\"D\u00e9j\u00e0 touch\u00e9 et sorti sur blessure avec les Bleus... Mbapp\u00e9 aurait-il d\u00fb jouer face \u00e0 l'Azerba\u00efdjan ? \"\/>5:26D\u00e9j\u00e0 touch\u00e9 et sorti sur blessure avec les Bleus&#8230; Mbapp\u00e9 aurait-il d\u00fb jouer face \u00e0 l&rsquo;Azerba\u00efdjan ?<\/a><a href=\"https:\/\/rmcsport.bfmtv.com\/replay-emissions\/after-foot\/video-thauvin-de-retour-en-bleu-grace-a-la-serie-a-l-avis-de-gael-clichy_VN-202510110195.html\" title=\"Thauvin de retour en Bleu gr\u00e2ce \u00e0 la Serie A ? L&#039;avis de Ga\u00ebl Clichy\" rel=\"nofollow noopener\" target=\"_blank\"><img class=\"lozad\"  width=\"16\" height=\"9\" alt=\"Thauvin de retour en Bleu gr\u00e2ce \u00e0 la Serie A ? L'avis de Ga\u00ebl Clichy\"\/>0:42Thauvin de retour en Bleu gr\u00e2ce \u00e0 la Serie A ? L&rsquo;avis de Ga\u00ebl Clichy<\/a><a href=\"https:\/\/rmcsport.bfmtv.com\/replay-emissions\/after-foot\/video-france-3-0-azerbaidjan-du-tres-bon-mbappe-au-service-des-autres-le-capitaine-s-illumine_VN-202510110176.html\" title=\"France 3-0 Azerba\u00efdjan : &quot;Du tr\u00e8s bon Mbapp\u00e9&quot;, au service des autres le capitaine s&#039;illumine\" rel=\"nofollow noopener\" target=\"_blank\"><img class=\"lozad\"  width=\"16\" height=\"9\" alt=\"France 3-0 Azerba\u00efdjan : &quot;Du tr\u00e8s bon Mbapp\u00e9&quot;, au service des autres le capitaine s'illumine\"\/>0:45France 3-0 Azerba\u00efdjan : \u00ab\u00a0Du tr\u00e8s bon Mbapp\u00e9\u00a0\u00bb, au service des autres le capitaine s&rsquo;illumine<\/a><a href=\"https:\/\/rmcsport.bfmtv.com\/replay-emissions\/after-foot\/video-france-3-0-azerbaidjan-le-debrief-complet-de-la-victoire-pas-evidente-des-bleus_VN-202510100893.html\" title=\"France 3-0 Azerba\u00efdjan : Le d\u00e9brief complet de la victoire ardue des Bleus \" rel=\"nofollow noopener\" target=\"_blank\"><img class=\"lozad\"  width=\"16\" height=\"9\" alt=\"France 3-0 Azerba\u00efdjan : Le d\u00e9brief complet de la victoire ardue des Bleus \"\/>54:36France 3-0 Azerba\u00efdjan : Le d\u00e9brief complet de la victoire ardue des Bleus<\/a><a href=\"https:\/\/rmcsport.bfmtv.com\/replay-emissions\/after-foot\/video-on-me-reprochait-l-absence-de-benzema-ca-a-ete-injuste-giroud-a-souffert_VN-202510100331.html\" title=\"&quot;On me reprochait l&#039;absence de Benzema, \u00e7a a \u00e9t\u00e9 injuste&quot;, Giroud a &quot;souffert&quot; \" rel=\"nofollow noopener\" target=\"_blank\"><img class=\"lozad\"  width=\"16\" height=\"9\" alt=\"&quot;On me reprochait l'absence de Benzema, \u00e7a a \u00e9t\u00e9 injuste&quot;, Giroud a &quot;souffert&quot; \"\/>1:34&Prime;On me reprochait l&rsquo;absence de Benzema, \u00e7a a \u00e9t\u00e9 injuste\u00a0\u00bb, Giroud a \u00ab\u00a0souffert\u00a0\u00bb<\/a><a href=\"https:\/\/rmcsport.bfmtv.com\/replay-emissions\/after-foot\/video-il-m-a-dit-tu-n-as-pas-le-niveau-ligue-2-le-souvenir-de-giroud_VN-202510100298.html\" title=\"Il m&#039;a dit : &quot;Tu n&#039;as pas le niveau Ligue 2&quot;, le souvenir de Giroud\" rel=\"nofollow noopener\" target=\"_blank\"><img class=\"lozad\"  width=\"16\" height=\"9\" alt=\"Il m'a dit : &quot;Tu n'as pas le niveau Ligue 2&quot;, le souvenir de Giroud\"\/>1:15Il m&rsquo;a dit : \u00ab\u00a0Tu n&rsquo;as pas le niveau Ligue 2\u00a0\u00bb, le souvenir de Giroud<\/a><a href=\"https:\/\/rmcsport.bfmtv.com\/replay-emissions\/after-foot\/video-griezmann-aura-son-maillot-au-hall-of-fame-des-bleus-juge-giroud_VN-202510100290.html\" title=\"&quot;Griezmann aura son maillot au Hall of Fame&quot; des Bleus juge Giroud\" rel=\"nofollow noopener\" target=\"_blank\"><img class=\"lozad\"  width=\"16\" height=\"9\" alt=\"&quot;Griezmann aura son maillot au Hall of Fame&quot; des Bleus juge Giroud\"\/>0:46&Prime;Griezmann aura son maillot au Hall of Fame\u00a0\u00bb des Bleus juge Giroud<\/a><a href=\"https:\/\/rmcsport.bfmtv.com\/football\/ligue-1\/video-pocognoli-futur-coach-de-monaco-son-depart-vecu-comme-un-trahison-en-belgique_VN-202510090982.html\" title=\"Pocognoli futur coach de Monaco, son d\u00e9part &quot;v\u00e9cu comme un trahison&quot; en Belgique\" rel=\"nofollow noopener\" target=\"_blank\"><img class=\"lozad\"  width=\"16\" height=\"9\" alt=\"Pocognoli futur coach de Monaco, son d\u00e9part &quot;v\u00e9cu comme un trahison&quot; en Belgique\"\/>6:55Pocognoli futur coach de Monaco, son d\u00e9part \u00ab\u00a0v\u00e9cu comme un trahison\u00a0\u00bb en Belgique<\/a><a href=\"https:\/\/rmcsport.bfmtv.com\/football\/equipe-de-france\/video-les-bleus-son-record-de-buts-mbappe-losc-giroud-invite-exceptionnel-de-l-after-foot_VN-202510090979.html\" title=\"Les Bleus, son record de buts, Mbapp\u00e9, LOSC\u2026 Giroud invit\u00e9 exceptionnel de l&#039;After Foot\" rel=\"nofollow noopener\" target=\"_blank\"><img class=\"lozad\"  width=\"16\" height=\"9\" alt=\"Les Bleus, son record de buts, Mbapp\u00e9, LOSC\u2026 Giroud invit\u00e9 exceptionnel de l'After Foot\"\/>1:01:58Les Bleus, son record de buts, Mbapp\u00e9, LOSC\u2026 Giroud invit\u00e9 exceptionnel de l&rsquo;After Foot<\/a><a class=\"jumpToVideo\" target=\"_blank\"><img class=\"thumbnailPreview\"\/><\/a><\/p>\n","protected":false},"excerpt":{"rendered":"Islande-France : Akliouche, Thauvin, Mateta&#8230; quels attaquants Sur le m\u00eame sujeten lectureIslande-France : Akliouche, Thauvin, Mateta&#8230; quels attaquants4:15\u00c9quipe&hellip;\n","protected":false},"author":2,"featured_media":458362,"comment_status":"","ping_status":"","sticky":false,"template":"","format":"standard","meta":{"footnotes":""},"categories":[4],"tags":[11,1011,27,12,25],"class_list":{"0":"post-458361","1":"post","2":"type-post","3":"status-publish","4":"format-standard","5":"has-post-thumbnail","7":"category-france","8":"tag-actualites","9":"tag-fr","10":"tag-france","11":"tag-news","12":"tag-republique-francaise"},"share_on_mastodon":{"url":"https:\/\/pubeurope.com\/@fr\/115363397947830444","error":""},"_links":{"self":[{"href":"https:\/\/www.europesays.com\/fr\/wp-json\/wp\/v2\/posts\/458361","targetHints":{"allow":["GET"]}}],"collection":[{"href":"https:\/\/www.europesays.com\/fr\/wp-json\/wp\/v2\/posts"}],"about":[{"href":"https:\/\/www.europesays.com\/fr\/wp-json\/wp\/v2\/types\/post"}],"author":[{"embeddable":true,"href":"https:\/\/www.europesays.com\/fr\/wp-json\/wp\/v2\/users\/2"}],"replies":[{"embeddable":true,"href":"https:\/\/www.europesays.com\/fr\/wp-json\/wp\/v2\/comments?post=458361"}],"version-history":[{"count":0,"href":"https:\/\/www.europesays.com\/fr\/wp-json\/wp\/v2\/posts\/458361\/revisions"}],"wp:featuredmedia":[{"embeddable":true,"href":"https:\/\/www.europesays.com\/fr\/wp-json\/wp\/v2\/media\/458362"}],"wp:attachment":[{"href":"https:\/\/www.europesays.com\/fr\/wp-json\/wp\/v2\/media?parent=458361"}],"wp:term":[{"taxonomy":"category","embeddable":true,"href":"https:\/\/www.europesays.com\/fr\/wp-json\/wp\/v2\/categories?post=458361"},{"taxonomy":"post_tag","embeddable":true,"href":"https:\/\/www.europesays.com\/fr\/wp-json\/wp\/v2\/tags?post=458361"}],"curies":[{"name":"wp","href":"https:\/\/api.w.org\/{rel}","templated":true}]}}