{"id":458379,"date":"2025-10-12T21:58:12","date_gmt":"2025-10-12T21:58:12","guid":{"rendered":"https:\/\/www.europesays.com\/fr\/458379\/"},"modified":"2025-10-12T21:58:12","modified_gmt":"2025-10-12T21:58:12","slug":"les-secrets-de-dimorestudio-le-duo-qui-revolutionne-larchitecture-dinterieur","status":"publish","type":"post","link":"https:\/\/www.europesays.com\/fr\/458379\/","title":{"rendered":"Les secrets de Dimorestudio, le duo qui r\u00e9volutionne l\u2019architecture d\u2019int\u00e9rieur"},"content":{"rendered":"<p>\n    <strong>INTERVIEW.<\/strong> <strong>\u2013 <\/strong>Le bin\u00f4me compos\u00e9 de Emiliano Salci et Britt Moran f\u00eatera en 2026 ses 20 ans de pr\u00e9sence au Salon du meuble de Milan. Chaque \u00e9dition est l\u2019occasion pour ce duo de designers de montrer sa capacit\u00e9 \u00e0 cr\u00e9er des histoires, s\u2019emparer du pass\u00e9 pour le r\u00e9inventer, faire de la nostalgie une mati\u00e8re \u00e0 cr\u00e9ation.<\/p>\n<p class=\"fig-paragraph\">Ils sont ind\u00e9modables\u00a0! Lors de la derni\u00e8re \u00e9dition du Salon du meuble de Milan, les noms de Britt Moran et Emiliano Salci, fondateurs de Dimorestudio, \u00e9taient sur toutes les l\u00e8vres. Il fallait absolument d\u00e9couvrir leurs collaborations avec\u00a0<a href=\"http:\/\/madame.lefigaro.fr\/style\/news\/pourquoi-le-pdg-de-loro-piana-refuse-que-la-marque-soit-associee-a-la-tendance-quiet-luxury-20240208\" target=\"_blank\" data-fig-type=\"Article\" rel=\"noopener nofollow\" data-gtm-custom-categorie=\"navigation\" data-gtm-custom-action=\"crossclick\" data-gtm-custom-label=\"Contextuel\" data-gtm-event=\"customEventSPE\" data-fig-domain=\"MADAME\">Loro Piana<\/a>, Yves Salomon, Hosoo\u2026 Et ce ne sont pourtant pas des petits nouveaux. Le succ\u00e8s du bin\u00f4me d\u2019architectes d\u2019int\u00e9rieur et designers a \u00e9t\u00e9 quasiment imm\u00e9diat, lors de la fondation de sa structure, en 2003. Et d\u00e8s 2006, il a cr\u00e9\u00e9 l\u2019\u00e9v\u00e9nement au Salon du meuble de Milan. Depuis plus de vingt ans, il est ind\u00e9tr\u00f4nable, v\u00e9ritable r\u00e9f\u00e9rence dans l\u2019univers du luxe. Mais quels sont les secrets de sa long\u00e9vit\u00e9\u00a0? R\u00e9ponse du duo, parlant d\u2019une m\u00eame voix.<\/p>\n<p class=\"fig-paragraph\"><strong>Madame Figaro<\/strong><strong>.<\/strong> <strong>\u2013 Comment expliquez-vous que votre travail demeure encore et toujours si d\u00e9sirable\u00a0?<\/strong><\/p>\n<p>                                    <a class=\"fig-a11y-skip a11y-hidden\" href=\"#fig-a11y-skip-main-inarticle\"><br \/>\n        Passer la publicit\u00e9<br \/>\n    <\/a><\/p>\n<p class=\"fig-paragraph\"><strong>Emiliano Salci et Britt Moran.<\/strong> \u2013 En cr\u00e9ant notre studio, nous avons propos\u00e9 un langage qui n\u2019\u00e9tait alors pas utilis\u00e9. Et en 2006, quand nous l\u2019avons mis en sc\u00e8ne lors du\u00a0<a href=\"http:\/\/madame.lefigaro.fr\/deco-design\/actu-deco\/deco-les-10-nouveautes-et-tendances-reperees-au-salon-du-meuble-de-milan-2022-20220613\" target=\"_blank\" data-fig-type=\"Article\" rel=\"noopener nofollow\" data-gtm-custom-categorie=\"navigation\" data-gtm-custom-action=\"crossclick\" data-gtm-custom-label=\"Contextuel\" data-gtm-event=\"customEventSPE\" data-fig-domain=\"MADAME\">Salon du meuble<\/a>, il a interpell\u00e9 le public. Et il a \u00e9t\u00e9 port\u00e9 par les journalistes, notamment fran\u00e7ais. Depuis, la presse n\u2019a cess\u00e9 de nous soutenir. Nous avons eu de la chance.<\/p>\n<p class=\"fig-paragraph\"><strong>La chance n\u2019explique pas tout\u00a0! Si nous remontons le temps jusqu\u2019en 2006 et votre premier <\/strong><strong>Salone<\/strong> <strong>\u2026<\/strong><\/p>\n<p class=\"fig-paragraph\">\u00c0 l\u2019\u00e9poque, \u00e0\u00a0<a href=\"http:\/\/madame.lefigaro.fr\/celebrites\/actu-people\/la-rare-apparition-de-richard-gere-et-de-sa-femme-alejandra-silva-au-defile-armani-a-milan-20250929\" target=\"_blank\" data-fig-type=\"Article\" rel=\"noopener nofollow\" data-gtm-custom-categorie=\"navigation\" data-gtm-custom-action=\"crossclick\" data-gtm-custom-label=\"Contextuel\" data-gtm-event=\"customEventSPE\" data-fig-domain=\"MADAME\">Milan<\/a>, les codes \u00e9taient au blanc, noir, gris. Et nous avons, nous, apport\u00e9 beaucoup de couleurs. Nous avons imm\u00e9diatement pris le parti de l\u2019exp\u00e9rimentation. Comme nous n\u2019avions pas beaucoup de moyens, nous avons expos\u00e9 dans un quartier de Milan qui alors \u00e9tait excentr\u00e9 et m\u00e9connu \u2013 depuis, avec l\u2019installation de la Fondation Prada, c\u2019est devenu une zone tr\u00e8s fr\u00e9quent\u00e9e. Nous nous disions que nous allions recevoir 10 personnes\u2026 mais le bouche-\u00e0-oreille a fonctionn\u00e9 et nous en avons eu 35000\u00a0!<\/p>\n<p>    Installation du Dimorestudio pour Loro Piana au Salon de Milan 2025.<br \/>\n                ANDREA FERRARI<\/p>\n<p class=\"fig-paragraph\"><strong>Pr\u00e8s de vingt ans apr\u00e8s, en 2025, toujours \u00e0 ce Salon, vous \u00e9tiez encore les vedettes.<\/strong><\/p>\n<p class=\"fig-paragraph\">C\u2019est le seul moment de l\u2019ann\u00e9e o\u00f9 nous faisons ce que nous voulons. Nous avons des clients formidables, qui viennent sans aucun doute nous chercher pour notre fa\u00e7on peu orthodoxe de travailler, mais nous devons tout de m\u00eame nous adapter \u00e0 leur ADN, \u00e0 des contraintes, notamment dans\u00a0<a href=\"http:\/\/madame.lefigaro.fr\/deco-design\/ces-hotels-penses-par-des-stars-entre-magnificence-et-demesure-20250202\" target=\"_blank\" data-fig-type=\"Article\" rel=\"noopener nofollow\" data-gtm-custom-categorie=\"navigation\" data-gtm-custom-action=\"crossclick\" data-gtm-custom-label=\"Contextuel\" data-gtm-event=\"customEventSPE\" data-fig-domain=\"MADAME\">l\u2019h\u00f4tellerie<\/a>, le retail. Nous apprenons ainsi beaucoup d\u2019eux. Mais le Salon est l\u2019endroit o\u00f9 nous exprimons r\u00e9ellement notre cr\u00e9ativit\u00e9. Et ce sont aussi ces expositions librement imagin\u00e9es qui d\u00e9clenchent l\u2019envie de nouveaux clients\u00a0: c\u2019est un cercle vertueux. Le Salon est finalement \u00e0 la fois notre vitrine et notre terrain de jeux.<\/p>\n<p>    <a href=\"https:\/\/photo-madame.lefigaro.fr\/deco-design\/tendances-deco\/a-la-decouverte-d-un-chalet-authentique-a-megeve-20251002\" rel=\"nofollow noopener\" target=\"_blank\"><\/p>\n<p class=\"fig-slideshow__title\">\n                    \u00c0 la d\u00e9couverte d\u2019un chalet r\u00e9invent\u00e9 \u00e0 Meg\u00e8ve\n                <\/p>\n<p>    <\/a><\/p>\n<p>                                    <a class=\"fig-a11y-skip a11y-hidden\" href=\"#fig-a11y-skip-main-inarticle_mtf\"><br \/>\n        Passer la publicit\u00e9<br \/>\n    <\/a><\/p>\n<p class=\"fig-paragraph\"><strong>Comment avez-vous \u00e9volu\u00e9 durant ces deux d\u00e9cennies\u00a0?<\/strong><\/p>\n<p class=\"fig-paragraph\">Nous avons malheureusement vieilli\u00a0! Notre bin\u00f4me fonctionne de fa\u00e7on peut-\u00eatre plus fluide. L\u2019un s\u2019occupe plus de la partie commerciale, du lien avec nos clients (il s\u2019agit de Britt Moran, NDLR) et l\u2019autre de la partie plus cr\u00e9ative (Emiliano Salci). Nous sommes plus matures en mati\u00e8re de structure, et cela se voit dans nos r\u00e9alisations.<\/p>\n<p class=\"fig-paragraph\"><strong>Comment d\u00e9finiriez-vous votre style aujourd\u2019hui\u00a0?<\/strong><\/p>\n<p class=\"fig-paragraph\">R\u00e9cemment, l\u2019un de nos clients nous a dit qu\u2019il nous consid\u00e9rait comme les ambassadeurs du classique contemporain. Et c\u2019est assez juste, m\u00eame si nous pensons que nous sommes toujours\u00a0<a href=\"http:\/\/madame.lefigaro.fr\/style\/news\/robes-reversantes-et-looks-avant-gardistes-lea-seydoux-et-le-sans-faute-cannois-20240515\" target=\"_blank\" data-fig-type=\"Article\" rel=\"noopener nofollow\" data-gtm-custom-categorie=\"navigation\" data-gtm-custom-action=\"crossclick\" data-gtm-custom-label=\"Contextuel\" data-gtm-event=\"customEventSPE\" data-fig-domain=\"MADAME\">avant-gardistes<\/a>. Certes, nous aimons le pass\u00e9, mais pas d\u2019un point de vue historique. Nous sommes plut\u00f4t guid\u00e9s par l\u2019id\u00e9e de ce \u00e0 quoi le pass\u00e9 aurait pu ressembler, de la fa\u00e7on dont nous aurions aim\u00e9 vivre en 1930, en 1970\u2026 Nous nous inspirons de ces p\u00e9riodes, mais nous les interpr\u00e9tons. Il ne s\u2019agit en aucun cas de recr\u00e9er de l\u2019ancien.<\/p>\n<blockquote class=\"fig-quote&#10;    \">\n<p class=\"fig-quote__text\">C\u2019est une nostalgie cr\u00e9ative. Nous regardons vers des styles sp\u00e9cifiques, qui sont intemporels, et nous les transposons dans une esth\u00e9tique contemporaine<\/p>\n<p>            Emiliano Salci et Britt Moran, du Dimorestudio\n    <\/p><\/blockquote>\n<p class=\"fig-paragraph\"><strong>Est-ce cette base classique qui apporte une note de nostalgie dans votre travail\u00a0?<\/strong><\/p>\n<p>                                    <a class=\"fig-a11y-skip a11y-hidden\" href=\"#fig-a11y-skip-main-inarticle_btf\"><br \/>\n        Passer la publicit\u00e9<br \/>\n    <\/a><\/p>\n<p class=\"fig-paragraph\">Nos proches soulignent r\u00e9guli\u00e8rement que nous sommes nostalgiques. Sans doute la nostalgie nous rassure-t-elle. Peut-\u00eatre nous permet-elle de nous raccrocher \u00e0<a href=\"https:\/\/madame.lefigaro.fr\/tag\/mobilier\" target=\"_blank\" data-fig-type=\"Keyword\" rel=\"sponsored noopener nofollow\" data-gtm-custom-categorie=\"navigation\" data-gtm-custom-action=\"crossclick\" data-gtm-custom-label=\"Contextuel\" data-gtm-event=\"customEventSPE\" data-fig-domain=\"MADAME\">\u00a0des meubles<\/a>, \u00e0 des objets auxquels nous nous identifions plus facilement. Ceci dit, c\u2019est une nostalgie cr\u00e9ative. Nous regardons vers des styles sp\u00e9cifiques, qui sont intemporels, et nous les transposons dans une esth\u00e9tique contemporaine.<\/p>\n<p>    Dimorestudio a sign\u00e9 l\u2019habillage du train La Dolce Vita Orient Express (ci-dessus, la voiture-bar).<br \/>\n                Mr.Tripper \/ Mr.Tripper<\/p>\n<p class=\"fig-paragraph\"><strong>Quels ont \u00e9t\u00e9 les projets qui ont marqu\u00e9 votre carri\u00e8re\u00a0?<\/strong><\/p>\n<p class=\"fig-paragraph\">La r\u00e9novation du Grand Hotel et de Milan, avec ses 95 chambres, a \u00e9t\u00e9 un tournant. Dans la restauration, le Caff\u00e8 Burlot, \u00e0 Paris, r\u00e9alis\u00e9 \u00e0 la demande de Thierry Costes, a \u00e9galement \u00e9t\u00e9 majeur. Travailler avec l\u2019un des plus grands entrepreneurs de la restauration a \u00e9t\u00e9 une opportunit\u00e9 incroyable. En mati\u00e8re de retail, le salon VIP r\u00e9alis\u00e9 pour\u00a0<a href=\"https:\/\/madame.lefigaro.fr\/defiles\/fendi\/printemps-ete-2026\/pret-a-porter\/defile-fendi-pret-a-porter-printemps-ete-2026-20250910\" target=\"_blank\" data-fig-type=\"Article\" rel=\"noopener nofollow\" data-gtm-custom-categorie=\"navigation\" data-gtm-custom-action=\"crossclick\" data-gtm-custom-label=\"Contextuel\" data-gtm-event=\"customEventSPE\" data-fig-domain=\"MADAME\">Fendi<\/a>, \u00e0 Rome, est une grande r\u00e9ussite. Les gens continuent \u00e0 nous demander la r\u00e9f\u00e9rence de la peinture que nous avons utilis\u00e9e pour les murs\u00a0! Ces trois exemples ont \u00e9t\u00e9 de v\u00e9ritables \u00e9tapes.<\/p>\n<p class=\"fig-paragraph\"><strong>Dans tous ces projets comme dans vos installations, vous racontez des histoires\u2026<\/strong><\/p>\n<p class=\"fig-paragraph\">Nous avons cette volont\u00e9. Et de plus en plus. Le storytelling est devenu central au fil du temps, car dans nos t\u00eates, il y a toujours mille id\u00e9es que nous devons exprimer\u00a0! Ce que nous avons fait pour\u00a0<a href=\"https:\/\/madame.lefigaro.fr\/defiles\/loro-piana\/printemps-ete-2026\/pret-a-porter\/defile-loro-piana-pret-a-porter-printemps-ete-2026-20250910\" target=\"_blank\" data-fig-type=\"Article\" rel=\"noopener nofollow\" data-gtm-custom-categorie=\"navigation\" data-gtm-custom-action=\"crossclick\" data-gtm-custom-label=\"Contextuel\" data-gtm-event=\"customEventSPE\" data-fig-domain=\"MADAME\">Loro Piana<\/a>\u00a0au dernier Salon de Milan illustre cette d\u00e9marche. La sc\u00e9nographie de cette maison, avec son sc\u00e9nario lumineux et sonore o\u00f9 chacun peut projeter sa propre fiction, \u00e9tait un vrai r\u00e9cit, et a \u00e9t\u00e9 con\u00e7ue comme une exp\u00e9rience. C\u2019est ce vers quoi nous voulons aller. En 2026, nous c\u00e9l\u00e9brerons nos vingt ans de Salon du meuble de Milan, et nous r\u00e9fl\u00e9chissons \u00e0 ce que nous avons envie de faire. Ce partenariat avec Loro Piana a vraiment mis la barre tr\u00e8s haut\u00a0! Nous ne pouvons plus revenir en arri\u00e8re. Donc, c\u2019est un d\u00e9fi. Pour l\u2019instant, nous ne sommes fix\u00e9s que sur un point, nous allons collaborer avec la maison de design italienne Bonacina.<\/p>\n<p>    Si\u00e8ges inspir\u00e9s de Carlo Bugatti, \u00e9dition Dimorestudio et Yves Salomon.<br \/>\n                SP<\/p>\n<p class=\"fig-paragraph\"><strong>Dimorestudio compte 40 personnes aujourd\u2019hui, mais c\u2019est avant tout un duo. Est-ce l\u00e0 votre force\u00a0?<\/strong><\/p>\n<p class=\"fig-paragraph\">\u00catre deux, c\u2019est se soutenir mutuellement. Nous avons des confr\u00e8res et cons\u0153urs qui travaillent en solo et nous disent combien \u00eatre seul est difficile. Cependant, nous avons deux personnalit\u00e9s tr\u00e8s fortes, ce qui peut faire des \u00e9tincelles\u00a0! La plupart du temps, pourtant, cela nourrit nos projets. L\u2019un est plus classique (Britt Moran, NDLR) et l\u2019autre plus contemporain (Emiliano Salci), et si, par exemple, nous allons \u00e0 Paris, l\u2019un va insister pour aller au Louvre et l\u2019autre pour visiter le Palais de Tokyo. C\u2019est sans doute cela aussi qui fait notre style.<\/p>\n<blockquote class=\"fig-quote&#10;    \">\n<p class=\"fig-quote__text\">Nous avons deux personnalit\u00e9s tr\u00e8s fortes, ce qui peut faire des \u00e9tincelles\u00a0!<\/p>\n<p>            Britt Moran et Emiliano Salci, du Dimorestudio\n    <\/p><\/blockquote>\n<p class=\"fig-paragraph\"><strong>Dimorestudio est un exemple pour de nombreux jeunes architectes d\u2019int\u00e9rieur et designers. Quels conseils leur donneriez-vous pour se r\u00e9aliser\u00a0?<\/strong><\/p>\n<p class=\"fig-paragraph\">Il faut se laisser porter par sa passion, en \u00e9tant diff\u00e9rent, en empruntant des voies uniques. Cela implique d\u2019accepter de ne pas\u00a0<a href=\"http:\/\/madame.lefigaro.fr\/business\/pauline-de-la-motte-rouge-mediatrice-familiale-il-y-a-encore-une-marche-a-passer-celle-de-la-femme-qui-gagne-bien-sa-vie-et-qui-gere-son-argent-20250529\" target=\"_blank\" data-fig-type=\"Article\" rel=\"noopener nofollow\" data-gtm-custom-categorie=\"navigation\" data-gtm-custom-action=\"crossclick\" data-gtm-custom-label=\"Contextuel\" data-gtm-event=\"customEventSPE\" data-fig-domain=\"MADAME\">gagner d\u2019argent<\/a>\u00a0au d\u00e9but, sans cesser de d\u00e9fendre ses id\u00e9es. Il faut \u00e9galement savoir s\u2019entourer des bonnes personnes\u00a0: le bon avocat, le bon comptable\u2026 Tous ces gens qui accompagnent une carri\u00e8re, la catalysent, la prot\u00e8gent. Il faut savoir cr\u00e9er une famille d\u00e8s le premier jour\u00a0! \u00c7a a \u00e9t\u00e9 notre cas. Il faut \u00e9videmment avoir en t\u00eate que ce sera difficile. Mais il faut, malgr\u00e9 les emb\u00fbches, continuer \u00e0 avancer.<\/p>\n","protected":false},"excerpt":{"rendered":"INTERVIEW. \u2013 Le bin\u00f4me compos\u00e9 de Emiliano Salci et Britt Moran f\u00eatera en 2026 ses 20 ans de&hellip;\n","protected":false},"author":2,"featured_media":458380,"comment_status":"","ping_status":"","sticky":false,"template":"","format":"standard","meta":{"footnotes":""},"categories":[1358],"tags":[1350,1348,1384,1385,58359,8114,1386,58358,58,59,1011,27,2173,42110],"class_list":{"0":"post-458379","1":"post","2":"type-post","3":"status-publish","4":"format-standard","5":"has-post-thumbnail","7":"category-arts-et-design","8":"tag-architecture","9":"tag-arts","10":"tag-arts-and-design","11":"tag-arts-et-design","12":"tag-deco-design","13":"tag-decoration-dinterieur","14":"tag-design","15":"tag-designers","16":"tag-divertissement","17":"tag-entertainment","18":"tag-fr","19":"tag-france","20":"tag-interview","21":"tag-meuble"},"share_on_mastodon":{"url":"https:\/\/pubeurope.com\/@fr\/115363440478885166","error":""},"_links":{"self":[{"href":"https:\/\/www.europesays.com\/fr\/wp-json\/wp\/v2\/posts\/458379","targetHints":{"allow":["GET"]}}],"collection":[{"href":"https:\/\/www.europesays.com\/fr\/wp-json\/wp\/v2\/posts"}],"about":[{"href":"https:\/\/www.europesays.com\/fr\/wp-json\/wp\/v2\/types\/post"}],"author":[{"embeddable":true,"href":"https:\/\/www.europesays.com\/fr\/wp-json\/wp\/v2\/users\/2"}],"replies":[{"embeddable":true,"href":"https:\/\/www.europesays.com\/fr\/wp-json\/wp\/v2\/comments?post=458379"}],"version-history":[{"count":0,"href":"https:\/\/www.europesays.com\/fr\/wp-json\/wp\/v2\/posts\/458379\/revisions"}],"wp:featuredmedia":[{"embeddable":true,"href":"https:\/\/www.europesays.com\/fr\/wp-json\/wp\/v2\/media\/458380"}],"wp:attachment":[{"href":"https:\/\/www.europesays.com\/fr\/wp-json\/wp\/v2\/media?parent=458379"}],"wp:term":[{"taxonomy":"category","embeddable":true,"href":"https:\/\/www.europesays.com\/fr\/wp-json\/wp\/v2\/categories?post=458379"},{"taxonomy":"post_tag","embeddable":true,"href":"https:\/\/www.europesays.com\/fr\/wp-json\/wp\/v2\/tags?post=458379"}],"curies":[{"name":"wp","href":"https:\/\/api.w.org\/{rel}","templated":true}]}}