{"id":458395,"date":"2025-10-12T22:06:14","date_gmt":"2025-10-12T22:06:14","guid":{"rendered":"https:\/\/www.europesays.com\/fr\/458395\/"},"modified":"2025-10-12T22:06:14","modified_gmt":"2025-10-12T22:06:14","slug":"un-nouveau-signe-inquietant-demballement-du-rechauffement-climatique","status":"publish","type":"post","link":"https:\/\/www.europesays.com\/fr\/458395\/","title":{"rendered":"un nouveau signe inqui\u00e9tant d\u2019emballement du r\u00e9chauffement climatique"},"content":{"rendered":"<p>Depuis vingt ans, <a href=\"https:\/\/www.presse-citron.net\/5-evenements-bouleverse-terre-tout-jamais\/\" target=\"_blank\" rel=\"noopener\">la Terre<\/a> devient plus sombre, un ph\u00e9nom\u00e8ne observ\u00e9 gr\u00e2ce \u00e0 24 ann\u00e9es de donn\u00e9es issues du programme CERES (Clouds and the Earth\u2019s Radiant Energy) de <a href=\"https:\/\/www.presse-citron.net\/nasa-trump-budget-licenciements-tempete\/\" target=\"_blank\" rel=\"noopener\">la NASA<\/a>. Quatre satellites orbitant autour de notre plan\u00e8te, envoy\u00e9s pour mieux comprendre l\u2019\u00e9volution du climat gr\u00e2ce \u00e0 l\u2019\u00e9tude des rayonnements solaires. Selon leurs analyses, notre plan\u00e8te r\u00e9fl\u00e9chit de moins en moins de lumi\u00e8re solaire vers l\u2019espace, et <strong>absorbe davantage de chaleur qu\u2019elle ne peut en renvoyer<\/strong>.<\/p>\n<p>Un d\u00e9s\u00e9quilibre de son bilan radiatif (voir d\u00e9finition dans la premi\u00e8re partie), mis en \u00e9vidence par cette \u00e9tude publi\u00e9e le 7 ao\u00fbt 2025 <a href=\"https:\/\/www.pnas.org\/doi\/10.1073\/pnas.2511595122\" target=\"_blank\" rel=\"false noopener\">dans la revue Proceedings of the National Academy of Sciences<\/a>. Jamais la plan\u00e8te <strong>n\u2019avait atteint un tel degr\u00e9 d\u2019absorption \u00e9nerg\u00e9tique<\/strong>, depuis le d\u00e9but des relev\u00e9s radiatifs de la NASA, \u00e0 la fin des ann\u00e9es 1990. Cette accumulation de chaleur, \u00e0 long terme, aura pour cons\u00e9quence d\u2019acc\u00e9l\u00e9rer et d\u2019amplifier <a href=\"https:\/\/www.presse-citron.net\/rechauffement-climatique-tard-eviter-pire-scenario\/\" target=\"_blank\" rel=\"noopener\">le r\u00e9chauffement climatique<\/a>, tout en accentuant les d\u00e9s\u00e9quilibres thermiques d\u00e9j\u00e0 observables entre les deux h\u00e9misph\u00e8res.<\/p>\n<p> La plan\u00e8te perd de son \u00e9clat\u00a0: pourquoi est-ce inqui\u00e9tant\u00a0? <\/p>\n<p>Pour comprendre pleinement cette probl\u00e9matique, il faut s\u2019attarder sur une notion de base en g\u00e9ophysique\u00a0: l\u2019alb\u00e9do. C\u2019est une mesure, comprise entre 0 (faible r\u00e9flexion) et 1 (forte r\u00e9flexion) de <strong>la capacit\u00e9 des surfaces \u00e0 r\u00e9fl\u00e9chir la lumi\u00e8re qu\u2019elles re\u00e7oivent<\/strong>. Sur Terre, ce sont principalement les nuages, la neige et la glace qui renvoient la majeure partie du rayonnement solaire dans le cosmos ; leur alb\u00e9do est fort.<\/p>\n<p> <img loading=\"lazy\" decoding=\"async\" class=\"size-full wp-image-684699\" src=\"https:\/\/www.europesays.com\/fr\/wp-content\/uploads\/2025\/10\/Albedo.jpg\" alt=\"Alb\u00e9do\" width=\"300\" height=\"558\"  \/>Pour faciliter la compr\u00e9hension de ces variations de l\u2019alb\u00e9do, on distingue habituellement une quinzaine de types de surfaces. \u00a9 Capture d\u2019\u00e9cran \/ Wikip\u00e9dia <\/p>\n<p>\u00c0 l\u2019inverse, les oc\u00e9ans, les for\u00eats ou l\u2019asphalte, plus sombres, pr\u00e9sentent un alb\u00e9do faible\u00a0: elles accumulent la chaleur au lieu de la renvoyer,<strong> contribuant ainsi \u00e0 l\u2019\u00e9l\u00e9vation des temp\u00e9ratures<\/strong>.<\/p>\n<p>Il faut voir l\u2019alb\u00e9do comme un facteur cl\u00e9 de la balance du bilan radiatif\u00a0: un \u00e9quilibre entre le rayonnement solaire absorb\u00e9 (entrant) et l\u2019\u00e9nergie r\u00e9\u00e9mise (sortante). Depuis plus de deux d\u00e9cennies, <strong>ce bilan radiatif est nettement d\u00e9s\u00e9quilibr\u00e9<\/strong>.<\/p>\n<p>Selon les chercheurs \u00e0 l\u2019origine de cette \u00e9tude, la diminution de l\u2019alb\u00e9do <strong>est particuli\u00e8rement marqu\u00e9e dans l\u2019h\u00e9misph\u00e8re nord<\/strong>, o\u00f9 la diminution de l\u2019enneigement et la fonte des banquises r\u00e9duisent consid\u00e9rablement sa capacit\u00e9 de r\u00e9flexion.<\/p>\n<p>\u00ab L\u2019augmentation globale du rayonnement infrarouge (chaleur) \u00e9mis dans les deux h\u00e9misph\u00e8res est la cons\u00e9quence des changements de temp\u00e9rature et de la couverture nuageuse\u00a0\u00bb, pr\u00e9cisent les auteurs. C\u2019est un peu comme si la Terre transpirait plus pour tenter de se refroidir, mais que <strong>sa temp\u00e9rature interne continuait malgr\u00e9 tout de grimper<\/strong>.<\/p>\n<p>Dans le nord, la r\u00e9duction des surfaces claires fait pencher la balance \u00e9nerg\u00e9tique du c\u00f4t\u00e9 de l\u2019absorption, une situation que les courants atmosph\u00e9riques et oc\u00e9aniques <strong>ne peuvent plus compenser compl\u00e8tement<\/strong>. Ce qui n\u2019\u00e9tait pas le cas avant, l\u2019alb\u00e9do de l\u2019h\u00e9misph\u00e8re nord \u00e9tait maintenu paradoxalement \u00e0 un niveau plus \u00e9lev\u00e9 par les a\u00e9rosols industriels et la pollution atmosph\u00e9rique.<\/p>\n<p>M\u00eame si cette id\u00e9e para\u00eet contre-intuitive, ces particules en suspension (ou a\u00e9rosols), agissaient comme des micro-miroirs. Elles diffusaient la lumi\u00e8re du Soleil et aidaient \u00e0 former des nuages brillants et r\u00e9fl\u00e9chissants, renvoyant par cons\u00e9quent <strong>davantage d\u2019\u00e9nergie vers l\u2019espace<\/strong>.<\/p>\n<p>Maintenant que la qualit\u00e9 de l\u2019air est meilleure dans les r\u00e9gions les plus \u00e9mettrices en <a href=\"https:\/\/www.presse-citron.net\/les-gaz-a-effet-de-serre-quest-ce-que-cest\/\" target=\"_blank\" rel=\"noopener\">gaz \u00e0 effet de serre<\/a> (Am\u00e9rique du Nord, Europe, Chine), ces particules sont moins nombreuses. \u00ab\u00a0L\u2019air est plus pur, mais il renvoie moins la lumi\u00e8re solaire \u00bb, r\u00e9sument plus simplement les chercheurs. <strong>Moins de pollution, plus d\u2019absorption thermique <\/strong>: une victoire sanitaire, mais une antith\u00e8se \u00e0 faire pleurer les climatologues.<\/p>\n<p> Les nuages\u00a0: ex-gardiens du climat <\/p>\n<p>En r\u00e9fl\u00e9chissant une partie du rayonnement solaire, certains nuages, comme <a href=\"https:\/\/www.presse-citron.net\/rechauffement-climatique-au-dela-du-co2-certains-nuages-aggravent-la-situation\/\" target=\"_blank\" rel=\"noopener\">les cumulus<\/a>, par exemple, contribuaient \u00e0 maintenir l\u2019\u00e9quilibre thermique de notre plan\u00e8te. Un effet logique de son r\u00e9chauffement ; plus l\u2019\u00e9vaporation de l\u2019eau \u00e9tait intense au sol, <strong>plus la couverture nuageuse pouvait renvoyer de l\u2019\u00e9nergie dans l\u2019espace<\/strong> : une autor\u00e9gulation naturelle.<\/p>\n<p>Les donn\u00e9es issues du CRES prouvent que l\u2019assombrissement observ\u00e9 dans l\u2019h\u00e9misph\u00e8re nord n\u2019est plus compens\u00e9e par ce processus de compensation. La diminution de l\u2019alb\u00e9do aurait d\u00fb \u00eatre contrebalanc\u00e9 par l\u2019augmentation du couvert nuageux, mais <strong>c\u2019est le ph\u00e9nom\u00e8ne inverse qui s\u2019observe<\/strong>. Pour les auteurs de l\u2019\u00e9tude, \u00ab\u00a0cela sugg\u00e8re que le r\u00f4le des nuages dans le maintien de la sym\u00e9trie de l\u2019alb\u00e9do entre les h\u00e9misph\u00e8res pourrait avoir atteint sa limite\u00a0\u00bb.<\/p>\n<p><strong>Dans l\u2019h\u00e9misph\u00e8re sud, c\u2019est tout le contraire<\/strong> : son alb\u00e9do y est toujours plus \u00e9lev\u00e9, ayant m\u00eame connu des augmentations \u00e9ph\u00e9m\u00e8res. Un contraste avec le nord, que les auteurs attribuent\u00a0\u00e0 plusieurs \u00e9v\u00e9nements naturels (incendies frappant r\u00e9guli\u00e8rement l\u2019Australie, \u00e9ruption du volcan Hunga Tonga en 2022), qui ont satur\u00e9 temporairement l\u2019atmosph\u00e8re en a\u00e9rosols.<\/p>\n<p><strong>L\u2019alb\u00e9do global de la plan\u00e8te est donc dissym\u00e9trique<\/strong>, et \u00e0 long terme, <strong>cela provoquera sans aucun doute d\u2019autres perturbations<\/strong>, m\u00eame si les chercheurs n\u2019en font pas \u00e9tat dans leur \u00e9tude. Sous l\u2019effet de cet exc\u00e9dent d\u2019\u00e9nergie concentr\u00e9 dans le nord, les r\u00e9gimes de pr\u00e9cipitations se modifieront, la circulation atmosph\u00e9rique intertropicale s\u2019affaiblira et les \u00e9quilibres climatiques r\u00e9gionaux risquent aussi de se d\u00e9sorganiser. Des changements imperceptibles pour le moment, mais qui nous frapperont probablement de plein fouet <strong>d\u2019ici la moiti\u00e9 du XXI\u1d49 si\u00e8cle (2035-2080)<\/strong>, lorsque les zones temp\u00e9r\u00e9es du nord vivront sous des r\u00e9gimes m\u00e9t\u00e9orologiques <strong>comparables \u00e0 ceux des r\u00e9gions subtropicales d\u2019aujourd\u2019hui<\/strong>.<\/p>\n<ul class=\"tldr\">\n<li>La Terre renvoie de moins en moins la lumi\u00e8re solaire vers l\u2019espace, absorbant toujours plus de chaleur, ce qui accentue le r\u00e9chauffement g\u00e9n\u00e9ral.<\/li>\n<li>L\u2019h\u00e9misph\u00e8re nord s\u2019assombrit davantage \u00e0 cause de la fonte des glaces et de la baisse des a\u00e9rosols, tandis que le sud reste plus r\u00e9fl\u00e9chissant.<\/li>\n<li>Ce d\u00e9s\u00e9quilibre entre les deux h\u00e9misph\u00e8res pourrait, d\u2019ici le milieu du si\u00e8cle, transformer durablement les r\u00e9gimes climatiques et la r\u00e9partition des pr\u00e9cipitations.<\/li>\n<\/ul>\n<blockquote>\n<p class=\"text-base text-neutral-700 dark:text-neutral-300\">\ud83d\udccd Pour ne manquer aucune actualit\u00e9 de Presse-citron, suivez-nous sur <a href=\"https:\/\/news.google.com\/publications\/CAAqBggKMIPiNTC70wU?hl=fr&amp;gl=FR&amp;ceid=FR%3Afr\" target=\"_blank\" rel=\"noopener\">Google Actualit\u00e9s<\/a> et <a href=\"https:\/\/whatsapp.com\/channel\/0029VaCkGuz4NViitBXbEr0b\" target=\"_blank\" rel=\"noopener\">WhatsApp<\/a>.<\/p>\n<\/blockquote>\n","protected":false},"excerpt":{"rendered":"Depuis vingt ans, la Terre devient plus sombre, un ph\u00e9nom\u00e8ne observ\u00e9 gr\u00e2ce \u00e0 24 ann\u00e9es de donn\u00e9es issues&hellip;\n","protected":false},"author":2,"featured_media":458396,"comment_status":"","ping_status":"","sticky":false,"template":"","format":"standard","meta":{"footnotes":""},"categories":[7],"tags":[436,1011,27,5140,43,40,41,39,42,44],"class_list":{"0":"post-458395","1":"post","2":"type-post","3":"status-publish","4":"format-standard","5":"has-post-thumbnail","7":"category-sciences-et-technologies","8":"tag-environnement","9":"tag-fr","10":"tag-france","11":"tag-rechauffement-climatique","12":"tag-science","13":"tag-science-and-technology","14":"tag-sciences","15":"tag-sciences-et-technologies","16":"tag-technologies","17":"tag-technology"},"share_on_mastodon":{"url":"https:\/\/pubeurope.com\/@fr\/115363472476438750","error":""},"_links":{"self":[{"href":"https:\/\/www.europesays.com\/fr\/wp-json\/wp\/v2\/posts\/458395","targetHints":{"allow":["GET"]}}],"collection":[{"href":"https:\/\/www.europesays.com\/fr\/wp-json\/wp\/v2\/posts"}],"about":[{"href":"https:\/\/www.europesays.com\/fr\/wp-json\/wp\/v2\/types\/post"}],"author":[{"embeddable":true,"href":"https:\/\/www.europesays.com\/fr\/wp-json\/wp\/v2\/users\/2"}],"replies":[{"embeddable":true,"href":"https:\/\/www.europesays.com\/fr\/wp-json\/wp\/v2\/comments?post=458395"}],"version-history":[{"count":0,"href":"https:\/\/www.europesays.com\/fr\/wp-json\/wp\/v2\/posts\/458395\/revisions"}],"wp:featuredmedia":[{"embeddable":true,"href":"https:\/\/www.europesays.com\/fr\/wp-json\/wp\/v2\/media\/458396"}],"wp:attachment":[{"href":"https:\/\/www.europesays.com\/fr\/wp-json\/wp\/v2\/media?parent=458395"}],"wp:term":[{"taxonomy":"category","embeddable":true,"href":"https:\/\/www.europesays.com\/fr\/wp-json\/wp\/v2\/categories?post=458395"},{"taxonomy":"post_tag","embeddable":true,"href":"https:\/\/www.europesays.com\/fr\/wp-json\/wp\/v2\/tags?post=458395"}],"curies":[{"name":"wp","href":"https:\/\/api.w.org\/{rel}","templated":true}]}}