{"id":458412,"date":"2025-10-12T22:21:14","date_gmt":"2025-10-12T22:21:14","guid":{"rendered":"https:\/\/www.europesays.com\/fr\/458412\/"},"modified":"2025-10-12T22:21:14","modified_gmt":"2025-10-12T22:21:14","slug":"lucas-guigon-represente-le-mhb-sur-le-stand-de-midi-libre-pendant-la-foire-de-montpellier-au-parc-des-expos","status":"publish","type":"post","link":"https:\/\/www.europesays.com\/fr\/458412\/","title":{"rendered":"Lucas Guigon repr\u00e9sente le MHB sur le stand de Midi Libre pendant la foire de Montpellier au parc des Expos"},"content":{"rendered":"<p>\n                                                                Le handballeur Lucas Guigon \u00e9tait pr\u00e9sent sur le stand Midi Libre de la Foire de Montpellier, ce dimanche 12\u00a0octobre au parc des Expos.\n                            <\/p>\n<p>C\u2019est un gar\u00e7on qui la t\u00eate bien faite autant que bien pleine. Lucas Guigon, arri\u00e8re droit de 22 ans du MHB, a repr\u00e9sent\u00e9 le club sur le stand de Midi Libre, ce dimanche \u00e0 la foire expo. Une fiert\u00e9 pour ce pur produit de la formation montpelli\u00e9raine. \u00ab\u00a0\u00c0 titre personnel, je suis fier de repr\u00e9senter le MHB qui est des principaux\u00a0clubs de la ville surtout pour moi qui sort de l\u2019Acad\u00e9mie\u00a0\u00bb, expliquait-il avant de r\u00e9pondre \u00e0 quelques questions sur sa carri\u00e8re de sportive puis d\u2019encha\u00eener par une s\u00e9ance d\u2019autographes. Une carri\u00e8re qu\u2019il m\u00e8ne en parall\u00e8le d\u2019\u00e9tudes de m\u00e9decine et d\u2019odontologie, avec brio.<\/p>\n<p>Semaine riche<\/p>\n<p>L\u2019occasion aussi de rappeler que le MHB va vivre une semaine riche en \u00e9v\u00e9nements, avec le premier match de coupe d\u2019Europe \u00e0 l\u2019Arena face \u00e0 Kiel, mardi 14\u00a0octobre \u2013 (18\u00a0h\u00a045), suivi par un concert exceptionnel de Kendji Girac, avant de finir la semaine en beaut\u00e9 avec le choc de Starligue face \u00e0 Nantes, samedi 18\u00a0octobre, toujours \u00e0 l\u2019Arena.<\/p>\n<p>Lucas Guigon, lui, vivra tout cela des tribunes. En effet, le jeune arri\u00e8re droit se remet actuellement d\u2019une op\u00e9ration de l\u2019appendicite. Il devrait reprendre l\u2019entra\u00eenement avec ses partenaires dans quelques jours.<\/p>\n","protected":false},"excerpt":{"rendered":"Le handballeur Lucas Guigon \u00e9tait pr\u00e9sent sur le stand Midi Libre de la Foire de Montpellier, ce dimanche&hellip;\n","protected":false},"author":2,"featured_media":458413,"comment_status":"","ping_status":"","sticky":false,"template":"","format":"standard","meta":{"footnotes":""},"categories":[9599],"tags":[1111,11,1777,674,1011,27,2208,12,2680,25],"class_list":{"0":"post-458412","1":"post","2":"type-post","3":"status-publish","4":"format-standard","5":"has-post-thumbnail","7":"category-montpellier","8":"tag-actu","9":"tag-actualites","10":"tag-eu","11":"tag-europe","12":"tag-fr","13":"tag-france","14":"tag-montpellier","15":"tag-news","16":"tag-occitanie","17":"tag-republique-francaise"},"share_on_mastodon":{"url":"https:\/\/pubeurope.com\/@fr\/115363530948100411","error":""},"_links":{"self":[{"href":"https:\/\/www.europesays.com\/fr\/wp-json\/wp\/v2\/posts\/458412","targetHints":{"allow":["GET"]}}],"collection":[{"href":"https:\/\/www.europesays.com\/fr\/wp-json\/wp\/v2\/posts"}],"about":[{"href":"https:\/\/www.europesays.com\/fr\/wp-json\/wp\/v2\/types\/post"}],"author":[{"embeddable":true,"href":"https:\/\/www.europesays.com\/fr\/wp-json\/wp\/v2\/users\/2"}],"replies":[{"embeddable":true,"href":"https:\/\/www.europesays.com\/fr\/wp-json\/wp\/v2\/comments?post=458412"}],"version-history":[{"count":0,"href":"https:\/\/www.europesays.com\/fr\/wp-json\/wp\/v2\/posts\/458412\/revisions"}],"wp:featuredmedia":[{"embeddable":true,"href":"https:\/\/www.europesays.com\/fr\/wp-json\/wp\/v2\/media\/458413"}],"wp:attachment":[{"href":"https:\/\/www.europesays.com\/fr\/wp-json\/wp\/v2\/media?parent=458412"}],"wp:term":[{"taxonomy":"category","embeddable":true,"href":"https:\/\/www.europesays.com\/fr\/wp-json\/wp\/v2\/categories?post=458412"},{"taxonomy":"post_tag","embeddable":true,"href":"https:\/\/www.europesays.com\/fr\/wp-json\/wp\/v2\/tags?post=458412"}],"curies":[{"name":"wp","href":"https:\/\/api.w.org\/{rel}","templated":true}]}}