{"id":458424,"date":"2025-10-12T22:28:21","date_gmt":"2025-10-12T22:28:21","guid":{"rendered":"https:\/\/www.europesays.com\/fr\/458424\/"},"modified":"2025-10-12T22:28:21","modified_gmt":"2025-10-12T22:28:21","slug":"une-free-party-pres-de-rennes-reunit-environ-200-personnes-le-rassemblement-a-pris-fin","status":"publish","type":"post","link":"https:\/\/www.europesays.com\/fr\/458424\/","title":{"rendered":"Une free-party pr\u00e8s de Rennes r\u00e9unit environ 200\u00a0personnes\u00a0: le rassemblement a pris fin"},"content":{"rendered":"<p>La f\u00eate est finie. Mais elle a dur\u00e9 toute la nuit. Une free-party a eu lieu dans la nuit de samedi\u00a011 \u00e0 dimanche 12\u00a0octobre 2025 \u00e0 Chantepie, <a href=\"https:\/\/rennes.maville.com\/info\/info-locale\/\" target=\"_self\" rel=\"noopener\">pr\u00e8s de Rennes<\/a> (Ille-et-Vilaine). Entre 200 et 300\u00a0personnes \u00e9taient rassembl\u00e9es dans un hangar visiblement d\u00e9saffect\u00e9, situ\u00e9 rue des Logettes.<\/p>\n<p>La police sur place<\/p>\n<p>Le rassemblement, non d\u00e9clar\u00e9, a commenc\u00e9 samedi, vers 21\u00a0h. Apr\u00e8s avoir tent\u00e9 d\u2019emp\u00eacher les participants de s\u2019installer, les forces de l\u2019ordre ont \u00e9t\u00e9 cibl\u00e9es par des jets de projectiles et ont r\u00e9pondu par des lacrymog\u00e8nes. Elles se sont ensuite retir\u00e9es, en restant pr\u00e9sentes, mais sans intervenir.<\/p>\n<p>Ce dimanche midi, la free-party \u00e9tait termin\u00e9e. Les derniers participants quittaient les lieux dans le calme. Un fourgon qui transportait du mat\u00e9riel a \u00e9t\u00e9 saisi par la police.<\/p>\n<p>\u00a0<\/p>\n","protected":false},"excerpt":{"rendered":"La f\u00eate est finie. Mais elle a dur\u00e9 toute la nuit. Une free-party a eu lieu dans la&hellip;\n","protected":false},"author":2,"featured_media":458425,"comment_status":"","ping_status":"","sticky":false,"template":"","format":"standard","meta":{"footnotes":""},"categories":[2821],"tags":[10546,1111,11,829,15321,1777,674,5729,1011,27,9218,12,3744,3762,17907,3919,584,25,19934],"class_list":{"0":"post-458424","1":"post","2":"type-post","3":"status-publish","4":"format-standard","5":"has-post-thumbnail","7":"category-rennes","8":"tag-10546","9":"tag-actu","10":"tag-actualites","11":"tag-bretagne","12":"tag-environ","13":"tag-eu","14":"tag-europe","15":"tag-fin","16":"tag-fr","17":"tag-france","18":"tag-free-party","19":"tag-news","20":"tag-personnes","21":"tag-pres","22":"tag-pris","23":"tag-rassemblement","24":"tag-rennes","25":"tag-republique-francaise","26":"tag-reunit"},"share_on_mastodon":{"url":"https:\/\/pubeurope.com\/@fr\/115363558471663309","error":""},"_links":{"self":[{"href":"https:\/\/www.europesays.com\/fr\/wp-json\/wp\/v2\/posts\/458424","targetHints":{"allow":["GET"]}}],"collection":[{"href":"https:\/\/www.europesays.com\/fr\/wp-json\/wp\/v2\/posts"}],"about":[{"href":"https:\/\/www.europesays.com\/fr\/wp-json\/wp\/v2\/types\/post"}],"author":[{"embeddable":true,"href":"https:\/\/www.europesays.com\/fr\/wp-json\/wp\/v2\/users\/2"}],"replies":[{"embeddable":true,"href":"https:\/\/www.europesays.com\/fr\/wp-json\/wp\/v2\/comments?post=458424"}],"version-history":[{"count":0,"href":"https:\/\/www.europesays.com\/fr\/wp-json\/wp\/v2\/posts\/458424\/revisions"}],"wp:featuredmedia":[{"embeddable":true,"href":"https:\/\/www.europesays.com\/fr\/wp-json\/wp\/v2\/media\/458425"}],"wp:attachment":[{"href":"https:\/\/www.europesays.com\/fr\/wp-json\/wp\/v2\/media?parent=458424"}],"wp:term":[{"taxonomy":"category","embeddable":true,"href":"https:\/\/www.europesays.com\/fr\/wp-json\/wp\/v2\/categories?post=458424"},{"taxonomy":"post_tag","embeddable":true,"href":"https:\/\/www.europesays.com\/fr\/wp-json\/wp\/v2\/tags?post=458424"}],"curies":[{"name":"wp","href":"https:\/\/api.w.org\/{rel}","templated":true}]}}