{"id":458444,"date":"2025-10-12T22:40:12","date_gmt":"2025-10-12T22:40:12","guid":{"rendered":"https:\/\/www.europesays.com\/fr\/458444\/"},"modified":"2025-10-12T22:40:12","modified_gmt":"2025-10-12T22:40:12","slug":"rugby-federale-3-aulnay-sous-bois-enchaine-une-quatrieme-victoire-consecutive-face-a-lille-33-a-20","status":"publish","type":"post","link":"https:\/\/www.europesays.com\/fr\/458444\/","title":{"rendered":"Rugby F\u00e9d\u00e9rale 3 : Aulnay-sous-Bois enchaine une quatri\u00e8me victoire cons\u00e9cutive face \u00e0 Lille 33 \u00e0 20"},"content":{"rendered":"<p style=\"text-align:justify\">Ce dimanche 12 octobre 2025 au stade du Moulin Neuf, dans le cadre de la 4\u00e8me journ\u00e9e de f\u00e9d\u00e9rale 3 de rugby, Aulnay-sous-Bois recevait Lille.<\/p>\n<p style=\"text-align:justify\">Les Aulnaysiens ont une nouvelle fois fait preuve d\u2019une impressionnante solidit\u00e9 face \u00e0 de valeureux Lillois.<\/p>\n<p style=\"text-align:justify\">Le RAC d\u00e9croche ainsi sa quatri\u00e8me victoire cons\u00e9cutive et conserve brillamment sa place de leader.<\/p>\n","protected":false},"excerpt":{"rendered":"Ce dimanche 12 octobre 2025 au stade du Moulin Neuf, dans le cadre de la 4\u00e8me journ\u00e9e de&hellip;\n","protected":false},"author":2,"featured_media":458445,"comment_status":"","ping_status":"","sticky":false,"template":"","format":"standard","meta":{"footnotes":""},"categories":[2815],"tags":[1111,11,1777,674,1011,27,811,1307,12,25],"class_list":{"0":"post-458444","1":"post","2":"type-post","3":"status-publish","4":"format-standard","5":"has-post-thumbnail","7":"category-lille","8":"tag-actu","9":"tag-actualites","10":"tag-eu","11":"tag-europe","12":"tag-fr","13":"tag-france","14":"tag-hauts-de-france","15":"tag-lille","16":"tag-news","17":"tag-republique-francaise"},"share_on_mastodon":{"url":"https:\/\/pubeurope.com\/@fr\/115363605595974966","error":""},"_links":{"self":[{"href":"https:\/\/www.europesays.com\/fr\/wp-json\/wp\/v2\/posts\/458444","targetHints":{"allow":["GET"]}}],"collection":[{"href":"https:\/\/www.europesays.com\/fr\/wp-json\/wp\/v2\/posts"}],"about":[{"href":"https:\/\/www.europesays.com\/fr\/wp-json\/wp\/v2\/types\/post"}],"author":[{"embeddable":true,"href":"https:\/\/www.europesays.com\/fr\/wp-json\/wp\/v2\/users\/2"}],"replies":[{"embeddable":true,"href":"https:\/\/www.europesays.com\/fr\/wp-json\/wp\/v2\/comments?post=458444"}],"version-history":[{"count":0,"href":"https:\/\/www.europesays.com\/fr\/wp-json\/wp\/v2\/posts\/458444\/revisions"}],"wp:featuredmedia":[{"embeddable":true,"href":"https:\/\/www.europesays.com\/fr\/wp-json\/wp\/v2\/media\/458445"}],"wp:attachment":[{"href":"https:\/\/www.europesays.com\/fr\/wp-json\/wp\/v2\/media?parent=458444"}],"wp:term":[{"taxonomy":"category","embeddable":true,"href":"https:\/\/www.europesays.com\/fr\/wp-json\/wp\/v2\/categories?post=458444"},{"taxonomy":"post_tag","embeddable":true,"href":"https:\/\/www.europesays.com\/fr\/wp-json\/wp\/v2\/tags?post=458444"}],"curies":[{"name":"wp","href":"https:\/\/api.w.org\/{rel}","templated":true}]}}