{"id":458446,"date":"2025-10-12T22:41:13","date_gmt":"2025-10-12T22:41:13","guid":{"rendered":"https:\/\/www.europesays.com\/fr\/458446\/"},"modified":"2025-10-12T22:41:13","modified_gmt":"2025-10-12T22:41:13","slug":"le-prefet-de-police-de-paris-laurent-nunez-nomme-a-linterieur","status":"publish","type":"post","link":"https:\/\/www.europesays.com\/fr\/458446\/","title":{"rendered":"Le pr\u00e9fet de police de Paris Laurent Nu\u00f1ez nomm\u00e9 \u00e0 l&rsquo;Int\u00e9rieur"},"content":{"rendered":"<p>Parmi les grands d\u00e9fis qui attendent le nouveau locataire de la place Beauvau figurent la lutte contre le narcotrafic, la menace terroriste, toujours \u00e9lev\u00e9e, ou le manque de moyens pour la fili\u00e8re investigations d\u00e9nonc\u00e9 cette semaine par des syndicats.<\/p>\n<p>\u00ab\u00a0Dans cette p\u00e9riode instable, sa nomination est rassurante et incarne le pragmatisme\u00a0\u00bb, a r\u00e9agi aupr\u00e8s de l&rsquo;AFP Linda Kebbab, secr\u00e9taire nationale d&rsquo;Un1t\u00e9 (FO), saluant sa \u00ab\u00a0bonne ma\u00eetrise des dossiers techniques, autant RH qu&rsquo;op\u00e9rationnel\u00a0\u00bb. <\/p>\n<p>\u00ab\u00a0Il lui reste un d\u00e9fi \u00e0 relever: l&rsquo;investigation. Entre rythme de travail, recrutement et reconnaissance des enqu\u00eateurs, il y a urgence\u00a0\u00bb, a-t-elle ajout\u00e9.<\/p>\n<p>\u00ab\u00a0C&rsquo;est un gage de stabilit\u00e9, il conna\u00eet les dossiers en cours, c&rsquo;est une bonne chose car les attentes sont fortes et il aura peu de r\u00e9pit\u00a0\u00bb, a estim\u00e9 aupr\u00e8s de l&rsquo;AFP Yohan Maras du syndicat Alliance Police nationale. \u00ab\u00a0Esp\u00e9rons qu&rsquo;il reste plus d&rsquo;une semaine !\u00a0\u00bb.<\/p>\n<p>Une source proche le d\u00e9crit comme \u00ab\u00a0un grand serviteur de l&rsquo;Etat\u00a0\u00bb qui \u00ab\u00a0connait par coeur ses dossiers\u00a0\u00bb. \u00ab\u00a0Rassembleur\u00a0\u00bb, il a pour \u00ab\u00a0boussole\u00a0\u00bb \u00ab\u00a0les valeurs r\u00e9publicaines et l&rsquo;Etat fort\u00a0\u00bb. <\/p>\n<p>Au minist\u00e8re, il entend lutter \u00ab\u00a0contre l&rsquo;entrisme qui ne manquera pas d&rsquo;\u00eatre une question \u00e0 l&rsquo;approche de la constitution des listes\u00a0\u00bb pour les \u00e9lections municipales, selon la m\u00eame source.<\/p>\n<p>Le nom de ce proche d&rsquo;Emmanuel Macron avait d\u00e9j\u00e0 circul\u00e9 pour occuper ce minist\u00e8re r\u00e9galien, qu&rsquo;il a d\u00e9j\u00e0 connu en tant que secr\u00e9taire d&rsquo;Etat entre 2018 et 2020.<\/p>\n<p>Laurent Nu\u00f1ez, 61 ans, aura pass\u00e9 un peu plus de trois ans \u00e0 la t\u00eate de la pr\u00e9fecture de police de Paris, l&rsquo;un des postes les plus prestigieux et strat\u00e9giques de la R\u00e9publique.<\/p>\n<p>L&rsquo;organisation des Jeux olympiques et paralympiques \u00e0 l&rsquo;\u00e9t\u00e9 2024 lui a valu d&rsquo;\u00eatre \u00e9lev\u00e9 au rang de commandeur de la L\u00e9gion d&rsquo;honneur. Lors d&rsquo;une c\u00e9r\u00e9monie en septembre, Emmanuel Macron a lou\u00e9 ce \u00ab\u00a0ma\u00eetre d&rsquo;\u0153uvre de la s\u00e9curisation de tant de sites\u00a0\u00bb et notamment de la c\u00e9r\u00e9monie d&rsquo;ouverture, qui a \u00ab\u00a0\u00e9bloui le monde\u00a0\u00bb, malgr\u00e9 les menaces.<\/p>\n<p>Auparavant, Laurent Nu\u00f1ez, qui s&rsquo;est d\u00e9marqu\u00e9 de son pr\u00e9d\u00e9cesseur Didier Lallement dans sa gestion du maintien de l&rsquo;ordre, a d\u00fb g\u00e9rer la succession de manifestations contre la r\u00e9forme des retraites au printemps 2023, souvent \u00e9maill\u00e9es d&rsquo;incidents.<\/p>\n<p>Face aux accusations de violences et de propos mena\u00e7ants visant des membres de la Brav-M, des policiers d&rsquo;intervention motoris\u00e9s, il avait refus\u00e9 que \u00ab\u00a0le comportement de quelques individus ne (jette) l&rsquo;opprobre sur toute une unit\u00e9\u00a0\u00bb.<\/p>\n<p>Il a \u00e9galement \u00e9t\u00e9 confront\u00e9 aux \u00e9meutes apr\u00e8s la mort de Nahel, un jeune homme de 17 ans tu\u00e9 par le tir d&rsquo;un policier fin juin 2023. <\/p>\n<p>Le pr\u00e9fet de police a aussi \u00e9t\u00e9 confront\u00e9 \u00e0 des pol\u00e9miques sur le dispositif s\u00e9curitaire lors notamment de la visite d&rsquo;Emmanuel Macron au Salon de l&rsquo;agriculture en f\u00e9vrier 2024, qui avait tourn\u00e9 au fiasco, et de la victoire du PSG en finale de la Ligue des champions en mai, suivie d&rsquo;incidents et de d\u00e9gradations.<\/p>\n<p>Plus r\u00e9cemment, le haut fonctionnaire a pu se f\u00e9liciter que les journ\u00e9es d&rsquo;action \u00ab\u00a0Bloquons tout\u00a0\u00bb le 10 septembre et de mobilisation sociale les 18 septembre et 2 octobre se soient d\u00e9roul\u00e9es sans incident notable.<\/p>\n<p>Ancien inspecteur des imp\u00f4ts pass\u00e9 par l&rsquo;ENA, il a int\u00e9gr\u00e9 le minist\u00e8re de l&rsquo;Int\u00e9rieur en 1999. Sous-pr\u00e9fet de Bayonne, il a suivi les affaires basques (2010-2012) apr\u00e8s avoir \u00e9t\u00e9 directeur de cabinet du pr\u00e9fet de Seine-Saint-Denis (2008-2010).<\/p>\n<p>De 2015 \u00e0 2017, il a occup\u00e9 le poste sensible de pr\u00e9fet de police des Bouches-du-Rh\u00f4ne. Avant de piloter bri\u00e8vement (de 2017 \u00e0 2018) la Direction g\u00e9n\u00e9rale de la s\u00e9curit\u00e9 int\u00e9rieure (DGSI), il avait \u00e9t\u00e9 pressenti pour prendre la t\u00eate de la direction g\u00e9n\u00e9rale de la police nationale (DGPN).<\/p>\n<p>En octobre 2018, il franchit le Rubicon entre la haute fonction publique et la politique en devenant secr\u00e9taire d&rsquo;Etat \u00e0 l&rsquo;Int\u00e9rieur aupr\u00e8s du ministre Christophe Castaner.<\/p>\n<p>Dans ce duo, il incarnait \u00ab\u00a0l&rsquo;expert\u00a0\u00bb, \u00ab\u00a0l&rsquo;homme des dossiers\u00a0\u00bb, mais derri\u00e8re le sp\u00e9cialiste des questions de s\u00e9curit\u00e9 pointait un amoureux du \u00ab\u00a0terrain\u00a0\u00bb qui avait pris go\u00fbt \u00e0 la politique.<\/p>\n<p>Apr\u00e8s son d\u00e9part de Beauvau, Laurent Nu\u00f1ez a rebondi \u00e0 l&rsquo;Elys\u00e9e aupr\u00e8s du chef de l&rsquo;Etat pour coordonner la \u00ab\u00a0task force\u00a0\u00bb contre le terrorisme. <\/p>\n<p>C&rsquo;est Emmanuel Macron qui l&rsquo;a choisi pour la pr\u00e9fecture de police en juillet 2022, m\u00eame si la nomination est faite sur proposition du ministre de l&rsquo;Int\u00e9rieur, faisant de lui l&rsquo;homme le mieux renseign\u00e9 de la capitale.<\/p>\n","protected":false},"excerpt":{"rendered":"Parmi les grands d\u00e9fis qui attendent le nouveau locataire de la place Beauvau figurent la lutte contre le&hellip;\n","protected":false},"author":2,"featured_media":458447,"comment_status":"","ping_status":"","sticky":false,"template":"","format":"standard","meta":{"footnotes":""},"categories":[2814],"tags":[17,1111,11,1777,674,1011,27,329,58362,3955,884,12,3870,52758,626,1072,14583,882,25],"class_list":{"0":"post-458446","1":"post","2":"type-post","3":"status-publish","4":"format-standard","5":"has-post-thumbnail","7":"category-marseille","8":"tag-17","9":"tag-actu","10":"tag-actualites","11":"tag-eu","12":"tag-europe","13":"tag-fr","14":"tag-france","15":"tag-france-monde","16":"tag-linterieur","17":"tag-laurent","18":"tag-marseille","19":"tag-news","20":"tag-nomme","21":"tag-nunez","22":"tag-paris","23":"tag-police","24":"tag-prefet","25":"tag-provence-alpes-cote-dazur","26":"tag-republique-francaise"},"share_on_mastodon":{"url":"https:\/\/pubeurope.com\/@fr\/115363609599303489","error":""},"_links":{"self":[{"href":"https:\/\/www.europesays.com\/fr\/wp-json\/wp\/v2\/posts\/458446","targetHints":{"allow":["GET"]}}],"collection":[{"href":"https:\/\/www.europesays.com\/fr\/wp-json\/wp\/v2\/posts"}],"about":[{"href":"https:\/\/www.europesays.com\/fr\/wp-json\/wp\/v2\/types\/post"}],"author":[{"embeddable":true,"href":"https:\/\/www.europesays.com\/fr\/wp-json\/wp\/v2\/users\/2"}],"replies":[{"embeddable":true,"href":"https:\/\/www.europesays.com\/fr\/wp-json\/wp\/v2\/comments?post=458446"}],"version-history":[{"count":0,"href":"https:\/\/www.europesays.com\/fr\/wp-json\/wp\/v2\/posts\/458446\/revisions"}],"wp:featuredmedia":[{"embeddable":true,"href":"https:\/\/www.europesays.com\/fr\/wp-json\/wp\/v2\/media\/458447"}],"wp:attachment":[{"href":"https:\/\/www.europesays.com\/fr\/wp-json\/wp\/v2\/media?parent=458446"}],"wp:term":[{"taxonomy":"category","embeddable":true,"href":"https:\/\/www.europesays.com\/fr\/wp-json\/wp\/v2\/categories?post=458446"},{"taxonomy":"post_tag","embeddable":true,"href":"https:\/\/www.europesays.com\/fr\/wp-json\/wp\/v2\/tags?post=458446"}],"curies":[{"name":"wp","href":"https:\/\/api.w.org\/{rel}","templated":true}]}}