{"id":458452,"date":"2025-10-12T22:44:16","date_gmt":"2025-10-12T22:44:16","guid":{"rendered":"https:\/\/www.europesays.com\/fr\/458452\/"},"modified":"2025-10-12T22:44:16","modified_gmt":"2025-10-12T22:44:16","slug":"le-suspect-dun-incendie-volontaire-aurait-pres-de-160-antecedents-judiciaires-a-son-actif-2","status":"publish","type":"post","link":"https:\/\/www.europesays.com\/fr\/458452\/","title":{"rendered":"Le suspect d\u2019un incendie volontaire aurait pr\u00e8s de 160 ant\u00e9c\u00e9dents judiciaires \u00e0 son actif"},"content":{"rendered":"<p>En quelques minutes, <a href=\"https:\/\/www.20minutes.fr\/dossier\/incendie\" class=\"c-link c-link--is-underlined\" rel=\"nofollow noopener\" target=\"_blank\">le feu a ravag\u00e9 la terrasse<\/a> du restaurant CasaBea, en plein c\u0153ur de Lyon. Malgr\u00e9 l\u2019intervention rapide d\u2019un des propri\u00e9taires, puis des pompiers, trente tables, soixantes chaises et un store sont partis en fum\u00e9e. Montant des d\u00e9g\u00e2ts\u00a0: entre 30.000 et 40.000 euros. Mais dans cette affaire, relay\u00e9e par le <a href=\"https:\/\/www.leprogres.fr\/faits-divers-justice\/2025\/10\/11\/terrasse-d-un-restaurant-brulee-a-lyon-2-sup-e-sup-pas-moins-de-160-antecedents-judiciaires-pour-l-incendiaire-presume\" rel=\"nofollow noopener\" target=\"_blank\" class=\"c-link c-link--is-underlined\">Progr\u00e8s<\/a>, ce ne sont pas tant les faits eux-m\u00eames, qui se sont d\u00e9roul\u00e9s dans la nuit de mercredi \u00e0 jeudi, que le profil du principal suspect de cet <a href=\"https:\/\/www.20minutes.fr\/dossier\/incendie_criminel\" class=\"c-link c-link--is-underlined\" rel=\"nofollow noopener\" target=\"_blank\">incendie volontaire<\/a> qui interpelle.<\/p>\n<p>Selon le quotidien r\u00e9gional, cet homme SDF, \u00e2g\u00e9 de 56 ans, aurait \u00e0 son actif pr\u00e8s de 160 ant\u00e9c\u00e9dants judiciaires pour des infractions de toute nature. Il \u00e9tait d\u2019ailleurs en possession d\u2019un couteau de cuisine et d\u2019un cutter alors qu\u2019il en a l\u2019interdiction. Plac\u00e9 en <a href=\"https:\/\/www.20minutes.fr\/dossier\/garde_a_vue\" class=\"c-link c-link--is-underlined\" rel=\"nofollow noopener\" target=\"_blank\">garde \u00e0 vue<\/a>, il a reconnu les faits, tout en assurant ne pas se souvenir des \u00e9v\u00e9nements, en raison d\u2019une forte consommation d\u2019alcool, de coca\u00efne et de m\u00e9dicaments. Il \u00e9tait, par ailleurs, identifiable sur les images de vid\u00e9oprotection.<\/p>\n<p>Il devait \u00eatre pr\u00e9sent\u00e9 samedi au parquet de Lyon en vue d\u2019une comparution \u00e0 d\u00e9lai diff\u00e9r\u00e9, apr\u00e8s avoir vu un expert en psychiatre.<\/p>\n","protected":false},"excerpt":{"rendered":"En quelques minutes, le feu a ravag\u00e9 la terrasse du restaurant CasaBea, en plein c\u0153ur de Lyon. Malgr\u00e9&hellip;\n","protected":false},"author":2,"featured_media":458453,"comment_status":"","ping_status":"","sticky":false,"template":"","format":"standard","meta":{"footnotes":""},"categories":[1889],"tags":[1111,47,11,2430,1777,674,118,3561,1011,27,23559,2428,12,25,2429,2431,3910],"class_list":{"0":"post-458452","1":"post","2":"type-post","3":"status-publish","4":"format-standard","5":"has-post-thumbnail","7":"category-lyon","8":"tag-actu","9":"tag-actualite","10":"tag-actualites","11":"tag-auvergne-rhone-alpes","12":"tag-eu","13":"tag-europe","14":"tag-faits-divers","15":"tag-faits-divers-lyon","16":"tag-fr","17":"tag-france","18":"tag-incendie-criminel","19":"tag-lyon","20":"tag-news","21":"tag-republique-francaise","22":"tag-rhone","23":"tag-rhone-alpes","24":"tag-sdf"},"share_on_mastodon":{"url":"https:\/\/pubeurope.com\/@fr\/115363621969151988","error":""},"_links":{"self":[{"href":"https:\/\/www.europesays.com\/fr\/wp-json\/wp\/v2\/posts\/458452","targetHints":{"allow":["GET"]}}],"collection":[{"href":"https:\/\/www.europesays.com\/fr\/wp-json\/wp\/v2\/posts"}],"about":[{"href":"https:\/\/www.europesays.com\/fr\/wp-json\/wp\/v2\/types\/post"}],"author":[{"embeddable":true,"href":"https:\/\/www.europesays.com\/fr\/wp-json\/wp\/v2\/users\/2"}],"replies":[{"embeddable":true,"href":"https:\/\/www.europesays.com\/fr\/wp-json\/wp\/v2\/comments?post=458452"}],"version-history":[{"count":0,"href":"https:\/\/www.europesays.com\/fr\/wp-json\/wp\/v2\/posts\/458452\/revisions"}],"wp:featuredmedia":[{"embeddable":true,"href":"https:\/\/www.europesays.com\/fr\/wp-json\/wp\/v2\/media\/458453"}],"wp:attachment":[{"href":"https:\/\/www.europesays.com\/fr\/wp-json\/wp\/v2\/media?parent=458452"}],"wp:term":[{"taxonomy":"category","embeddable":true,"href":"https:\/\/www.europesays.com\/fr\/wp-json\/wp\/v2\/categories?post=458452"},{"taxonomy":"post_tag","embeddable":true,"href":"https:\/\/www.europesays.com\/fr\/wp-json\/wp\/v2\/tags?post=458452"}],"curies":[{"name":"wp","href":"https:\/\/api.w.org\/{rel}","templated":true}]}}