{"id":458456,"date":"2025-10-12T22:46:16","date_gmt":"2025-10-12T22:46:16","guid":{"rendered":"https:\/\/www.europesays.com\/fr\/458456\/"},"modified":"2025-10-12T22:46:16","modified_gmt":"2025-10-12T22:46:16","slug":"si-vous-habitez-en-ile-de-france-vous-recevrez-peut-etre-une-alerte-de-securite-cette-semaine-2","status":"publish","type":"post","link":"https:\/\/www.europesays.com\/fr\/458456\/","title":{"rendered":"Si vous habitez en \u00cele-de-France, vous recevrez peut-\u00eatre une alerte de s\u00e9curit\u00e9 cette semaine"},"content":{"rendered":"<p class=\"mb-4 text-lg md:leading-8 break-words\"><strong>alerte &#8211; Il ne s\u2019agit que d\u2019un test du dispositif FR-Alert, r\u00e9alis\u00e9 dans le cadre de l\u2019exercice crue inondation Hydros 25 qui simulera une crue importante de la Seine en \u00cele-de-France cette semaine<\/strong><\/p>\n<p class=\"mb-4 text-lg md:leading-8 break-words\">Franciliens, votre t\u00e9l\u00e9phone sonnera peut-\u00eatre cette semaine. Mais pas de panique\u00a0: il ne s\u2019agit que d\u2019un exercice pour tester le dispositif FR-Alert, qui envoie une <a href=\"https:\/\/www.20minutes.fr\/dossier\/notifications?at_medium=RSS%20feed&amp;at_campaign=ynews&amp;utm_source=yahoo&amp;utm_medium=rss&amp;utm_campaign=news_feed&amp;utm_content=in_article_link\" rel=\"nofollow noopener\" target=\"_blank\" data-ylk=\"slk:notification;elm:context_link;itc:0;sec:content-canvas\" class=\"link \">notification<\/a> au bruit tr\u00e8s d\u00e9sagr\u00e9able accompagn\u00e9e d\u2019un message afin \u00ab\u00a0d\u2019alerter l\u2019ensemble des personnes se situant dans un secteur d\u00e9termin\u00e9 et diffuser les consignes comportementales adapt\u00e9es\u00a0\u00bb, indique la pr\u00e9fecture de Police <a href=\"https:\/\/www.prefecturedepolice.interieur.gouv.fr\/sites\/default\/files\/Documents\/a_r_cp_pp_10102025_test_dispositif_fr_alert_hydros_2025.pdf?at_medium=RSS%20feed&amp;at_campaign=ynews&amp;utm_source=yahoo&amp;utm_medium=rss&amp;utm_campaign=news_feed&amp;utm_content=in_article_link\" rel=\"nofollow noopener\" target=\"_blank\" data-ylk=\"slk:dans un communiqu\u00e9;elm:context_link;itc:0;sec:content-canvas\" class=\"link \">dans un communiqu\u00e9<\/a>.<\/p>\n<p class=\"mb-4 text-lg md:leading-8 break-words\">Ce test est r\u00e9alis\u00e9 dans le cadre de l\u2019exercice <a href=\"https:\/\/www.20minutes.fr\/dossier\/crue?at_medium=RSS%20feed&amp;at_campaign=ynews&amp;utm_source=yahoo&amp;utm_medium=rss&amp;utm_campaign=news_feed&amp;utm_content=in_article_link\" rel=\"nofollow noopener\" target=\"_blank\" data-ylk=\"slk:crue inondation;elm:context_link;itc:0;sec:content-canvas\" class=\"link \">crue inondation<\/a> Hydros 25. Il \u00ab\u00a0simulera une crue importante de la <a href=\"https:\/\/www.20minutes.fr\/dossier\/seine?at_medium=RSS%20feed&amp;at_campaign=ynews&amp;utm_source=yahoo&amp;utm_medium=rss&amp;utm_campaign=news_feed&amp;utm_content=in_article_link\" rel=\"nofollow noopener\" target=\"_blank\" data-ylk=\"slk:Seine;elm:context_link;itc:0;sec:content-canvas\" class=\"link \">Seine<\/a> en <a href=\"https:\/\/www.20minutes.fr\/dossier\/ile-de-france?at_medium=RSS%20feed&amp;at_campaign=ynews&amp;utm_source=yahoo&amp;utm_medium=rss&amp;utm_campaign=news_feed&amp;utm_content=in_article_link\" rel=\"nofollow noopener\" target=\"_blank\" data-ylk=\"slk:\u00cele-de-France;elm:context_link;itc:0;sec:content-canvas\" class=\"link \">\u00cele-de-France<\/a>\u00a0\u00bb du 13 au 17\u00a0octobre, indique la pr\u00e9fecture. La mention \u00ab\u00a0exercice\u00a0\u00bb sera pr\u00e9cis\u00e9e d\u00e8s le d\u00e9but du message, qui pr\u00e9cisera que \u00ab\u00a0cette notification ne n\u00e9cessite pas d\u2019action de votre part\u00a0\u00bb.<\/p>\n<p>Cinq d\u00e9partements cibl\u00e9s<\/p>\n<p class=\"mb-4 text-lg md:leading-8 break-words\">Cinq d\u00e9partements sont concern\u00e9s par le test\u00a0: la <a href=\"https:\/\/www.20minutes.fr\/societe\/seine-et-marne\/?at_medium=RSS%20feed&amp;at_campaign=ynews&amp;utm_source=yahoo&amp;utm_medium=rss&amp;utm_campaign=news_feed&amp;utm_content=in_article_link\" rel=\"nofollow noopener\" target=\"_blank\" data-ylk=\"slk:Seine-et-Marne;elm:context_link;itc:0;sec:content-canvas\" class=\"link \">Seine-et-Marne<\/a>, l\u2019<a href=\"https:\/\/www.20minutes.fr\/societe\/essonne\/?at_medium=RSS%20feed&amp;at_campaign=ynews&amp;utm_source=yahoo&amp;utm_medium=rss&amp;utm_campaign=news_feed&amp;utm_content=in_article_link\" rel=\"nofollow noopener\" target=\"_blank\" data-ylk=\"slk:Essonne;elm:context_link;itc:0;sec:content-canvas\" class=\"link \">Essonne<\/a>, la <a href=\"https:\/\/www.20minutes.fr\/societe\/seine-saint-denis\/?at_medium=RSS%20feed&amp;at_campaign=ynews&amp;utm_source=yahoo&amp;utm_medium=rss&amp;utm_campaign=news_feed&amp;utm_content=in_article_link\" rel=\"nofollow noopener\" target=\"_blank\" data-ylk=\"slk:Seine-Saint-Denis;elm:context_link;itc:0;sec:content-canvas\" class=\"link \">Seine-Saint-Denis<\/a>, le <a href=\"https:\/\/www.20minutes.fr\/societe\/val-de-marne\/?at_medium=RSS%20feed&amp;at_campaign=ynews&amp;utm_source=yahoo&amp;utm_medium=rss&amp;utm_campaign=news_feed&amp;utm_content=in_article_link\" rel=\"nofollow noopener\" target=\"_blank\" data-ylk=\"slk:Val-de-Marne;elm:context_link;itc:0;sec:content-canvas\" class=\"link \">Val-de-Marne<\/a> et <a href=\"https:\/\/www.20minutes.fr\/paris\/?at_medium=RSS%20feed&amp;at_campaign=ynews&amp;utm_source=yahoo&amp;utm_medium=rss&amp;utm_campaign=news_feed&amp;utm_content=in_article_link\" rel=\"nofollow noopener\" target=\"_blank\" data-ylk=\"slk:Paris;elm:context_link;itc:0;sec:content-canvas\" class=\"link \">Paris<\/a>. Seules certaines zones ou communes, dont la liste est disponible dans le communiqu\u00e9 de la pr\u00e9fecture de Police, seront couvertes par le dispositif, qui ne sera pas d\u00e9clench\u00e9 partout le m\u00eame jour ni \u00e0 la m\u00eame heure.<\/p>\n<p class=\"mb-4 text-lg md:leading-8 break-words\">Aucune installation pr\u00e9alable n\u2019est n\u00e9cessaire pour recevoir le signal sonore, pr\u00e9cise la pr\u00e9fecture, qui indique que les personnes recevant l\u2019alerte pourront \u00ab\u00a0r\u00e9pondre au questionnaire dont le lien figurera dans le message, destin\u00e9 \u00e0 recueillir votre retour d\u2019exp\u00e9rience pour l\u2019am\u00e9lioration du dispositif\u00a0\u00bb.<\/p>\n<p class=\"mb-4 text-lg md:leading-8 break-words\"><a href=\"https:\/\/www.20minutes.fr\/paris\/4178757-20251012-crue-si-habitez-ile-france-recevrez-peut-etre-alerte-securite-semaine?at_medium=RSS%20feed&amp;at_campaign=ynews&amp;utm_source=yahoo&amp;utm_medium=rss&amp;utm_campaign=news_feed&amp;utm_content=read_more_link&quot;\" rel=\"nofollow noopener\" target=\"_blank\" data-ylk=\"slk:Lire la suite sur 20minutes;elm:context_link;itc:0;sec:content-canvas\" class=\"link \">Lire la suite sur 20minutes<\/a><\/p>\n<p>\u00c0 lire aussi :<br \/><a href=\"https:\/\/www.20minutes.fr\/sante\/4175003-20250924-chikungunya-quoi-sms-alerte-recu-matin-habitants-antibes?at_medium=RSS%20feed&amp;at_campaign=ynews&amp;utm_source=yahoo&amp;utm_medium=rss&amp;utm_campaign=news_feed&amp;utm_content=related_content_link\" rel=\"nofollow noopener\" target=\"_blank\" data-ylk=\"slk:Chikungunya\u00a0: C\u2019est quoi ce SMS d\u2019alerte re\u00e7u mercredi matin par les habitants d\u2019Antibes\u00a0?;elm:context_link;itc:0;sec:content-canvas\" class=\"link \">Chikungunya\u00a0: C\u2019est quoi ce SMS d\u2019alerte re\u00e7u mercredi matin par les habitants d\u2019Antibes\u00a0?<\/a><br \/><a href=\"https:\/\/www.20minutes.fr\/planete\/4178729-20251012-inondation-paris-va-confronter-habitants-crue-seine-plus-7-metres?at_medium=RSS%20feed&amp;at_campaign=ynews&amp;utm_source=yahoo&amp;utm_medium=rss&amp;utm_campaign=news_feed&amp;utm_content=related_content_link\" rel=\"nofollow noopener\" target=\"_blank\" data-ylk=\"slk:Inondation\u00a0: Paris va confronter ses habitants \u00e0 une crue de la Seine de plus de 7 m\u00e8tres;elm:context_link;itc:0;sec:content-canvas\" class=\"link \">Inondation\u00a0: Paris va confronter ses habitants \u00e0 une crue de la Seine de plus de 7 m\u00e8tres<\/a><\/p>\n","protected":false},"excerpt":{"rendered":"alerte &#8211; Il ne s\u2019agit que d\u2019un test du dispositif FR-Alert, r\u00e9alis\u00e9 dans le cadre de l\u2019exercice crue&hellip;\n","protected":false},"author":2,"featured_media":458457,"comment_status":"","ping_status":"","sticky":false,"template":"","format":"standard","meta":{"footnotes":""},"categories":[1592],"tags":[1111,11,58364,1777,674,1011,58365,27,662,5353,12,626,4524,25],"class_list":{"0":"post-458456","1":"post","2":"type-post","3":"status-publish","4":"format-standard","5":"has-post-thumbnail","7":"category-ile-de-france","8":"tag-actu","9":"tag-actualites","10":"tag-crue-de-la-seine","11":"tag-eu","12":"tag-europe","13":"tag-fr","14":"tag-fr-alert","15":"tag-france","16":"tag-ile-de-france","17":"tag-la-seine","18":"tag-news","19":"tag-paris","20":"tag-prefecture-de-police","21":"tag-republique-francaise"},"share_on_mastodon":{"url":"https:\/\/pubeurope.com\/@fr\/115363630088603251","error":""},"_links":{"self":[{"href":"https:\/\/www.europesays.com\/fr\/wp-json\/wp\/v2\/posts\/458456","targetHints":{"allow":["GET"]}}],"collection":[{"href":"https:\/\/www.europesays.com\/fr\/wp-json\/wp\/v2\/posts"}],"about":[{"href":"https:\/\/www.europesays.com\/fr\/wp-json\/wp\/v2\/types\/post"}],"author":[{"embeddable":true,"href":"https:\/\/www.europesays.com\/fr\/wp-json\/wp\/v2\/users\/2"}],"replies":[{"embeddable":true,"href":"https:\/\/www.europesays.com\/fr\/wp-json\/wp\/v2\/comments?post=458456"}],"version-history":[{"count":0,"href":"https:\/\/www.europesays.com\/fr\/wp-json\/wp\/v2\/posts\/458456\/revisions"}],"wp:featuredmedia":[{"embeddable":true,"href":"https:\/\/www.europesays.com\/fr\/wp-json\/wp\/v2\/media\/458457"}],"wp:attachment":[{"href":"https:\/\/www.europesays.com\/fr\/wp-json\/wp\/v2\/media?parent=458456"}],"wp:term":[{"taxonomy":"category","embeddable":true,"href":"https:\/\/www.europesays.com\/fr\/wp-json\/wp\/v2\/categories?post=458456"},{"taxonomy":"post_tag","embeddable":true,"href":"https:\/\/www.europesays.com\/fr\/wp-json\/wp\/v2\/tags?post=458456"}],"curies":[{"name":"wp","href":"https:\/\/api.w.org\/{rel}","templated":true}]}}