{"id":458492,"date":"2025-10-12T23:07:10","date_gmt":"2025-10-12T23:07:10","guid":{"rendered":"https:\/\/www.europesays.com\/fr\/458492\/"},"modified":"2025-10-12T23:07:10","modified_gmt":"2025-10-12T23:07:10","slug":"sous-la-douche-je-me-suis-effrondre","status":"publish","type":"post","link":"https:\/\/www.europesays.com\/fr\/458492\/","title":{"rendered":"\u00ab Sous la douche, je me suis effrondr\u00e9 \u00bb"},"content":{"rendered":"<p><strong>Invit\u00e9 \u00e0 raconter son plus gros<br \/>\ncrash dans le cadre de Legend, l\u2019\u00e9mission Youtube pr\u00e9sent\u00e9e par<br \/>\nGuillaume Pley, Esteban Ocon a \u00e9voqu\u00e9 le Grand Prix de Miami 2022,<br \/>\nqui a eu des cons\u00e9quences sur sa sant\u00e9.<\/strong><\/p>\n<p>Contrairement au rugby ou au football am\u00e9ricain, le sujet des<br \/>\ncommotions c\u00e9r\u00e9brales est rarement abord\u00e9 dans le monde de la<br \/>\nFormule 1, mais Esteban Ocon a livr\u00e9 un t\u00e9moignage int\u00e9ressant dans<br \/>\nle cadre de Legend, l\u2019\u00e9mission Youtube pr\u00e9sent\u00e9e par Guillaume<br \/>\nPley. Le pilote Haas \u00e9tait invit\u00e9 \u00e0 \u00e9voquer le plus gros crash de<br \/>\nsa carri\u00e8re, et il a parl\u00e9 de celui du Grand Prix de Miami 2022,<br \/>\nlorsqu\u2019il portait les couleurs d\u2019Alpine.<\/p>\n<p>\u00ab J\u2019ai eu de gros crashs. Touchons du bois, ils n\u2019ont jamais \u00e9t\u00e9<br \/>\ntrop violents, m\u00eame si certains ont d\u00e9pass\u00e9 les 40 g et ont failli<br \/>\nme mettre KO. Parfois, ma vue se brouillait, ou j\u2019avais mal \u00e0 la<br \/>\nt\u00eate pendant trois ou quatre jours\u2026 Une fois, j\u2019ai pris 42G \u2013 pour<br \/>\nceux qui veulent voir ce crash, ce n\u2019est pas si impressionnant,<br \/>\nmais j\u2019ai percut\u00e9 un mur de b\u00e9ton. C\u2019\u00e9tait \u00e0 Miami, lors de la<br \/>\ntroisi\u00e8me s\u00e9ance d\u2019essais libres, en 2022. Je suis sorti, j\u2019ai<br \/>\npercut\u00e9 le mur. Je me suis touch\u00e9 les deux genoux et j\u2019ai eu du mal<br \/>\n\u00e0 marcher apr\u00e8s, a racont\u00e9 le Fran\u00e7ais, qui a mis plus d\u2019une minute<br \/>\net demie \u00e0 s\u2019extirper de sa voiture. Rappelons que 42G \u00e9quivalent \u00e0<br \/>\n42 fois le poids du pilote. Le choc a donc \u00e9t\u00e9 tr\u00e8s violent.<\/p>\n<p>Ocon : \u00ab\u00a0J\u2019urinais rouge<br \/>\naussi, c\u2019\u00e9tait moyen\u00a0\u00bb<\/p>\n<p>Et il ne s\u2019en est pas sorti indemne. \u00ab\u00a0Je me souviens, le<br \/>\nlendemain matin, j\u2019\u00e9tais sous la douche et je me suis effondr\u00e9, se<br \/>\nsouvient Ocon. J\u2019ai perdu l\u2019\u00e9quilibre et je suis tomb\u00e9. Je n\u2019\u00e9tais<br \/>\npas bien du tout. J\u2019avais mal partout, c\u2019\u00e9tait vraiment pas<br \/>\nterrible ! Je l\u2019ai d\u00e9j\u00e0 dit il y a pas longtemps, mais j\u2019urinais<br \/>\nrouge aussi, c\u2019\u00e9tait moyen.\u00a0\u00bb Le pilote Alpine avait toutefois<br \/>\n\u00e9t\u00e9 d\u00e9clar\u00e9 apte \u00e0 prendre part au Grand Prix, et parti dernier sur<br \/>\nla grille, Esteban Ocon avait r\u00e9ussi \u00e0 terminer huiti\u00e8me du Grand<br \/>\nPrix et prendre quatre points.<\/p>\n","protected":false},"excerpt":{"rendered":"Invit\u00e9 \u00e0 raconter son plus gros crash dans le cadre de Legend, l\u2019\u00e9mission Youtube pr\u00e9sent\u00e9e par Guillaume Pley,&hellip;\n","protected":false},"author":2,"featured_media":458493,"comment_status":"","ping_status":"","sticky":false,"template":"","format":"standard","meta":{"footnotes":""},"categories":[1412],"tags":[2674,1451,1452,1453,1454,1455,1011,27,4443,14056,58367,57681,60],"class_list":{"0":"post-458492","1":"post","2":"type-post","3":"status-publish","4":"format-standard","5":"has-post-thumbnail","7":"category-f1","8":"tag-alpine","9":"tag-f1","10":"tag-formula-1","11":"tag-formula1","12":"tag-formule-1","13":"tag-formule1","14":"tag-fr","15":"tag-france","16":"tag-haas","17":"tag-miami","18":"tag-ocon","19":"tag-sport365-fr","20":"tag-sports"},"share_on_mastodon":{"url":"https:\/\/pubeurope.com\/@fr\/115363711837174897","error":""},"_links":{"self":[{"href":"https:\/\/www.europesays.com\/fr\/wp-json\/wp\/v2\/posts\/458492","targetHints":{"allow":["GET"]}}],"collection":[{"href":"https:\/\/www.europesays.com\/fr\/wp-json\/wp\/v2\/posts"}],"about":[{"href":"https:\/\/www.europesays.com\/fr\/wp-json\/wp\/v2\/types\/post"}],"author":[{"embeddable":true,"href":"https:\/\/www.europesays.com\/fr\/wp-json\/wp\/v2\/users\/2"}],"replies":[{"embeddable":true,"href":"https:\/\/www.europesays.com\/fr\/wp-json\/wp\/v2\/comments?post=458492"}],"version-history":[{"count":0,"href":"https:\/\/www.europesays.com\/fr\/wp-json\/wp\/v2\/posts\/458492\/revisions"}],"wp:featuredmedia":[{"embeddable":true,"href":"https:\/\/www.europesays.com\/fr\/wp-json\/wp\/v2\/media\/458493"}],"wp:attachment":[{"href":"https:\/\/www.europesays.com\/fr\/wp-json\/wp\/v2\/media?parent=458492"}],"wp:term":[{"taxonomy":"category","embeddable":true,"href":"https:\/\/www.europesays.com\/fr\/wp-json\/wp\/v2\/categories?post=458492"},{"taxonomy":"post_tag","embeddable":true,"href":"https:\/\/www.europesays.com\/fr\/wp-json\/wp\/v2\/tags?post=458492"}],"curies":[{"name":"wp","href":"https:\/\/api.w.org\/{rel}","templated":true}]}}