{"id":458500,"date":"2025-10-12T23:11:12","date_gmt":"2025-10-12T23:11:12","guid":{"rendered":"https:\/\/www.europesays.com\/fr\/458500\/"},"modified":"2025-10-12T23:11:12","modified_gmt":"2025-10-12T23:11:12","slug":"les-murs-blancs-ce-nest-plus-possible-voici-les-couleurs-chics-et-tendances-pour-lesquelles-opter-selon-une-decoratrice-dinterieur","status":"publish","type":"post","link":"https:\/\/www.europesays.com\/fr\/458500\/","title":{"rendered":"\u00ab\u00a0Les murs blancs ce n\u2019est plus possible\u00a0\u00bb : voici les couleurs chics et tendances pour lesquelles opter selon une d\u00e9coratrice d\u2019int\u00e9rieur"},"content":{"rendered":"<p>En mati\u00e8re de <a href=\"https:\/\/www.grazia.fr\/lifestyle\/deco\/ca-fait-cheap-le-pire-coussin-que-vous-puissiez-mettre-sur-votre-canape-selon-une-decoratrice-dinterieur-1113449.html\" rel=\"nofollow noopener\" target=\"_blank\">d\u00e9coration d\u2019int\u00e9rieur<\/a>, le blanc est souvent per\u00e7u comme une couleur intemporelle et lumineuse. Beaucoup pr\u00e9f\u00e8rent donc laisser leurs murs immacul\u00e9s, pensant que cela va cr\u00e9er un r\u00e9sultat \u00e9pur\u00e9 et ind\u00e9modable. Cependant, selon plusieurs d\u00e9corateurs, c\u00a0\u00bbest une erreur qui peut malheureusement cr\u00e9er tout l\u2019inverse et donner \u00e0 votre int\u00e9rieur un aspect inachev\u00e9. <\/p>\n<p>C&rsquo;est en tout cas ce qu&rsquo;affirme <strong>Dounia, alias @secret_deco<\/strong> sur Tiktok. Dans une de ses derni\u00e8res vid\u00e9os intitul\u00e9e \u00ab\u00a0Ne fais surtout plus \u00e7a avec ta peinture\u00a0\u00bb, elle d\u00e9plore, \u00ab\u00a0cette pratique\u00a0\u00bb pourtant tr\u00e8s courante et explique pourquoi laisser ses <a href=\"https:\/\/www.grazia.fr\/lifestyle\/deco\/cette-couleur-de-peinture-quon-pense-intemporelle-rend-votre-interieur-glauque-selon-une-decoratrice-dinterieur-1110724.html\" rel=\"nofollow noopener\" target=\"_blank\">murs blancs<\/a> est une \u00ab\u00a0catastrophe\u00a0\u00bb sur le plan d\u00e9co.<\/p>\n<p> Quelles sont les couleurs de peinture les plus tendances ? <\/p>\n<p>Selon Dounia, laisser les murs blancs a tendance \u00e0 rendre une pi\u00e8ce froide et impersonnelle. \u00ab\u00a0On a l\u2019impression que les travaux se sont arr\u00eat\u00e9s subitement\u00a0\u00bb, explique-t-elle, d\u00e9plorant le manque de caract\u00e8re et de chaleur du blanc en d\u00e9co. Un int\u00e9rieur avec des murs blancs, loin d&rsquo;\u00eatre intemporel, peut donc au contraire sembler n\u00e9glig\u00e9 et peu accueillant si l\u2019on en croit l\u2019experte. <strong>L\u2019absence de nuances<\/strong> sur les murs prive la pi\u00e8ce de profondeur et d&rsquo;ambiance, la rendant peu aboutie. <\/p>\n<p>Pour pallier cette erreur, Dounia propose une solution simple : opter pour des <a href=\"https:\/\/www.grazia.fr\/lifestyle\/deco\/exit-le-canape-gris-voici-les-couleurs-et-modeles-les-plus-tendances-pour-les-prochaines-saisons-1113042.html\" rel=\"nofollow noopener\" target=\"_blank\">nuances neutres<\/a>, qu&rsquo;elle consid\u00e8re comme les \u00ab\u00a0vrais intemporels\u00a0\u00bb. Des couleurs comme le beige, le lin ou le taupe peuvent transformer un espace en lui apportant un aspect plus abouti et chic. Ces teintes modernes et \u00e9l\u00e9gantes offrent non seulement de la chaleur, mais elles donnent aussi \u00e0 votre int\u00e9rieur un c\u00f4t\u00e9 haut de gamme.\u00a0<\/p>\n<p> Ne n\u00e9gligez pas le plafond ! <\/p>\n<p>Ces couleurs neutres vont aussi contribuer \u00e0 instaurer une atmosph\u00e8re plus conviviale et raffin\u00e9e, tout en restant suffisamment versatiles pour s\u2019adapter \u00e0 tous les styles. Un autre aspect souvent n\u00e9glig\u00e9 dans la d\u00e9coration est le plafond. Dounia souligne qu\u2019il est tout aussi important que les murs et conseille vivement de ne plus le laisser <strong>blanc.<\/strong> \u00ab\u00a0C\u2019est l\u00e0 que tout se joue\u00a0\u00bb, dit-elle, expliquant que ce choix cr\u00e9e un contraste disgracieux qui n&rsquo;apporte aucune valeur \u00e0 la d\u00e9coration.<\/p>\n<blockquote class=\"tiktok-embed\" cite=\"https:\/\/www.tiktok.com\/@secret_deco\/video\/7422740002318175520\" data-video-id=\"7422740002318175520\" style=\"max-width: 605px;min-width: 325px;\">\n<p>\t            <a target=\"_blank\" href=\"https:\/\/www.tiktok.com\/@secret_deco\/video\/7422740002318175520\" rel=\"nofollow noopener\"><br \/>\n\t                <img decoding=\"async\" src=\"https:\/\/www.tiktok.com\/img\/logo.png\" alt=\"TikTok Logo\"\/><br \/>\n\t            <\/a><\/p>\n<\/blockquote>\n<p>Pour un int\u00e9rieur plus harmonieux, elle encourage \u00e0 suivre <strong>la tendance du total look<\/strong>, o\u00f9 les murs et le plafond sont peints de la m\u00eame couleur. Autrement, un plafond plus clair ou plus fonc\u00e9 que les murs peut \u00e9galement ajouter du relief \u00e0 la pi\u00e8ce. Voil\u00e0 des conseils \u00e0 retenir et \u00e0 appliquer.<\/p>\n<p>                <script async src=\"\/\/www.tiktok.com\/embed.js\"><\/script><\/p>\n","protected":false},"excerpt":{"rendered":"En mati\u00e8re de d\u00e9coration d\u2019int\u00e9rieur, le blanc est souvent per\u00e7u comme une couleur intemporelle et lumineuse. Beaucoup pr\u00e9f\u00e8rent&hellip;\n","protected":false},"author":2,"featured_media":458501,"comment_status":"","ping_status":"","sticky":false,"template":"","format":"standard","meta":{"footnotes":""},"categories":[1358],"tags":[1348,1384,1385,1386,58,59,1011,27,6055],"class_list":{"0":"post-458500","1":"post","2":"type-post","3":"status-publish","4":"format-standard","5":"has-post-thumbnail","7":"category-arts-et-design","8":"tag-arts","9":"tag-arts-and-design","10":"tag-arts-et-design","11":"tag-design","12":"tag-divertissement","13":"tag-entertainment","14":"tag-fr","15":"tag-france","16":"tag-republishing"},"share_on_mastodon":{"url":"https:\/\/pubeurope.com\/@fr\/115363728014389803","error":""},"_links":{"self":[{"href":"https:\/\/www.europesays.com\/fr\/wp-json\/wp\/v2\/posts\/458500","targetHints":{"allow":["GET"]}}],"collection":[{"href":"https:\/\/www.europesays.com\/fr\/wp-json\/wp\/v2\/posts"}],"about":[{"href":"https:\/\/www.europesays.com\/fr\/wp-json\/wp\/v2\/types\/post"}],"author":[{"embeddable":true,"href":"https:\/\/www.europesays.com\/fr\/wp-json\/wp\/v2\/users\/2"}],"replies":[{"embeddable":true,"href":"https:\/\/www.europesays.com\/fr\/wp-json\/wp\/v2\/comments?post=458500"}],"version-history":[{"count":0,"href":"https:\/\/www.europesays.com\/fr\/wp-json\/wp\/v2\/posts\/458500\/revisions"}],"wp:featuredmedia":[{"embeddable":true,"href":"https:\/\/www.europesays.com\/fr\/wp-json\/wp\/v2\/media\/458501"}],"wp:attachment":[{"href":"https:\/\/www.europesays.com\/fr\/wp-json\/wp\/v2\/media?parent=458500"}],"wp:term":[{"taxonomy":"category","embeddable":true,"href":"https:\/\/www.europesays.com\/fr\/wp-json\/wp\/v2\/categories?post=458500"},{"taxonomy":"post_tag","embeddable":true,"href":"https:\/\/www.europesays.com\/fr\/wp-json\/wp\/v2\/tags?post=458500"}],"curies":[{"name":"wp","href":"https:\/\/api.w.org\/{rel}","templated":true}]}}