{"id":458508,"date":"2025-10-12T23:15:17","date_gmt":"2025-10-12T23:15:17","guid":{"rendered":"https:\/\/www.europesays.com\/fr\/458508\/"},"modified":"2025-10-12T23:15:17","modified_gmt":"2025-10-12T23:15:17","slug":"nycc-2025-les-autres-annonces-litterature-actualites-litterature-star-wars-universe","status":"publish","type":"post","link":"https:\/\/www.europesays.com\/fr\/458508\/","title":{"rendered":"[NYCC 2025] Les autres annonces Litt\u00e9rature ! \u2022 Actualit\u00e9s Litt\u00e9rature \u2022 Star Wars Universe"},"content":{"rendered":"<p>Bonjour \u00e0 tous,<\/p>\n<p>Apr\u00e8s le morceau de choix qu&rsquo;a \u00e9t\u00e9<a href=\"https:\/\/www.starwars-universe.com\/actu-21464-nycc-2025-annonce-de-legacy.html\" target=\"_blank\" rel=\"noopener\"> l&rsquo;annonce du roman <b>Legacy<\/b> de Madeleine Roux<\/a>, la New York Comic Con a \u00e9galement \u00e9t\u00e9 le th\u00e9\u00e2tre de plusieurs autres annonces ! Les voici :<\/p>\n<p>\u00a0<\/p>\n<p style=\"text-align: center;\"><b>STAR WARS : EYES LIKE STARS (a Star Wars romance novel)<\/b><\/p>\n<p><img loading=\"lazy\" decoding=\"async\" style=\"display: block; margin-left: auto; margin-right: auto;\" src=\"https:\/\/www.europesays.com\/fr\/wp-content\/uploads\/2025\/10\/Eyes_like_stars.jpeg\" alt=\"\" width=\"400\" height=\"608\"\/><\/p>\n<p style=\"text-align: center;\">\u00a0<\/p>\n<p>Pr\u00e9sent\u00e9 comme le premier roman d&rsquo;amour de la licence et destin\u00e9 initialement \u00e0 un public de jeunes adultes, ce roman \u00e9crit par Ashely Poston se d\u00e9roulera un an et demi avant les \u00e9v\u00e9nements du <b>R\u00e9veil de la Force<\/b> et impliquera donc un couple, un myst\u00e9rieux artefact et bien s\u00fbr la pr\u00e9sence du Premier Ordre ! Sortie pr\u00e9vue \u00e0 l&rsquo;\u00e9t\u00e9 2026.\u00a0<\/p>\n<p>\u00a0<\/p>\n<p style=\"text-align: center;\">&#8212;&#8212;&#8212;&#8212;&#8212;&#8212;&#8212;&#8212;&#8212;&#8212;&#8212;&#8212;&#8212;&#8212;&#8212;&#8212;&#8212;&#8212;&#8212;&#8212;&#8212;&#8212;&#8212;&#8212;&#8212;&#8212;&#8212;&#8212;&#8212;&#8212;&#8212;-<\/p>\n<p>\u00a0<\/p>\n<p style=\"text-align: center;\"><b><a href=\"https:\/\/www.starwars-universe.com\/livre-2970-star-wars-visions.html\" class=\"qtip_motcle\" tt_type=\"livre\" tt_id=\"2970\" tabindex=\"0\" target=\"_blank\" rel=\"noopener\">STAR WARS : VISIONS<\/a> : TSUKUMO<\/b><\/p>\n<p><img loading=\"lazy\" decoding=\"async\" style=\"display: block; margin-left: auto; margin-right: auto;\" src=\"https:\/\/www.europesays.com\/fr\/wp-content\/uploads\/2025\/10\/Visions_Tsukumo.jpeg\" alt=\"\" width=\"400\" height=\"608\"\/><\/p>\n<p style=\"text-align: center;\">\u00a0<\/p>\n<p>La licence continue d&rsquo;explorer le concept de la s\u00e9rie anim\u00e9e <b><a href=\"https:\/\/www.starwars-universe.com\/tv-serie-17-visions.html\" class=\"qtip_motcle\" tt_type=\"tv-serie\" tt_id=\"17\" tabindex=\"0\" target=\"_blank\" rel=\"noopener\">Visions<\/a><\/b> avec ce nouveau manga par Eiichi Shimizu et Tomohiro Shimoguchi, les deux mangakas aux commandes du titre Ultraman (20 tomes disponibles \u00e0 ce jour chez Kurokawa en version fran\u00e7aise). Le concept ? Un Chevalier Jedi souhaite aider deux dro\u00efdes \u00e0 rejoindre un myst\u00e9rieux \u00ab\u00a0paradis des dro\u00efdes\u00a0\u00bb, tout en \u00e9tant pourchass\u00e9 par l&rsquo;Empire ! Sortie pr\u00e9vue le 14 juillet 2026.\u00a0<\/p>\n<p>\u00a0<\/p>\n<p style=\"text-align: center;\">&#8212;&#8212;&#8212;&#8212;&#8212;&#8212;&#8212;&#8212;&#8212;&#8212;&#8212;&#8212;&#8212;&#8212;&#8212;&#8212;&#8212;&#8212;&#8212;&#8212;&#8212;&#8212;&#8212;&#8212;&#8212;&#8212;&#8212;&#8212;&#8212;&#8212;&#8212;-<\/p>\n<p>\u00a0<\/p>\n<p style=\"text-align: center;\"><b>THE HIGH REPUBLIC ADVENTURES &#8211; PATHFINDERS<\/b><\/p>\n<p><img loading=\"lazy\" decoding=\"async\" style=\"display: block; margin-left: auto; margin-right: auto;\" src=\"https:\/\/www.europesays.com\/fr\/wp-content\/uploads\/2025\/10\/Pathfinders01.jpeg\" alt=\"\" width=\"729\" height=\"550\"\/><\/p>\n<p style=\"text-align: center;\">\u00a0<\/p>\n<p style=\"text-align: justify;\">Vous pensiez que la Haute R\u00e9publique \u00e9tait termin\u00e9e ? Si la grande saga est termin\u00e9e, l&rsquo;\u00e9poque est encore loin d&rsquo;\u00eatre abandonn\u00e9e : <a href=\"https:\/\/www.starwars-universe.com\/auteur-1558-george-mann.html\" class=\"qtip_motcle\" tt_type=\"auteur\" tt_id=\"1558\" tabindex=\"0\" target=\"_blank\" rel=\"noopener\">George Mann<\/a> au sc\u00e9nario ainsi que Partha Pratim et Jagdish Kumar aux dessins lancent une nouvelle mini-s\u00e9rie \u00e0 venir chez Dark Horse Comics, <b>Pathfinders<\/b>, qui va donc mettre en sc\u00e8ne une toute nouvelle \u00e9quipe d&rsquo;explorateurs envoy\u00e9e dans un recoin de la galaxie enqu\u00eater sur la mort pour le moins \u00e9trange d&rsquo;un Ma\u00eetre Jedi. Cette nouvelle mini-s\u00e9rie se d\u00e9roulera 20 ans apr\u00e8s les \u00e9v\u00e9nements de la Phase 2 de la saga, soit approximativement 350 ans avant la Bataille de Yavin.\u00a0<\/p>\n<p style=\"text-align: justify;\">\u00a0<\/p>\n<p style=\"text-align: center;\">&#8212;&#8212;&#8212;&#8212;&#8212;&#8212;&#8212;&#8212;&#8212;&#8212;&#8212;&#8212;&#8212;&#8212;&#8212;&#8212;&#8212;&#8212;&#8212;&#8212;&#8212;&#8212;&#8212;&#8212;&#8212;&#8212;&#8212;&#8212;&#8212;&#8212;&#8212;-<\/p>\n<p>\u00a0<\/p>\n<p style=\"text-align: center;\"><b>JAR-JAR BINKS #01<\/b><\/p>\n<p><img loading=\"lazy\" decoding=\"async\" style=\"display: block; margin-left: auto; margin-right: auto;\" src=\"https:\/\/www.europesays.com\/fr\/wp-content\/uploads\/2025\/10\/Jar-Jar01.jpeg\" alt=\"\" width=\"401\" height=\"609\"\/><\/p>\n<p style=\"text-align: center;\">\u00a0<\/p>\n<p style=\"text-align: justify;\">Marvel Comics n&rsquo;a pas d\u00e9voil\u00e9 d&rsquo;\u00e9normes annonces, se contentant de previews pour les sorties r\u00e9guli\u00e8res \u00e0 venir&#8230; mais avait tout de m\u00eame gard\u00e9 un petit os \u00e0 ronger pour les fans. Et curieux morceau : l&rsquo;\u00e9diteur a en effet annonc\u00e9 la sortie au mois de f\u00e9vrier prochain d&rsquo;un one-shot consacr\u00e9 \u00e0 nul autre que Jar-Jar Binks, \u00e9crit par <a href=\"https:\/\/www.starwars-universe.com\/auteur-1483-marc-guggenheim.html\" class=\"qtip_motcle\" tt_type=\"auteur\" tt_id=\"1483\" tabindex=\"0\" target=\"_blank\" rel=\"noopener\">Marc Guggenheim<\/a>, mais \u00e9galement Ahmed Best, l&rsquo;interpr\u00e8te du personnage dans les films ! Le num\u00e9ro verra ainsi Jar-Jar faire \u00e9quipe avec le Ma\u00eetre Jedi Kelleran Beq, plut\u00f4t mis en avant en ce moment chez l&rsquo;\u00e9diteur, la blague \u00e9tant qu&rsquo;Ahmed Best a incarn\u00e9 les deux personnages.\u00a0<\/p>\n<p style=\"text-align: justify;\">\u00a0<\/p>\n<p style=\"text-align: center;\">&#8212;&#8212;&#8212;&#8212;&#8212;&#8212;&#8212;&#8212;&#8212;&#8212;&#8212;&#8212;&#8212;&#8212;&#8212;&#8212;&#8212;&#8212;&#8212;&#8212;&#8212;&#8212;&#8212;&#8212;&#8212;&#8212;&#8212;&#8212;&#8212;&#8212;&#8212;-<\/p>\n<p style=\"text-align: justify;\">\u00a0<\/p>\n<p style=\"text-align: justify;\">Alors, quelle est l&rsquo;annonce qui vous suscite le plus d&rsquo;enthousiasme ? Parlons-en sur le forum !<\/p>\n<p style=\"text-align: justify;\">Et \u00e0 bient\u00f4t pour une prochaine ActuaLitt\u00e9 ! \ud83d\ude09<\/p>\n","protected":false},"excerpt":{"rendered":"Bonjour \u00e0 tous, Apr\u00e8s le morceau de choix qu&rsquo;a \u00e9t\u00e9 l&rsquo;annonce du roman Legacy de Madeleine Roux, la&hellip;\n","protected":false},"author":2,"featured_media":453587,"comment_status":"","ping_status":"","sticky":false,"template":"","format":"standard","meta":{"footnotes":""},"categories":[1354],"tags":[58368,1573,1519,1548,11,1557,1505,1501,1571,1545,1525,1497,1488,1523,1543,1524,1510,1511,58,1555,1574,1495,1496,1494,59,1564,1565,1566,1567,1568,1569,1558,1559,1560,1561,1562,1563,1500,1346,1547,1011,27,1538,1492,1487,1549,1544,1526,1532,1553,1520,1552,1508,1577,1576,1499,1503,1529,1351,1493,1537,1531,1535,1533,1530,1541,1540,1534,1502,1517,1551,1512,1360,1522,1550,1507,1504,1515,1518,1509,1556,1575,1572,1539,1528,1004,521,1554,1506,1536,974,1480,1542,1481,1484,1486,1485,1521,1489,1490,1498,1570,1491,1483,1514,1513,1482,1546,1527,1516],"class_list":{"0":"post-458508","1":"post","2":"type-post","3":"status-publish","4":"format-standard","5":"has-post-thumbnail","7":"category-films","8":"tag-nycc-2025-les-autres-annonces-littrature","9":"tag-a-new-hope","10":"tag-ackbar","11":"tag-activision","12":"tag-actualites","13":"tag-alliance","14":"tag-amidala","15":"tag-anakin","16":"tag-attack-of-the-clones","17":"tag-attakus","18":"tag-bespin","19":"tag-chronologie","20":"tag-clone-wars","21":"tag-coruscant","22":"tag-courleciel","23":"tag-dagobah","24":"tag-dark","25":"tag-darth","26":"tag-divertissement","27":"tag-empire","28":"tag-empire-strikes-back","29":"tag-encyclopaedia","30":"tag-encyclopedia","31":"tag-encyclopedie","32":"tag-entertainment","33":"tag-episode-1","34":"tag-episode-2","35":"tag-episode-3","36":"tag-episode-4","37":"tag-episode-5","38":"tag-episode-6","39":"tag-episode-i","40":"tag-episode-ii","41":"tag-episode-iii","42":"tag-episode-iv","43":"tag-episode-v","44":"tag-episode-vi","45":"tag-fate-of-the-jedi","46":"tag-films","47":"tag-fleuve-noir","48":"tag-fr","49":"tag-france","50":"tag-george","51":"tag-guerre-des-clones","52":"tag-guerre-des-etoiles","53":"tag-harisson-ford","54":"tag-hasbro","55":"tag-hoth","56":"tag-ilm","57":"tag-jedi","58":"tag-kamino","59":"tag-kenny-baker","60":"tag-kenobi","61":"tag-l","62":"tag-la-menace-fantome","63":"tag-legacy-of-the-force","64":"tag-leia","65":"tag-lightsaber","66":"tag-litterature","67":"tag-live-serie","68":"tag-lucas","69":"tag-lucasarts","70":"tag-lucasbooks","71":"tag-lucasdigital","72":"tag-lucasfilm","73":"tag-lucasfilm-magazine","74":"tag-lucasmag","75":"tag-lucasonline","76":"tag-luke","77":"tag-mace-windu","78":"tag-mark-hamill","79":"tag-maul","80":"tag-movies","81":"tag-naboo","82":"tag-natalie-portman","83":"tag-obi-wan","84":"tag-padme","85":"tag-palpatine","86":"tag-piett","87":"tag-qui-gon-jinn","88":"tag-rebellion","89":"tag-return-of-the-jedi","90":"tag-revenge-of-the-sith","91":"tag-rick-mc-callum","92":"tag-sabre-laser","93":"tag-senat","94":"tag-serie","95":"tag-sith","96":"tag-skywalker","97":"tag-skywalker-ranch","98":"tag-star","99":"tag-star-wars","100":"tag-star-wars-magazine","101":"tag-starwars","102":"tag-starwars-universe","103":"tag-swoo","104":"tag-swu","105":"tag-tatooine","106":"tag-the-clone-wars","107":"tag-the-force-unleashed","108":"tag-the-old-republic","109":"tag-the-phantom-menace","110":"tag-univers-etendu","111":"tag-universe","112":"tag-vader","113":"tag-vador","114":"tag-wars","115":"tag-wizard","116":"tag-yavin","117":"tag-yoda"},"share_on_mastodon":{"url":"","error":"Validation failed: Text character limit of 500 exceeded"},"_links":{"self":[{"href":"https:\/\/www.europesays.com\/fr\/wp-json\/wp\/v2\/posts\/458508","targetHints":{"allow":["GET"]}}],"collection":[{"href":"https:\/\/www.europesays.com\/fr\/wp-json\/wp\/v2\/posts"}],"about":[{"href":"https:\/\/www.europesays.com\/fr\/wp-json\/wp\/v2\/types\/post"}],"author":[{"embeddable":true,"href":"https:\/\/www.europesays.com\/fr\/wp-json\/wp\/v2\/users\/2"}],"replies":[{"embeddable":true,"href":"https:\/\/www.europesays.com\/fr\/wp-json\/wp\/v2\/comments?post=458508"}],"version-history":[{"count":0,"href":"https:\/\/www.europesays.com\/fr\/wp-json\/wp\/v2\/posts\/458508\/revisions"}],"wp:featuredmedia":[{"embeddable":true,"href":"https:\/\/www.europesays.com\/fr\/wp-json\/wp\/v2\/media\/453587"}],"wp:attachment":[{"href":"https:\/\/www.europesays.com\/fr\/wp-json\/wp\/v2\/media?parent=458508"}],"wp:term":[{"taxonomy":"category","embeddable":true,"href":"https:\/\/www.europesays.com\/fr\/wp-json\/wp\/v2\/categories?post=458508"},{"taxonomy":"post_tag","embeddable":true,"href":"https:\/\/www.europesays.com\/fr\/wp-json\/wp\/v2\/tags?post=458508"}],"curies":[{"name":"wp","href":"https:\/\/api.w.org\/{rel}","templated":true}]}}