{"id":458512,"date":"2025-10-12T23:18:13","date_gmt":"2025-10-12T23:18:13","guid":{"rendered":"https:\/\/www.europesays.com\/fr\/458512\/"},"modified":"2025-10-12T23:18:13","modified_gmt":"2025-10-12T23:18:13","slug":"la-pirouette-de-kev-adams-pour-eviter-de-parler-de-son-ex-iris-mittenaere","status":"publish","type":"post","link":"https:\/\/www.europesays.com\/fr\/458512\/","title":{"rendered":"La pirouette de Kev Adams pour \u00e9viter de parler de son ex, Iris Mittenaere"},"content":{"rendered":"<p>    L\u00e9a Salam\u00e9 et Kev Adams<br \/>\n                Capture d&rsquo;\u00e9cran<\/p>\n<p>\n    <strong>VID\u00c9O &#8211; <\/strong>Une pol\u00e9mique qui se transforme en comique de r\u00e9p\u00e9tition. Une fois encore, ce samedi 12 octobre, la pr\u00e9sentatrice s\u2019est fait taquiner sur la fameuse question pos\u00e9e \u00e0 Marion Cotillard.<\/p>\n<p class=\"fig-paragraph\">Une pol\u00e9mique qui colle \u00e0 la peau. Depuis son\u00a0<a href=\"http:\/\/tvmag.lefigaro.fr\/programme-tv\/people\/et-vous-ca-va-malaise-entre-lea-salame-et-marion-cotillard-apres-une-question-sur-guillaume-canet-20250915\" target=\"_blank\" data-fig-type=\"Article\" rel=\"noopener\" data-gtm-custom-categorie=\"navigation\" data-gtm-custom-action=\"crossclick\" data-gtm-custom-label=\"Contextuel\" data-gtm-event=\"customEventSPE\" data-fig-domain=\"TVMAG\">interview de Marion Cotillard<\/a>\u00a0et sa question, que certains ont jug\u00e9s malvenue, sur sa s\u00e9paration avec Guillaume Canet, L\u00e9a Salam\u00e9 y est constamment ramen\u00e9e dans son talk-show hebdomadaire. D\u2019abord par le sniper de \u00abQuelle \u00e9poque\u00a0!\u00bb,\u00a0<a href=\"http:\/\/tvmag.lefigaro.fr\/programme-tv\/actu-tele\/on-a-vu-le-spectacle-de-paul-de-saint-sernin-sniper-de-lea-salame-dans-quelle-epoque-20251004\" target=\"_blank\" data-fig-type=\"Article\" rel=\"noopener\" data-gtm-custom-categorie=\"navigation\" data-gtm-custom-action=\"crossclick\" data-gtm-custom-label=\"Contextuel\" data-gtm-event=\"customEventSPE\" data-fig-domain=\"TVMAG\">Paul de Saint Sernin<\/a>\u00a0qui lui r\u00e9torque un subtil \u00abEt vous\u00a0?\u00bb au d\u00e9but de l\u2019\u00e9mission qui a suivi la pol\u00e9mique, mais \u00e9galement par Philippe Caverivi\u00e8re.<\/p>\n<p class=\"fig-paragraph\">La nouvelle pr\u00e9sentatrice du JT de 20 heures de\u00a0<a href=\"https:\/\/tvmag.lefigaro.fr\/programme-tv\/chaine\/4\/tous-les-programmes-de-france-2\" target=\"_blank\" rel=\"nofollow noopener\" data-gtm-custom-categorie=\"navigation\" data-gtm-custom-action=\"crossclick\" data-gtm-custom-label=\"Contextuel\" data-gtm-event=\"customEventSPE\">France 2<\/a>\u00a0a d\u2019ailleurs \u00e9t\u00e9 cibl\u00e9e par les internautes lors d\u2019une\u00a0<a href=\"http:\/\/tvmag.lefigaro.fr\/programme-tv\/actu-tele\/la-question-venait-de-lea-salame-isabelle-ithurburu-vivement-critiquee-apres-son-interview-de-dorothee-20251004\" target=\"_blank\" data-fig-type=\"Article\" rel=\"noopener\" data-gtm-custom-categorie=\"navigation\" data-gtm-custom-action=\"crossclick\" data-gtm-custom-label=\"Contextuel\" data-gtm-event=\"customEventSPE\" data-fig-domain=\"TVMAG\">interview de Doroth\u00e9e<\/a>\u00a0men\u00e9e par Isabelle Ithurburu. \u00abLa question venait de L\u00e9a Salam\u00e9\u00a0?\u00bb, a lanc\u00e9 un t\u00e9l\u00e9spectateur alors que la journaliste questionnait la chanteuse sur les raisons pour lesquelles elle n\u2019a jamais eu d\u2019enfant.<\/p>\n<p class=\"fig-body-link\">\n            \u00c0 lire aussi<br \/>\n        <a class=\"fig-body-link__link\" href=\"http:\/\/tvmag.lefigaro.fr\/programme-tv\/actu-tele\/marion-cotillard-ne-vous-en-veut-pas-philippe-caveriviere-se-paye-lea-salame-apres-son-interview-polemique-20250922\" target=\"_blank\" data-fig-type=\"Article\" rel=\"noopener\" data-gtm-custom-categorie=\"navigation\" data-gtm-custom-action=\"crossclick\" data-gtm-custom-label=\"Contextuel\" data-gtm-event=\"customEventSPE\" data-fig-domain=\"TVMAG\">\u00abMarion Cotillard ne vous en veut pas\u00bb\u00a0: Philippe Caverivi\u00e8re se paye L\u00e9a Salam\u00e9 apr\u00e8s son interview pol\u00e9mique<br \/>\n    <\/a>\n<\/p>\n<p>                                    <a class=\"fig-a11y-skip a11y-hidden\" href=\"#fig-a11y-skip-main-inarticle\"><br \/>\n        Passer la publicit\u00e9<br \/>\n    <\/a><\/p>\n<p class=\"fig-paragraph\">Cependant, et malgr\u00e9 toutes les critiques subies, L\u00e9a Salam\u00e9 a d\u00e9cid\u00e9 d\u2019ironiser sur le sujet. Le week-end pr\u00e9c\u00e9dent, elle r\u00e9alisait elle-m\u00eame une plaisanterie \u00e0 ce sujet alors que le com\u00e9dien\u00a0<a href=\"http:\/\/tvmag.lefigaro.fr\/programme-tv\/series\/fabien-frankel-l-itineraire-tenace-du-chevalier-honni-de-house-of-the-dragon-20240810\" target=\"_blank\" data-fig-type=\"Article\" rel=\"noopener\" data-gtm-custom-categorie=\"navigation\" data-gtm-custom-action=\"crossclick\" data-gtm-custom-label=\"Contextuel\" data-gtm-event=\"customEventSPE\" data-fig-domain=\"TVMAG\">Fabien Frankel<\/a>\u00a0donnait des nouvelles de Marion Cotillard. \u00abEt vous\u00a0?\u00bb a-t-elle r\u00e9torqu\u00e9 avant de revenir sur sa question\u00a0: \u00abNon, je d\u00e9conne\u00a0!\u00bb Ce samedi 11 octobre n\u2019a pas coup\u00e9 \u00e0 la d\u00e9sormais (quasi) tradition. Et c\u2019est l\u2019humoriste Kev Adams qui s\u2019en est saisi.<\/p>\n<p class=\"fig-paragraph\">Assise \u00e0 c\u00f4t\u00e9 de lui,<a href=\"https:\/\/www.lefigaro.fr\/tag\/laury-thilleman\" target=\"_blank\" rel=\"nofollow noopener\" data-gtm-custom-categorie=\"navigation\" data-gtm-custom-action=\"crossclick\" data-gtm-custom-label=\"Contextuel\" data-gtm-event=\"customEventSPE\">\u00a0Laury Thilleman<\/a>\u00a0&#8211; invit\u00e9e \u00e0 l\u2019occasion de la diffusion prochaine de son premier \u00abRendez-vous en terre inconnue\u00bb sur France 2 &#8211; devait partager un mot sur une brochette d\u2019anciennes Miss France. Apr\u00e8s avoir fait passer les photos de\u00a0<a href=\"https:\/\/www.lefigaro.fr\/tag\/angelique-angarni-filopon\" target=\"_blank\" rel=\"nofollow noopener\" data-gtm-custom-categorie=\"navigation\" data-gtm-custom-action=\"crossclick\" data-gtm-custom-label=\"Contextuel\" data-gtm-event=\"customEventSPE\">Ang\u00e9lique Angarni-Filopon<\/a>,\u00a0<a href=\"https:\/\/www.lefigaro.fr\/tag\/camille-cerf\" target=\"_blank\" rel=\"nofollow noopener\" data-gtm-custom-categorie=\"navigation\" data-gtm-custom-action=\"crossclick\" data-gtm-custom-label=\"Contextuel\" data-gtm-event=\"customEventSPE\">Camille Cerf<\/a>,\u00a0<a href=\"https:\/\/www.lefigaro.fr\/tag\/marine-lorphelin\" target=\"_blank\" rel=\"nofollow noopener\" data-gtm-custom-categorie=\"navigation\" data-gtm-custom-action=\"crossclick\" data-gtm-custom-label=\"Contextuel\" data-gtm-event=\"customEventSPE\">Marine Lorphelin<\/a>, est venue le tour d\u2019<a href=\"https:\/\/www.lefigaro.fr\/tag\/iris-mittenaere\" target=\"_blank\" rel=\"nofollow noopener\" data-gtm-custom-categorie=\"navigation\" data-gtm-custom-action=\"crossclick\" data-gtm-custom-label=\"Contextuel\" data-gtm-event=\"customEventSPE\">Iris Mittenaere<\/a>. \u00abElle nous fait toucher les \u00e9toiles hein, Miss Univers\u00bb, a lanc\u00e9 Laury Thilleman tout en se tournant vers\u00a0<a href=\"http:\/\/tvmag.lefigaro.fr\/programme-tv\/actu-tele\/je-n-ai-pas-envie-de-le-faire-sous-pression-kev-adams-se-livre-sur-son-desir-de-fonder-une-famille-20250705\" target=\"_blank\" data-fig-type=\"Article\" rel=\"noopener\" data-gtm-custom-categorie=\"navigation\" data-gtm-custom-action=\"crossclick\" data-gtm-custom-label=\"Contextuel\" data-gtm-event=\"customEventSPE\" data-fig-domain=\"TVMAG\">Kev Adams<\/a>. Et de poursuivre avec aplomb\u00a0: \u00abForc\u00e9ment je me tourne vers toi, tu as un mot\u00a0?\u00bb<\/p>\n<p class=\"fig-paragraph\">La journaliste faisait r\u00e9f\u00e9rence \u00e0 l\u2019histoire d\u2019amour v\u00e9cue entre l\u2019humoriste et la reine de beaut\u00e9 durant une ann\u00e9e en 2017 apr\u00e8s son sacre \u00e0 Miss Univers. Apr\u00e8s avoir feint la surprise \u00e0 l\u2019id\u00e9e d\u2019\u00eatre sollicit\u00e9, Kev Adams a r\u00e9torqu\u00e9\u00a0: \u00abNon mais je te laisse faire l\u2019exercice. Attends, \u00e7a y est.\u00bb Et si Laury Thilleman a fini par mettre en avant son couronnement au concours de beaut\u00e9 international, L\u00e9a Salam\u00e9 n\u2019a pas pu s\u2019emp\u00eacher de donner la parole au com\u00e9dien. \u00abEt, comment \u00e7a va vous\u00a0?\u00bb, a-t-il plaisant\u00e9 tout en b\u00e9gayant. Une remarque qui a valu le rire g\u00e9n\u00e9ral du public, mais \u00e9galement de la pr\u00e9sentatrice. \u00abOne point (comprendre un point en anglais NDLR)\u00bb, lui a-t-elle r\u00e9pondu, sans rancune.<\/p>\n","protected":false},"excerpt":{"rendered":"L\u00e9a Salam\u00e9 et Kev Adams Capture d&rsquo;\u00e9cran VID\u00c9O &#8211; Une pol\u00e9mique qui se transforme en comique de r\u00e9p\u00e9tition.&hellip;\n","protected":false},"author":2,"featured_media":458513,"comment_status":"","ping_status":"","sticky":false,"template":"","format":"standard","meta":{"footnotes":""},"categories":[8],"tags":[58,59,1011,27,7308,6787,3806],"class_list":{"0":"post-458512","1":"post","2":"type-post","3":"status-publish","4":"format-standard","5":"has-post-thumbnail","7":"category-divertissement","8":"tag-divertissement","9":"tag-entertainment","10":"tag-fr","11":"tag-france","12":"tag-iris-mittenaere","13":"tag-kev-adams","14":"tag-lea-salame"},"share_on_mastodon":{"url":"https:\/\/pubeurope.com\/@fr\/115363755272697352","error":""},"_links":{"self":[{"href":"https:\/\/www.europesays.com\/fr\/wp-json\/wp\/v2\/posts\/458512","targetHints":{"allow":["GET"]}}],"collection":[{"href":"https:\/\/www.europesays.com\/fr\/wp-json\/wp\/v2\/posts"}],"about":[{"href":"https:\/\/www.europesays.com\/fr\/wp-json\/wp\/v2\/types\/post"}],"author":[{"embeddable":true,"href":"https:\/\/www.europesays.com\/fr\/wp-json\/wp\/v2\/users\/2"}],"replies":[{"embeddable":true,"href":"https:\/\/www.europesays.com\/fr\/wp-json\/wp\/v2\/comments?post=458512"}],"version-history":[{"count":0,"href":"https:\/\/www.europesays.com\/fr\/wp-json\/wp\/v2\/posts\/458512\/revisions"}],"wp:featuredmedia":[{"embeddable":true,"href":"https:\/\/www.europesays.com\/fr\/wp-json\/wp\/v2\/media\/458513"}],"wp:attachment":[{"href":"https:\/\/www.europesays.com\/fr\/wp-json\/wp\/v2\/media?parent=458512"}],"wp:term":[{"taxonomy":"category","embeddable":true,"href":"https:\/\/www.europesays.com\/fr\/wp-json\/wp\/v2\/categories?post=458512"},{"taxonomy":"post_tag","embeddable":true,"href":"https:\/\/www.europesays.com\/fr\/wp-json\/wp\/v2\/tags?post=458512"}],"curies":[{"name":"wp","href":"https:\/\/api.w.org\/{rel}","templated":true}]}}