{"id":458524,"date":"2025-10-12T23:25:20","date_gmt":"2025-10-12T23:25:20","guid":{"rendered":"https:\/\/www.europesays.com\/fr\/458524\/"},"modified":"2025-10-12T23:25:20","modified_gmt":"2025-10-12T23:25:20","slug":"vers-une-belle-surprise-pour-lattaquant-vedette-des-verts","status":"publish","type":"post","link":"https:\/\/www.europesays.com\/fr\/458524\/","title":{"rendered":"Vers une belle surprise pour l&rsquo;attaquant vedette des Verts ?"},"content":{"rendered":"<p>L\u00a0\u00bbattaquant de l&rsquo;AS Saint-\u00c9tienne continue de faire parler de lui en Belgique, o\u00f9 sa non-convocation par <strong>Rudi Garcia<\/strong> pour cette tr\u00eave internationale suscite une vague d&rsquo;incompr\u00e9hension grandissante. <strong>Lucas Stassin<\/strong> se retrouve une nouvelle fois rel\u00e9gu\u00e9 avec les Espoirs belges, une situation qui divise profond\u00e9ment l&rsquo;opinion publique et les observateurs du football belge. Cette pol\u00e9mique prend une dimension particuli\u00e8re apr\u00e8s la performance d\u00e9cevante des <strong>Diables Rouges<\/strong> face \u00e0 la Mac\u00e9doine du Nord, un match qui s&rsquo;est sold\u00e9 par un frustrant 0-0 malgr\u00e9 25 tentatives offensives. Cette inefficacit\u00e9 offensive relance le d\u00e9bat sur les choix tactiques du s\u00e9lectionneur et questionne la pertinence de ses d\u00e9cisions concernant l&rsquo;attaque belge. L&rsquo;absence de <strong>Stassin<\/strong> devient ainsi le symbole d&rsquo;une gestion controvers\u00e9e des ressources offensives nationales, alimentant les critiques sur la strat\u00e9gie mise en place par l&rsquo;encadrement technique.<\/p>\n<p>                                <img decoding=\"async\" src=\"https:\/\/www.europesays.com\/fr\/wp-content\/uploads\/2025\/04\/1744123449_543_logo.png\" alt=\"Logo\"\/><\/p>\n<p>100\u20ac offerts sur ton 1er pari !<\/p>\n<p>                            <a href=\"https:\/\/bit.ly\/4j5wl4k\" class=\"headband-button\" rel=\"nofollow noopener\" target=\"_blank\">J&rsquo;en profite<\/a><\/p>\n<p>                                                                <img loading=\"lazy\" decoding=\"async\" src=\"https:\/\/www.europesays.com\/fr\/wp-content\/uploads\/2025\/10\/asse-vers-une-belle-surprise-pour-l-attaquant-vedette-des-verts.jpg\" alt=\"Illustration : &quot;ASSE : Vers une belle surprise pour l'attaquant vedette des Verts ?&quot;\" class=\"figure-img img-fluid\" width=\"780\" height=\"478\"\/><\/p>\n<p>                                    \u00a9 Site officiel de la RBFA                                <\/p>\n<p>Philippe Albert monte au cr\u00e9neau pour d\u00e9fendre Stassin<\/p>\n<p>L&rsquo;ancien international <strong>Philippe Albert<\/strong> n&rsquo;a pas m\u00e2ch\u00e9 ses mots dans les colonnes de la Derni\u00e8re Heure, exprimant son incompr\u00e9hension face aux choix de <strong>Rudi Garcia<\/strong>. Sa critique porte particuli\u00e8rement sur l&rsquo;utilisation de <strong>Batshuayi<\/strong> et l&rsquo;absence criante d&rsquo;un v\u00e9ritable avant-centre dans le dispositif belge. \u00ab\u00a0\u00c0 quoi \u00e7a sert de s\u00e9lectionner Batshuayi si c&rsquo;est pour ne pas le faire jouer dans un match ferm\u00e9 ? Il fallait la pr\u00e9sence d&rsquo;un vrai neuf en pointe, pas d&rsquo;un faux!\u00a0\u00bb s&rsquo;insurge l&rsquo;ancien d\u00e9fenseur. Cette d\u00e9claration met en lumi\u00e8re les failles tactiques per\u00e7ues dans l&rsquo;approche offensive de l&rsquo;\u00e9quipe nationale. Albert va plus loin en pointant directement l&rsquo;absence de <strong>Stassin<\/strong> et de <strong>Rom\u00e9o Vermant<\/strong>, estimant que ces jeunes talents auraient apport\u00e9 la solution aux probl\u00e8mes rencontr\u00e9s. \u00ab\u00a0D\u00e9sol\u00e9, mais je comprends encore moins l&rsquo;absence de la s\u00e9lection de Vermant et de Stassin. Avec une ligne d&rsquo;attaque sans vrai attaquant, vous ne pouvez pas gagner un match\u00a0\u00bb conclut-il, r\u00e9sumant parfaitement le sentiment d&rsquo;une partie de l&rsquo;opinion belge.<\/p>\n<p>Vermant apporte son soutien \u00e0 son concurrent Stassin<\/p>\n<p>Dans un geste remarquable de fair-play et de solidarit\u00e9, <strong>Rom\u00e9o Vermant<\/strong>, l&rsquo;attaquant de Bruges \u00e9galement \u00e9cart\u00e9 de la s\u00e9lection principale, a exprim\u00e9 son soutien \u00e0 <strong>Lucas Stassin<\/strong> dans les pages de DH Les Sports +. Cette prise de position t\u00e9moigne de la maturit\u00e9 du jeune joueur et de sa capacit\u00e9 \u00e0 reconna\u00eetre les qualit\u00e9s de ses concurrents. \u00ab\u00a0Bien s\u00fbr, j&rsquo;aurai pr\u00e9f\u00e9r\u00e9 \u00eatre avec les Diables Rouges\u00a0\u00bb confie-t-il avec franchise, avant d&rsquo;ajouter : \u00ab\u00a0Je pense que tout le monde le veut. En tant que jeune, tu dois avoir des ambitions, et d\u00e9crocher cette s\u00e9lection en fait partie.\u00a0\u00bb Vermant fait preuve d&rsquo;un r\u00e9alisme touchant en admettant qu&rsquo;il ne s&rsquo;\u00e9tait donn\u00e9 que <strong>5% de chance<\/strong> d&rsquo;\u00eatre convoqu\u00e9, tout en reconnaissant l&rsquo;influence des m\u00e9dias dans l&rsquo;espoir des joueurs. Sa d\u00e9claration la plus significative concerne directement son homologue st\u00e9phanois : \u00ab\u00a0D&rsquo;ailleurs, Lucas Stassin aurait m\u00e9rit\u00e9 d&rsquo;\u00eatre convoqu\u00e9 pour la premi\u00e8re fois, comme moi\u00a0\u00bb, une reconnaissance mutuelle qui contraste avec la comp\u00e9tition acharn\u00e9e qui r\u00e8gne habituellement entre attaquants.<\/p>\n<p>Un d\u00e9bat qui r\u00e9v\u00e8le les enjeux du football belge<\/p>\n<p>Cette pol\u00e9mique autour de <strong>Stassin<\/strong> d\u00e9passe le simple cas individuel pour r\u00e9v\u00e9ler les questionnements plus profonds sur l&rsquo;avenir offensif de la Belgique. La frustration exprim\u00e9e par les observateurs et les joueurs eux-m\u00eames t\u00e9moigne d&rsquo;une attente forte concernant le renouvellement g\u00e9n\u00e9rationnel de l&rsquo;\u00e9quipe nationale. L&rsquo;inefficacit\u00e9 offensive face \u00e0 la <strong>Mac\u00e9doine du Nord<\/strong>, malgr\u00e9 une domination statistique \u00e9vidente avec 25 tirs, illustre parfaitement les limites du syst\u00e8me actuel. Cette situation place <strong>Rudi Garcia<\/strong> face \u00e0 ses responsabilit\u00e9s et l&rsquo;oblige \u00e0 justifier ses choix tactiques et humains. L&rsquo;unanimit\u00e9 qui se dessine autour du cas Stassin, soutenu tant par les anciens internationaux que par ses concurrents directs, constitue une pression suppl\u00e9mentaire sur le s\u00e9lectionneur et pourrait influencer ses futures d\u00e9cisions.<\/p>\n<p style=\"margin: 0px 0px 10.7px; font-style: normal; font-variant-caps: normal; font-width: normal; font-size: 21px; line-height: normal; font-family: Helvetica; font-size-adjust: none; font-kerning: auto; font-variant-alternates: normal; font-variant-ligatures: normal; font-variant-numeric: normal; font-variant-east-asian: normal; font-variant-position: normal; font-variant-emoji: normal; font-feature-settings: normal; font-optical-sizing: auto; font-variation-settings: normal; -webkit-text-stroke-width: 0px; -webkit-text-stroke-color: rgb(0, 0, 0);\">Victorieuse face au MHSC, l\u2019ASSE revient \u00e0 hauteur de Troyes en t\u00eate de Ligue 2 avant la tr\u00eave internationale. \u00c0 cette occasion, profitez de 100\u20ac offerts pour votre premi\u00e8re inscription sur Parions Sport en Ligne. <a href=\"https:\/\/wlfdj.adsrv.eacdn.com\/C.ashx?btag=a_721b_108c_&amp;affid=214&amp;siteid=721&amp;adid=108&amp;c=\" rel=\"nofollow noopener\" target=\"_blank\">Pariez sur l\u2019AS Saint-Etienne qui termine \u00e0 la premi\u00e8re place de Ligue 2 \u00e0 la fin de la saison vous rapporte jusqu\u2019\u00e0 280\u20ac !<\/a><\/p>\n<p style=\"margin: 0px 0px 10.7px; font-style: normal; font-variant-caps: normal; font-width: normal; font-size: 21px; line-height: normal; font-family: Helvetica; font-size-adjust: none; font-kerning: auto; font-variant-alternates: normal; font-variant-ligatures: normal; font-variant-numeric: normal; font-variant-east-asian: normal; font-variant-position: normal; font-variant-emoji: normal; font-feature-settings: normal; font-optical-sizing: auto; font-variation-settings: normal; -webkit-text-stroke-width: 0px; -webkit-text-stroke-color: rgb(0, 0, 0);\">Pour en profiter, c\u2019est tr\u00e8s simple :<\/p>\n<p style=\"margin: 0px 0px 10.7px; font-style: normal; font-variant-caps: normal; font-width: normal; font-size: 21px; line-height: normal; font-family: Helvetica; font-size-adjust: none; font-kerning: auto; font-variant-alternates: normal; font-variant-ligatures: normal; font-variant-numeric: normal; font-variant-east-asian: normal; font-variant-position: normal; font-variant-emoji: normal; font-feature-settings: normal; font-optical-sizing: auto; font-variation-settings: normal; -webkit-text-stroke-width: 0px; -webkit-text-stroke-color: rgb(0, 0, 0);\">&#8211;                Cr\u00e9ez votre compte joueur en seulement 2 \u00e9tapes <a href=\"https:\/\/wlfdj.adsrv.eacdn.com\/C.ashx?btag=a_721b_108c_&amp;affid=214&amp;siteid=721&amp;adid=108&amp;c=\" rel=\"nofollow noopener\" target=\"_blank\">ici<\/a><\/p>\n<p style=\"margin: 0px 0px 10.7px; font-style: normal; font-variant-caps: normal; font-width: normal; font-size: 21px; line-height: normal; font-family: Helvetica; font-size-adjust: none; font-kerning: auto; font-variant-alternates: normal; font-variant-ligatures: normal; font-variant-numeric: normal; font-variant-east-asian: normal; font-variant-position: normal; font-variant-emoji: normal; font-feature-settings: normal; font-optical-sizing: auto; font-variation-settings: normal; -webkit-text-stroke-width: 0px; -webkit-text-stroke-color: rgb(0, 0, 0);\">&#8211;                R\u00e9alisez votre 1er d\u00e9p\u00f4t puis placez votre 1er pari (Minimum 5\u20ac)<\/p>\n<p style=\"margin: 0px 0px 10.7px; font-style: normal; font-variant-caps: normal; font-width: normal; font-size: 21px; line-height: normal; font-family: Helvetica; font-size-adjust: none; font-kerning: auto; font-variant-alternates: normal; font-variant-ligatures: normal; font-variant-numeric: normal; font-variant-east-asian: normal; font-variant-position: normal; font-variant-emoji: normal; font-feature-settings: normal; font-optical-sizing: auto; font-variation-settings: normal; -webkit-text-stroke-width: 0px; -webkit-text-stroke-color: rgb(0, 0, 0);\">&#8211;                Une fois votre 1er d\u00e9p\u00f4t et votre 1er pari r\u00e9alis\u00e9s, l\u2019int\u00e9gralit\u00e9 du montant de ce 1er pari sera cr\u00e9dit\u00e9e sur votre compte joueur dans la limite de 100\u20ac maximum et sous la forme de cr\u00e9dits de jeu non retirables. Le cr\u00e9dit s\u2019effectuera alors en une seule \u00e9tape et sous 3 jours<\/p>\n<p style=\"margin: 0px 0px 10.7px; font-style: normal; font-variant-caps: normal; font-width: normal; font-size: 21px; line-height: normal; font-family: Helvetica; font-size-adjust: none; font-kerning: auto; font-variant-alternates: normal; font-variant-ligatures: normal; font-variant-numeric: normal; font-variant-east-asian: normal; font-variant-position: normal; font-variant-emoji: normal; font-feature-settings: normal; font-optical-sizing: auto; font-variation-settings: normal; -webkit-text-stroke-width: 0px; -webkit-text-stroke-color: rgb(0, 0, 0);\">Jouer comporte des risques : endettement, d\u00e9pendance\u2026 Appelez le 09 74 75 13 13 (appel non surtax\u00e9)<\/p>\n","protected":false},"excerpt":{"rendered":"L\u00a0\u00bbattaquant de l&rsquo;AS Saint-\u00c9tienne continue de faire parler de lui en Belgique, o\u00f9 sa non-convocation par Rudi Garcia&hellip;\n","protected":false},"author":2,"featured_media":458525,"comment_status":"","ping_status":"","sticky":false,"template":"","format":"standard","meta":{"footnotes":""},"categories":[9653],"tags":[1111,11,2430,1777,674,1011,27,12,25,4001],"class_list":{"0":"post-458524","1":"post","2":"type-post","3":"status-publish","4":"format-standard","5":"has-post-thumbnail","7":"category-saint-etienne","8":"tag-actu","9":"tag-actualites","10":"tag-auvergne-rhone-alpes","11":"tag-eu","12":"tag-europe","13":"tag-fr","14":"tag-france","15":"tag-news","16":"tag-republique-francaise","17":"tag-saint-etienne"},"share_on_mastodon":{"url":"https:\/\/pubeurope.com\/@fr\/115363782693409195","error":""},"_links":{"self":[{"href":"https:\/\/www.europesays.com\/fr\/wp-json\/wp\/v2\/posts\/458524","targetHints":{"allow":["GET"]}}],"collection":[{"href":"https:\/\/www.europesays.com\/fr\/wp-json\/wp\/v2\/posts"}],"about":[{"href":"https:\/\/www.europesays.com\/fr\/wp-json\/wp\/v2\/types\/post"}],"author":[{"embeddable":true,"href":"https:\/\/www.europesays.com\/fr\/wp-json\/wp\/v2\/users\/2"}],"replies":[{"embeddable":true,"href":"https:\/\/www.europesays.com\/fr\/wp-json\/wp\/v2\/comments?post=458524"}],"version-history":[{"count":0,"href":"https:\/\/www.europesays.com\/fr\/wp-json\/wp\/v2\/posts\/458524\/revisions"}],"wp:featuredmedia":[{"embeddable":true,"href":"https:\/\/www.europesays.com\/fr\/wp-json\/wp\/v2\/media\/458525"}],"wp:attachment":[{"href":"https:\/\/www.europesays.com\/fr\/wp-json\/wp\/v2\/media?parent=458524"}],"wp:term":[{"taxonomy":"category","embeddable":true,"href":"https:\/\/www.europesays.com\/fr\/wp-json\/wp\/v2\/categories?post=458524"},{"taxonomy":"post_tag","embeddable":true,"href":"https:\/\/www.europesays.com\/fr\/wp-json\/wp\/v2\/tags?post=458524"}],"curies":[{"name":"wp","href":"https:\/\/api.w.org\/{rel}","templated":true}]}}